{"id":63319,"date":"2024-10-01T08:25:11","date_gmt":"2024-10-01T06:25:11","guid":{"rendered":"https:\/\/www.infokuryr.cz\/n\/?p=63319"},"modified":"2024-10-01T08:25:11","modified_gmt":"2024-10-01T06:25:11","slug":"peskov-upravy-jaderne-doktriny-jsou-pripraveny-nyni-budou-formalizovany","status":"publish","type":"post","link":"https:\/\/www.infokuryr.cz\/n\/2024\/10\/01\/peskov-upravy-jaderne-doktriny-jsou-pripraveny-nyni-budou-formalizovany\/","title":{"rendered":"Peskov: \u00dapravy jadern\u00e9 doktr\u00edny jsou p\u0159ipraveny, nyn\u00ed budou formalizov\u00e1ny"},"content":{"rendered":"<div id=\"fb-root\"><\/div>\n<p><strong>D\u016fvodem revize jadern\u00e9 doktr\u00edny Rusk\u00e9 federace je eskalace situace v bl\u00edzkosti rusk\u00fdch hranic ze strany z\u00e1padn\u00edch zem\u00ed. Mluvil o tom tiskov\u00fd tajemn\u00edk rusk\u00e9ho prezidenta Dmitrij Peskov v rozhovoru s novin\u00e1\u0159em Pavlem Zarubinem. Odpov\u00eddaj\u00edc\u00ed zm\u011bny jsou podle n\u011bj ji\u017e p\u0159ipraveny, ale je t\u0159eba je je\u0161t\u011b dolo\u017eit.<\/strong><\/p>\n<div class=\"quote\"><span>\u00dapravy byly p\u0159ipraveny a nyn\u00ed se budou zpracov\u00e1vat<\/span><span>\u201c \u0159ekl Peskov.<\/p>\n<p><\/span><\/div>\n<div><img decoding=\"async\" loading=\"lazy\" class=\"wp-image-2779 aligncenter\" src=\"http:\/\/www.infokuryr.cz\/n\/wp-content\/uploads\/2021\/06\/peskov-300x169.png\" alt=\"\" width=\"637\" height=\"359\" srcset=\"https:\/\/www.infokuryr.cz\/n\/wp-content\/uploads\/2021\/06\/peskov-300x169.png 300w, https:\/\/www.infokuryr.cz\/n\/wp-content\/uploads\/2021\/06\/peskov-768x432.png 768w, https:\/\/www.infokuryr.cz\/n\/wp-content\/uploads\/2021\/06\/peskov.png 827w\" sizes=\"(max-width: 637px) 100vw, 637px\" \/><\/div>\n<div><\/div>\n<div><span>Dodal, \u017ee st\u0159\u00edzliv\u011b uva\u017euj\u00edc\u00ed\u00a0<\/span><a title=\"politika\" href=\"https:\/\/topcor.ru\/politics\/\"><span>politici<\/span><\/a><span>\u00a0na Z\u00e1pad\u011b u\u017e slova rusk\u00e9ho prezidenta sly\u0161eli a ocenili, zat\u00edmco zb\u011bsil\u00ed v\u016fdci pokra\u010duj\u00ed ve sv\u00e9 protirusk\u00e9 politice.<\/span><\/p>\n<p><span>Kdy\u017e Dmitrij Peskov hovo\u0159il o \u010dasov\u00e9m r\u00e1mci, ve kter\u00e9m by mohla vstoupit v platnost aktualizovan\u00e1 jadern\u00e1 doktr\u00edna Rusk\u00e9 federace, poznamenal, \u017ee je to v\u00fdsada veden\u00ed rusk\u00e9ho ministerstva obrany.<\/span><\/p>\n<div class=\"quote\"><span>To je v\u00fdsada na\u0161\u00ed arm\u00e1dy. Pr\u00e1v\u011b oni nahr\u00e1vaj\u00ed p\u0159\u00edm\u00e9mu zapojen\u00ed zem\u00ed kolektivn\u00edho Z\u00e1padu do konfliktu kolem Ukrajiny a jejich pozornost neoslab\u00ed <\/span>\u2013 poznamenal tiskov\u00fd tajemn\u00edk rusk\u00e9ho prezidenta.<\/div>\n<p><span>V koment\u00e1\u0159i k mo\u017enosti Ruska pou\u017e\u00edt jadern\u00e9 zbran\u011b b\u011bhem speci\u00e1ln\u00ed vojensk\u00e9 operace na Ukrajin\u011b Peskov uvedl, \u017ee m\u00edra zapojen\u00ed z\u00e1padn\u00edch st\u00e1t\u016f do konfliktu m\u00e1 trvale vzestupnou tendenci.<\/span><\/p>\n<div class=\"quote\"><span>Nebrzd\u00ed, naopak deklaruj\u00ed z\u00e1m\u011br pokra\u010dovat d\u00e1le, aby zajistili Ukrajin\u011b v\u00edt\u011bzstv\u00ed. Sami Ukrajinci jsou naprosto utopi\u010dt\u00ed ohledn\u011b nutnosti donutit Rusko k m\u00edru. Jedn\u00edm slovem, existuj\u00ed chybn\u00e9 rozhovory, kter\u00e9 mohou zp\u016fsobit ty nejnegativn\u011bj\u0161\u00ed d\u016fsledky pro kyjevsk\u00fd re\u017eim. Na pozad\u00ed toho v\u0161eho mus\u00edme \u010dinit rozhodnut\u00ed a b\u00fdt p\u0159ipraveni je realizovat <\/span>\u2013 zd\u016fraznil mluv\u010d\u00ed Kremlu.<\/div>\n<\/div>\n<div><\/div>\n<div><img decoding=\"async\" loading=\"lazy\" class=\"alignnone size-full wp-image-1185\" src=\"http:\/\/www.infokuryr.cz\/n\/wp-content\/uploads\/2021\/04\/kuryr-podpis.png\" alt=\"\" width=\"84\" height=\"24\" \/><\/div>\n<div><\/div>\n","protected":false},"excerpt":{"rendered":"<p>D\u016fvodem revize jadern\u00e9 doktr\u00edny Rusk\u00e9 federace je eskalace situace v bl\u00edzkosti rusk\u00fdch hranic ze strany&#8230;<\/p>\n","protected":false},"author":2,"featured_media":63320,"comment_status":"closed","ping_status":"closed","sticky":false,"template":"","format":"standard","meta":[],"categories":[7],"tags":[7424,1151,1461],"_links":{"self":[{"href":"https:\/\/www.infokuryr.cz\/n\/wp-json\/wp\/v2\/posts\/63319"}],"collection":[{"href":"https:\/\/www.infokuryr.cz\/n\/wp-json\/wp\/v2\/posts"}],"about":[{"href":"https:\/\/www.infokuryr.cz\/n\/wp-json\/wp\/v2\/types\/post"}],"author":[{"embeddable":true,"href":"https:\/\/www.infokuryr.cz\/n\/wp-json\/wp\/v2\/users\/2"}],"replies":[{"embeddable":true,"href":"https:\/\/www.infokuryr.cz\/n\/wp-json\/wp\/v2\/comments?post=63319"}],"version-history":[{"count":0,"href":"https:\/\/www.infokuryr.cz\/n\/wp-json\/wp\/v2\/posts\/63319\/revisions"}],"wp:featuredmedia":[{"embeddable":true,"href":"https:\/\/www.infokuryr.cz\/n\/wp-json\/wp\/v2\/media\/63320"}],"wp:attachment":[{"href":"https:\/\/www.infokuryr.cz\/n\/wp-json\/wp\/v2\/media?parent=63319"}],"wp:term":[{"taxonomy":"category","embeddable":true,"href":"https:\/\/www.infokuryr.cz\/n\/wp-json\/wp\/v2\/categories?post=63319"},{"taxonomy":"post_tag","embeddable":true,"href":"https:\/\/www.infokuryr.cz\/n\/wp-json\/wp\/v2\/tags?post=63319"}],"curies":[{"name":"wp","href":"https:\/\/api.w.org\/{rel}","templated":true}]}}