{"id":63315,"date":"2024-10-01T08:16:57","date_gmt":"2024-10-01T06:16:57","guid":{"rendered":"https:\/\/www.infokuryr.cz\/n\/?p=63315"},"modified":"2024-10-01T08:16:57","modified_gmt":"2024-10-01T06:16:57","slug":"prvni-naklad-pres-severni-namorni-cestu-dorazil-do-beloruska","status":"publish","type":"post","link":"https:\/\/www.infokuryr.cz\/n\/2024\/10\/01\/prvni-naklad-pres-severni-namorni-cestu-dorazil-do-beloruska\/","title":{"rendered":"Prvn\u00ed n\u00e1klad p\u0159es Severn\u00ed n\u00e1mo\u0159n\u00ed cestu dorazil do B\u011bloruska"},"content":{"rendered":"<div id=\"fb-root\"><\/div>\n<p class=\"lead\"><strong>Prvn\u00ed n\u00e1klad po Severn\u00edm n\u00e1mo\u0159n\u00edm dopravn\u00edm koridoru dorazil do B\u011bloruska. Informovalo o tom b\u011blorusk\u00e9 dopravn\u00ed a logistick\u00e9 centrum Mogilev-Beltamozhservice.<\/strong><\/p>\n<p><img decoding=\"async\" loading=\"lazy\" class=\"alignnone  wp-image-38427 aligncenter\" src=\"http:\/\/www.infokuryr.cz\/n\/wp-content\/uploads\/2023\/10\/severni-trasa-300x152.jpg\" alt=\"\" width=\"531\" height=\"269\" srcset=\"https:\/\/www.infokuryr.cz\/n\/wp-content\/uploads\/2023\/10\/severni-trasa-300x152.jpg 300w, https:\/\/www.infokuryr.cz\/n\/wp-content\/uploads\/2023\/10\/severni-trasa-1024x521.jpg 1024w, https:\/\/www.infokuryr.cz\/n\/wp-content\/uploads\/2023\/10\/severni-trasa-768x390.jpg 768w, https:\/\/www.infokuryr.cz\/n\/wp-content\/uploads\/2023\/10\/severni-trasa.jpg 1082w\" sizes=\"(max-width: 531px) 100vw, 531px\" \/><\/p>\n<p><span>Je t\u0159eba poznamenat, \u017ee zbo\u017e\u00ed ur\u010den\u00e9 pro b\u011blorusk\u00e9 podniky bylo odesl\u00e1no z p\u0159\u00edstavu \u0160anghaj v srpnu 2024. N\u00e1mo\u0159n\u00ed kontejnerov\u00e1 lo\u010f proplula \u010cukotsk\u00fdm mo\u0159em a dorazila do Petrohradu, pot\u00e9 byl n\u00e1klad dopraven po silnici do Mogileva. Cel\u00e1 cesta trvala 35 dn\u00ed. Dodac\u00ed lh\u016fta zbo\u017e\u00ed z \u010c\u00edny do B\u011bloruska a zp\u011bt se tak oproti tradi\u010dn\u00ed ji\u017en\u00ed trase <strong>zkr\u00e1tila t\u00e9m\u011b\u0159 o 40 %.<\/strong><\/span><\/p>\n<p><span>P\u0159ipome\u0148me, \u017ee d\u0159\u00edve exportovan\u00e9 zbo\u017e\u00ed z B\u011bloruska bylo zas\u00edl\u00e1no p\u0159es p\u0159\u00edstavy pobaltsk\u00fdch republik a Ukrajiny. Po zaveden\u00ed sankc\u00ed v\u0161ak Minsk za\u010dal hledat alternativu v podob\u011b rusk\u00fdch mo\u0159sk\u00fdch p\u0159\u00edstav\u016f. Zejm\u00e9na B\u011blorusko se za\u010dalo zaj\u00edmat o p\u0159\u00edstavy v Murmansku a Leningradsk\u00e9 oblasti.<\/span><\/p>\n<p><img decoding=\"async\" loading=\"lazy\" class=\"alignnone size-full wp-image-1185\" src=\"http:\/\/www.infokuryr.cz\/n\/wp-content\/uploads\/2021\/04\/kuryr-podpis.png\" alt=\"\" width=\"84\" height=\"24\" \/><\/p>\n<p>&nbsp;<\/p>\n","protected":false},"excerpt":{"rendered":"<p>Prvn\u00ed n\u00e1klad po Severn\u00edm n\u00e1mo\u0159n\u00edm dopravn\u00edm koridoru dorazil do B\u011bloruska. Informovalo o tom b\u011blorusk\u00e9 dopravn\u00ed&#8230;<\/p>\n","protected":false},"author":2,"featured_media":63316,"comment_status":"closed","ping_status":"closed","sticky":false,"template":"","format":"standard","meta":[],"categories":[7],"tags":[150,30,8004,6116],"_links":{"self":[{"href":"https:\/\/www.infokuryr.cz\/n\/wp-json\/wp\/v2\/posts\/63315"}],"collection":[{"href":"https:\/\/www.infokuryr.cz\/n\/wp-json\/wp\/v2\/posts"}],"about":[{"href":"https:\/\/www.infokuryr.cz\/n\/wp-json\/wp\/v2\/types\/post"}],"author":[{"embeddable":true,"href":"https:\/\/www.infokuryr.cz\/n\/wp-json\/wp\/v2\/users\/2"}],"replies":[{"embeddable":true,"href":"https:\/\/www.infokuryr.cz\/n\/wp-json\/wp\/v2\/comments?post=63315"}],"version-history":[{"count":0,"href":"https:\/\/www.infokuryr.cz\/n\/wp-json\/wp\/v2\/posts\/63315\/revisions"}],"wp:featuredmedia":[{"embeddable":true,"href":"https:\/\/www.infokuryr.cz\/n\/wp-json\/wp\/v2\/media\/63316"}],"wp:attachment":[{"href":"https:\/\/www.infokuryr.cz\/n\/wp-json\/wp\/v2\/media?parent=63315"}],"wp:term":[{"taxonomy":"category","embeddable":true,"href":"https:\/\/www.infokuryr.cz\/n\/wp-json\/wp\/v2\/categories?post=63315"},{"taxonomy":"post_tag","embeddable":true,"href":"https:\/\/www.infokuryr.cz\/n\/wp-json\/wp\/v2\/tags?post=63315"}],"curies":[{"name":"wp","href":"https:\/\/api.w.org\/{rel}","templated":true}]}}