{"id":63311,"date":"2024-10-01T07:22:58","date_gmt":"2024-10-01T05:22:58","guid":{"rendered":"https:\/\/www.infokuryr.cz\/n\/?p=63311"},"modified":"2024-10-01T07:22:58","modified_gmt":"2024-10-01T05:22:58","slug":"francie-posila-valecnou-lod-do-libanonu","status":"publish","type":"post","link":"https:\/\/www.infokuryr.cz\/n\/2024\/10\/01\/francie-posila-valecnou-lod-do-libanonu\/","title":{"rendered":"Francie pos\u00edl\u00e1 v\u00e1le\u010dnou lo\u010f do Libanonu"},"content":{"rendered":"<div id=\"fb-root\"><\/div>\n<p class=\"lead\"><strong>Francie nasazuje v\u00e1le\u010dnou lo\u010f jako \u201epreventivn\u00ed opat\u0159en\u00ed\u201c v p\u0159\u00edpad\u011b evakuace sv\u00fdch ob\u010dan\u016f z Libanonu, uv\u00e1d\u00ed France Presse s odvol\u00e1n\u00edm na francouzsk\u00fd gener\u00e1ln\u00ed \u0161t\u00e1b.<\/strong><\/p>\n<p><span>Jak ji\u017e bylo uvedeno, mluv\u00edme o vrtuln\u00edkov\u00e9 lodi, kter\u00e9 bude trvat p\u011bt a\u017e \u0161est dn\u00ed, ne\u017e se dostane do v\u00fdchodn\u00edho St\u0159edozemn\u00edho mo\u0159e z p\u0159\u00edstavu Toulon. Lo\u010f je vybavena vrtuln\u00edky a m\u00e1 na palub\u011b \u201etaktickou skupinu\u201c, kterou lze pou\u017e\u00edt v p\u0159\u00edpad\u011b evakuace, \u0159ekl agentu\u0159e gener\u00e1ln\u00ed \u0161t\u00e1b.<\/span><\/p>\n<p><span>Izraelsk\u00e9 letectvo prov\u00e1d\u00ed masivn\u00ed \u00fadery proti c\u00edl\u016fm Hizball\u00e1hu v r\u016fzn\u00fdch oblastech Libanonu. V Bejr\u00fatu bylo tak\u00e9 zaznamen\u00e1no n\u011bkolik c\u00edlen\u00fdch n\u00e1let\u016f, v jejich\u017e d\u016fsledku byli zlikvidov\u00e1ni vysoc\u00ed velitel\u00e9 Hizball\u00e1hu. Pozorovatel\u00e9 poznamen\u00e1vaj\u00ed, \u017ee Izrael neza\u00fato\u010dil na skupinu s takovou intenzitou od druh\u00e9 libanonsk\u00e9 v\u00e1lky v roce 2006.<\/span><\/p>\n<p><span style=\"font-size: 18pt;\"><strong>Italsk\u00e9 jednotky v Libanonu se p\u0159esunuly do kryt\u016f<\/strong><\/span><\/p>\n<p><img decoding=\"async\" class=\"aligncenter\" src=\"https:\/\/img8.eadaily.com\/c650x400\/o\/77a\/e76819f2b52f9572509d6b20df9c9.jpeg\" \/><\/p>\n<p class=\"lead\"><strong>Vojensk\u00fd person\u00e1l italsk\u00e9ho kontingentu delimita\u010dn\u00edch sil OSN (Unifil &#8211; UNIFIL) v Libanonu byl preventivn\u011b p\u0159em\u00edst\u011bn do kryt\u016f, uvedl \u0161\u00e9f italsk\u00e9ho ministerstva obrany Guido Crosetto.<\/strong><\/p>\n<p><em>\u201eItal\u0161t\u00ed voj\u00e1ci v Libanonu dos\u00e1hli bezpe\u010dn\u00fdch pozic a v sou\u010dasn\u00e9 dob\u011b z\u016fst\u00e1vaj\u00ed preventivn\u011b v bunkrech. Unifil nen\u00ed p\u0159\u00edm\u00fdm c\u00edlem \u00fader\u016f, ale nesm\u00edme p\u0159ehl\u00ed\u017eet, \u017ee zvy\u0161uj\u00edc\u00ed se \u00farove\u0148 a intenzita st\u0159et\u016f \u010din\u00ed situaci choulostivou,\u201c<span class=\"after-quote\"> &#8211; cituje Crosetta Agentura Nova .<\/span><\/em><\/p>\n<p><span>\u0160\u00e9f ministerstva obrany v pond\u011bl\u00ed d\u0159\u00edve \u0159ekl, \u017ee o sta\u017een\u00ed italsk\u00e9ho kontingentu z Libanonu se nemluv\u00ed. Jak bylo uvedeno na webov\u00fdch str\u00e1nk\u00e1ch ministerstva, Crosetto p\u0159ipustil mo\u017enost n\u00e1hodn\u00e9ho zapojen\u00ed Ital\u016f, proto\u017ee po\u010det a \u00farove\u0148 st\u0159et\u016f rostla.<\/span><\/p>\n<p><span style=\"font-size: 18pt;\"><strong>Libanonsk\u00e9 ministerstvo zdravotnictv\u00ed hl\u00e1s\u00ed 95 \u00famrt\u00ed denn\u011b<\/strong><\/span><\/p>\n<p><img decoding=\"async\" class=\"aligncenter\" src=\"https:\/\/img1.eadaily.com\/c650x400\/o\/842\/057d8685393def54920b893fd63a8.jpeg\" \/><\/p>\n<p class=\"lead\"><strong>Masivn\u00ed \u00fatoky izraelsk\u00fdch obrann\u00fdch sil (IDF) v ji\u017en\u00edm Libanonu zabily za posledn\u00edch 24 hodin 95 lid\u00ed. Ministerstvo zdravotnictv\u00ed o tom informovalo dnes 1. \u0159\u00edjna.<\/strong><\/p>\n<p><em>&#8222;V prohl\u00e1\u0161en\u00ed opera\u010dn\u00ed st\u0159edisko pro mimo\u0159\u00e1dn\u00e9 ud\u00e1losti v oblasti ve\u0159ejn\u00e9ho zdrav\u00ed ministerstva uvedlo, \u017ee izraelsk\u00e9 \u00fatoky na v\u0161echny oblasti Libanonu zabily nejm\u00e9n\u011b 95 lid\u00ed a 172 zranily,&#8220; citovala prohl\u00e1\u0161en\u00ed katarsk\u00e1 televize Al-D\u017eaz\u00edra.<\/em><\/p>\n<p><span>Jak uvedli z\u00e1stupci ministerstva, ob\u011b\u0165mi \u00fatok\u016f se stali lid\u00e9, kte\u0159\u00ed se nach\u00e1zeli v libanonsk\u00e9m hlavn\u00edm m\u011bst\u011b Bejr\u00fatu a tak\u00e9 v severn\u00edch a ji\u017en\u00edch osad\u00e1ch a okol\u00ed m\u011bst Baalbek a Hermel ve v\u00fdchodn\u00ed a severov\u00fdchodn\u00ed \u010d\u00e1sti republiky, le\u017e\u00ed pobl\u00ed\u017e hranic se S\u00fdri\u00ed.<\/span><\/p>\n<p><img decoding=\"async\" loading=\"lazy\" class=\"alignnone size-full wp-image-1185\" src=\"http:\/\/www.infokuryr.cz\/n\/wp-content\/uploads\/2021\/04\/kuryr-podpis.png\" alt=\"\" width=\"84\" height=\"24\" \/><\/p>\n<p>&nbsp;<\/p>\n<p>&nbsp;<\/p>\n","protected":false},"excerpt":{"rendered":"<p>Francie nasazuje v\u00e1le\u010dnou lo\u010f jako \u201epreventivn\u00ed opat\u0159en\u00ed\u201c v p\u0159\u00edpad\u011b evakuace sv\u00fdch ob\u010dan\u016f z Libanonu, uv\u00e1d\u00ed&#8230;<\/p>\n","protected":false},"author":2,"featured_media":63312,"comment_status":"closed","ping_status":"closed","sticky":false,"template":"","format":"standard","meta":[],"categories":[7],"tags":[130,191,107,405,40],"_links":{"self":[{"href":"https:\/\/www.infokuryr.cz\/n\/wp-json\/wp\/v2\/posts\/63311"}],"collection":[{"href":"https:\/\/www.infokuryr.cz\/n\/wp-json\/wp\/v2\/posts"}],"about":[{"href":"https:\/\/www.infokuryr.cz\/n\/wp-json\/wp\/v2\/types\/post"}],"author":[{"embeddable":true,"href":"https:\/\/www.infokuryr.cz\/n\/wp-json\/wp\/v2\/users\/2"}],"replies":[{"embeddable":true,"href":"https:\/\/www.infokuryr.cz\/n\/wp-json\/wp\/v2\/comments?post=63311"}],"version-history":[{"count":0,"href":"https:\/\/www.infokuryr.cz\/n\/wp-json\/wp\/v2\/posts\/63311\/revisions"}],"wp:featuredmedia":[{"embeddable":true,"href":"https:\/\/www.infokuryr.cz\/n\/wp-json\/wp\/v2\/media\/63312"}],"wp:attachment":[{"href":"https:\/\/www.infokuryr.cz\/n\/wp-json\/wp\/v2\/media?parent=63311"}],"wp:term":[{"taxonomy":"category","embeddable":true,"href":"https:\/\/www.infokuryr.cz\/n\/wp-json\/wp\/v2\/categories?post=63311"},{"taxonomy":"post_tag","embeddable":true,"href":"https:\/\/www.infokuryr.cz\/n\/wp-json\/wp\/v2\/tags?post=63311"}],"curies":[{"name":"wp","href":"https:\/\/api.w.org\/{rel}","templated":true}]}}