{"id":63307,"date":"2024-10-01T07:11:24","date_gmt":"2024-10-01T05:11:24","guid":{"rendered":"https:\/\/www.infokuryr.cz\/n\/?p=63307"},"modified":"2024-10-01T07:11:24","modified_gmt":"2024-10-01T05:11:24","slug":"biden-vyzyva-k-primeri-v-libanonu","status":"publish","type":"post","link":"https:\/\/www.infokuryr.cz\/n\/2024\/10\/01\/biden-vyzyva-k-primeri-v-libanonu\/","title":{"rendered":"Biden vyz\u00fdv\u00e1 k p\u0159\u00edm\u011b\u0159\u00ed v Libanonu"},"content":{"rendered":"<div id=\"fb-root\"><\/div>\n<p><span style=\"font-size: 18pt;\"><strong>Izrael \u00fadajn\u011b informoval USA, \u017ee zah\u00e1j\u00ed \u201eomezenou invazi\u201c<\/strong><\/span><\/p>\n<p><span>Americk\u00fd prezident Joe Biden vyzval k okam\u017eit\u00e9mu p\u0159\u00edm\u011b\u0159\u00ed na Bl\u00edzk\u00e9m v\u00fdchod\u011b, i kdy\u017e anonymn\u00ed \u00fa\u0159edn\u00edci ve Washingtonu pros\u00e1kli varov\u00e1n\u00ed p\u0159ed nadch\u00e1zej\u00edc\u00edm izraelsk\u00fdm pozemn\u00edm vp\u00e1dem do Libanonu.<\/span><\/p>\n<p><span>K \u0161iroce o\u010dek\u00e1van\u00e9 invazi dojde po v\u00edce ne\u017e t\u00fddnu leteck\u00fdch a raketov\u00fdch \u00fatok\u016f, kter\u00e9 si \u00fadajn\u011b vy\u017e\u00e1daly \u017eivoty stovek libanonsk\u00fdch civilist\u016f a tak\u00e9 n\u011bkolika vysok\u00fdch p\u0159edstavitel\u016f Hizball\u00e1hu, v\u010detn\u011b v\u016fdce skupiny Hassana Nasrall\u00e1ha.<\/span><\/p>\n<p><em><span>&#8222;Jsem si toho v\u011bdom v\u00edce, ne\u017e byste mo\u017en\u00e1 v\u011bd\u011bli, a vyhovuje mi, kdy\u017e se zastav\u00ed,&#8220;<\/span><\/em><span>\u00a0\u0159ekl Biden v pond\u011bl\u00ed novin\u00e1\u0159\u016fm v B\u00edl\u00e9m dom\u011b pot\u00e9, co byl dot\u00e1z\u00e1n na zpr\u00e1vy o bl\u00ed\u017e\u00edc\u00ed se izraelsk\u00e9 ofenziv\u011b.<\/span><\/p>\n<p><em><span>&#8222;Te\u010f bychom m\u011bli m\u00edt p\u0159\u00edm\u011b\u0159\u00ed,&#8220;<\/span><\/em><span>\u00a0dodal americk\u00fd prezident, ne\u017e ode\u0161el.<\/span><\/p>\n<p><span>Kr\u00e1tce p\u0159ed Bidenovou tiskovou konferenc\u00ed, svolanou k \u0159e\u0161en\u00ed \u0161kod zp\u016fsoben\u00fdch hurik\u00e1ny v n\u011bkolika americk\u00fdch st\u00e1tech, n\u011bkolik m\u00e9di\u00ed ozn\u00e1milo, \u017ee Izrael informoval Washington o nadch\u00e1zej\u00edc\u00ed vojensk\u00e9 operaci proti Libanonu.<\/span><\/p>\n<p><span>CBS News v\u0161ak citovala anonymn\u00edho americk\u00e9ho p\u0159edstavitele, kter\u00fd potvrdil, \u017ee Izrael m\u00e1 v \u00famyslu zah\u00e1jit\u00a0<\/span><em><span>\u201eomezenou pozemn\u00ed invazi\u201c<\/span><\/em><span>\u00a0do sv\u00e9ho severn\u00edho souseda, kter\u00e1 by mohla za\u010d\u00edt\u00a0<\/span><em><span>\u201eb\u011bhem n\u011bkolika hodin\u201c.<\/span><\/em><\/p>\n<p><span>Fox News zve\u0159ejnila stejnou citaci, pravd\u011bpodobn\u011b od stejn\u00e9ho \u00fa\u0159edn\u00edka, ale popsala \u010dasovou osu \u00fatoku jako\u00a0<\/span><em><span>\u201ev bezprost\u0159edn\u00ed budoucnosti\u201c.<\/span><\/em><\/p>\n<p><span>Washington Post podobn\u011b citoval anonymn\u00edho \u00fa\u0159edn\u00edka, kter\u00fd \u0159ekl, \u017ee Izrael informoval USA o\u00a0<\/span><em><span>\u201eomezen\u00e9 pozemn\u00ed operaci&#8230;, kter\u00e1 by mohla za\u010d\u00edt bezprost\u0159edn\u011b\u201c.<\/span><\/em><\/p>\n<p><span>Izraelsk\u00e1 kampa\u0148 by byla\u00a0<\/span><em><span>\u201emen\u0161\u00ed\u201c<\/span><\/em><span>\u00a0ne\u017e \u00fatok na Libanon v roce 2006 a soust\u0159edila by se na\u00a0<\/span><em><span>\u201evy\u010di\u0161t\u011bn\u00ed\u201c<\/span><\/em><span>\u00a0pozic Hizball\u00e1hu pod\u00e9l hranice, \u0159ekl zdroj listu Post. Jak Izrael, tak Hizball\u00e1h prohl\u00e1sili v\u00edt\u011bzstv\u00ed v konfliktu v roce 2006, ale izraelsk\u00e1 vl\u00e1dn\u00ed komise to pozd\u011bji ozna\u010dila za strategickou por\u00e1\u017eku.<\/span><\/p>\n<p><span>N\u00e1\u010deln\u00edk gener\u00e1ln\u00edho \u0161t\u00e1bu Izraelsk\u00fdch obrann\u00fdch sil (IDF), gener\u00e1lporu\u010d\u00edk Herzi Halevi, minul\u00fd t\u00fdden \u0159ekl, \u017ee n\u00e1lety proti Hizball\u00e1hu byly p\u0159\u00edpravou na pozemn\u00ed \u00fatok, do kter\u00e9ho IDF\u00a0<\/span><em><span>\u201evstoup\u00ed, zni\u010d\u00ed tamn\u00edho nep\u0159\u00edtele a rozhodn\u011b zni\u010dit jejich infrastrukturu.&#8220;<\/span><\/em><\/p>\n<p><span>Z\u00e1stupce v\u016fdce Hizball\u00e1hu Naim Qassem \u0159ekl, \u017ee\u00a0<\/span><em><span>\u201eodbojov\u00e9 s\u00edly jsou p\u0159ipraveny k pozemn\u00edmu st\u0159etnut\u00ed\u201c<\/span><\/em><span>\u00a0s izraelsk\u00fdmi jednotkami.<\/span><\/p>\n<p><img decoding=\"async\" loading=\"lazy\" class=\"alignnone size-full wp-image-1185\" src=\"http:\/\/www.infokuryr.cz\/n\/wp-content\/uploads\/2021\/04\/kuryr-podpis.png\" alt=\"\" width=\"84\" height=\"24\" \/><\/p>\n<p>&nbsp;<\/p>\n","protected":false},"excerpt":{"rendered":"<p>Izrael \u00fadajn\u011b informoval USA, \u017ee zah\u00e1j\u00ed \u201eomezenou invazi\u201c Americk\u00fd prezident Joe Biden vyzval k okam\u017eit\u00e9mu&#8230;<\/p>\n","protected":false},"author":2,"featured_media":52973,"comment_status":"closed","ping_status":"closed","sticky":false,"template":"","format":"standard","meta":[],"categories":[7],"tags":[72,107,405,538],"_links":{"self":[{"href":"https:\/\/www.infokuryr.cz\/n\/wp-json\/wp\/v2\/posts\/63307"}],"collection":[{"href":"https:\/\/www.infokuryr.cz\/n\/wp-json\/wp\/v2\/posts"}],"about":[{"href":"https:\/\/www.infokuryr.cz\/n\/wp-json\/wp\/v2\/types\/post"}],"author":[{"embeddable":true,"href":"https:\/\/www.infokuryr.cz\/n\/wp-json\/wp\/v2\/users\/2"}],"replies":[{"embeddable":true,"href":"https:\/\/www.infokuryr.cz\/n\/wp-json\/wp\/v2\/comments?post=63307"}],"version-history":[{"count":1,"href":"https:\/\/www.infokuryr.cz\/n\/wp-json\/wp\/v2\/posts\/63307\/revisions"}],"predecessor-version":[{"id":63308,"href":"https:\/\/www.infokuryr.cz\/n\/wp-json\/wp\/v2\/posts\/63307\/revisions\/63308"}],"wp:featuredmedia":[{"embeddable":true,"href":"https:\/\/www.infokuryr.cz\/n\/wp-json\/wp\/v2\/media\/52973"}],"wp:attachment":[{"href":"https:\/\/www.infokuryr.cz\/n\/wp-json\/wp\/v2\/media?parent=63307"}],"wp:term":[{"taxonomy":"category","embeddable":true,"href":"https:\/\/www.infokuryr.cz\/n\/wp-json\/wp\/v2\/categories?post=63307"},{"taxonomy":"post_tag","embeddable":true,"href":"https:\/\/www.infokuryr.cz\/n\/wp-json\/wp\/v2\/tags?post=63307"}],"curies":[{"name":"wp","href":"https:\/\/api.w.org\/{rel}","templated":true}]}}