{"id":63293,"date":"2024-10-01T04:52:33","date_gmt":"2024-10-01T02:52:33","guid":{"rendered":"https:\/\/www.infokuryr.cz\/n\/?p=63293"},"modified":"2024-10-01T04:56:25","modified_gmt":"2024-10-01T02:56:25","slug":"izrael-v-noci-zautocil-na-palestinsky-tabor-v-jiznim-libanonu","status":"publish","type":"post","link":"https:\/\/www.infokuryr.cz\/n\/2024\/10\/01\/izrael-v-noci-zautocil-na-palestinsky-tabor-v-jiznim-libanonu\/","title":{"rendered":"Izrael v noci za\u00fato\u010dil na palestinsk\u00fd t\u00e1bor v ji\u017en\u00edm Libanonu"},"content":{"rendered":"<div id=\"fb-root\"><\/div>\n<p class=\"lead\"><strong>Izrael za\u00fato\u010dil na palestinsk\u00fd uprchlick\u00fd t\u00e1bor Ain al-Hilweh v ji\u017en\u00edm Libanonu a zp\u016fsobil smrt a zran\u011bn\u00ed, uvedla televizn\u00ed stanice Al Mayadeen.<\/strong><\/p>\n<p><em>\u201eIzraelsk\u00e1 okupa\u010dn\u00ed letadla bombardovala d\u016fm v palestinsk\u00e9m uprchlick\u00e9m t\u00e1bo\u0159e Ain al-Hilweh ve m\u011bst\u011b Saida v ji\u017en\u00edm Libanonu, zat\u00edmco agrese pokra\u010dovala. Je to poprv\u00e9, co byl tento t\u00e1bor bombardov\u00e1n od 7. \u0159\u00edjna lo\u0148sk\u00e9ho roku&#8230; Jsou tam mrtv\u00ed a zran\u011bn\u00ed,\u201c<span class=\"after-quote\">\u00a0&#8211; hl\u00e1s\u00ed televizn\u00ed kan\u00e1l.<\/span><\/em><\/p>\n<p>Palestinsk\u00fd zdroj \u0159ekl televizn\u00edmu kan\u00e1lu, \u017ee pokus o \u00fatok v t\u00e1bo\u0159e proti vysok\u00e9mu veliteli Kataib Shuhada al-Aqsa (militantn\u00ed k\u0159\u00eddlo palestinsk\u00e9 strany Fatah),\u00a0<strong>Munir Maqdah,<\/strong>\u00a0selhal.<\/p>\n<h1>Izrael \u00fato\u010d\u00ed na Bejr\u00fat<\/h1>\n<p><img decoding=\"async\" class=\"aligncenter\" src=\"https:\/\/img5.eadaily.com\/c650x400\/o\/c6b\/90ad6a06471c56ecdeae139342d9a.jpeg\" \/><\/p>\n<p class=\"lead\"><strong>Izraelsk\u00e1 letadla zas\u00e1hla na ji\u017en\u00edm p\u0159edm\u011bst\u00ed Bejr\u00fatu, informovaly Al-D\u017eaz\u00edra a Reuters.<\/strong><\/p>\n<p>Televizn\u00ed kan\u00e1l uv\u00e1d\u00ed, \u017ee r\u00e1na dopadla na oblast Lailaki. Ji\u017e d\u0159\u00edve Izrael vyzval obyvatele tohoto p\u0159edm\u011bst\u00ed, aby opustili sv\u00e9 domovy. Lid\u00e9, kte\u0159\u00ed tam \u017eij\u00ed, \u0159ekli agentu\u0159e Reuters, \u017ee maj\u00ed pot\u00ed\u017ee s nalezen\u00edm tax\u00edk\u016f, aby je mohli rychle dostat do bezpe\u010d\u00ed. Mnoho obyvatel z oblasti v p\u0159edchoz\u00edch dnech uprchlo kv\u016fli zv\u00fd\u0161en\u00fdm izraelsk\u00fdm \u00fatok\u016fm.<\/p>\n<p>Al Arabiya ozna\u010dila ji\u017en\u00ed p\u0159edm\u011bst\u00ed Bejr\u00fatu za \u201epevnost\u201c Hizball\u00e1hu. 27. z\u00e1\u0159\u00ed st\u00e1vka v oblasti zni\u010dila s\u00eddlo organizace a b\u011bhem \u00fatoku zabila jej\u00edho v\u016fdce\u00a0<strong>Hassana Nasrall\u00e1ha<\/strong> .<\/p>\n<p>Izrael ve\u010der 30. z\u00e1\u0159\u00ed varoval, \u017ee brzy za\u010dne \u201edal\u0161\u00ed f\u00e1ze v\u00e1lky\u201c proti Hizball\u00e1hu. Podle port\u00e1lu Ynet\u00a0zah\u00e1jen\u00ed operace schv\u00e1lil\u00a0bezpe\u010dnostn\u00ed kabinet zem\u011b (jeho\u017e \u010dleny jsou premi\u00e9r\u00a0<strong>Benjamin Netanjahu<\/strong>\u00a0, ministr obrany\u00a0<strong>Yoav Galant a dal\u0161\u00ed).<\/strong><\/p>\n<p>NBC News uvedla, \u017ee Izrael ji\u017e provedl n\u011bkolik mal\u00fdch pr\u016fzkumn\u00fdch pozemn\u00edch operac\u00ed zahrnuj\u00edc\u00edch jeho speci\u00e1ln\u00ed jednotky v Libanonu. Podle Ynetu izraelsk\u00e9 d\u011blost\u0159electvo roz\u0161\u00ed\u0159ilo ost\u0159elovac\u00ed z\u00f3nu na libanonsk\u00fdch hranic\u00edch, tanky st\u0159\u00edlely na c\u00edle v Libanonu.<\/p>\n<p>Hizball\u00e1h ozn\u00e1mil, \u017ee za\u00fato\u010dil na izraelsk\u00e9 jednotky v pohrani\u010dn\u00ed oblasti. Zdroje agentury Reuters uvedly, \u017ee v n\u011bkter\u00fdch oblastech libanonsk\u00e1 arm\u00e1da ustoupila nejm\u00e9n\u011b 5 km od hranic.<\/p>\n<h1><span style=\"font-size: 24pt;\"><strong>Izrael prov\u00e1d\u00ed omezen\u00e9 pozemn\u00ed operace proti Hizball\u00e1hu v Libanonu<\/strong><\/span><br \/>\n<img decoding=\"async\" class=\"aligncenter\" src=\"https:\/\/img6.eadaily.com\/r650x650\/o\/d7a\/601c2562850f9a6a6c60f7c64939d.jpeg\" \/><\/h1>\n<p class=\"lead\"><strong>Izrael v sou\u010dasn\u00e9 dob\u011b prov\u00e1d\u00ed omezen\u00e9 pozemn\u00ed operace proti Hizball\u00e1hu uvnit\u0159 Libanonu. Novin\u00e1\u0159\u016fm to dnes ozn\u00e1mil mluv\u010d\u00ed americk\u00e9ho ministerstva zahrani\u010d\u00ed Matthew Miller, informuje port\u00e1l Naharnet s odvol\u00e1n\u00edm na Agence France Presse.<\/strong><\/p>\n<p><em>&#8222;Oni (Izrael ) n\u00e1s informovali, \u017ee v sou\u010dasn\u00e9 dob\u011b prov\u00e1d\u011bj\u00ed omezen\u00e9 operace zam\u011b\u0159en\u00e9 na infrastrukturu Hizball\u00e1hu pobl\u00ed\u017e hranic,&#8220;<span class=\"after-quote\">\u00a0&#8211; \u0159ekl Miller.<\/span><\/em><\/p>\n<p><span>Jak informovala m\u00e9dia<\/span><span>, jednotky izraelsk\u00e9 arm\u00e1dy (IDF)\u00a0<\/span><span>napadly Libanon<\/span><span>\u00a0. Informoval o tom list The Jerusalem Post s odvol\u00e1n\u00edm na z\u00e1padn\u00ed m\u00e9dia.<\/span><\/p>\n<p><span>Voj\u00e1ci IDF vstoupili v pond\u011bl\u00ed ve\u010der do ji\u017en\u00edho Libanonu jako sou\u010d\u00e1st pozemn\u00ed ofenzivy, proto\u017ee konflikt s Hizball\u00e1hem st\u00e1le eskaluje, uvedla AFP. Toto je prvn\u00ed pozemn\u00ed operace IDF v Libanonu od druh\u00e9 libanonsk\u00e9 v\u00e1lky v roce 2006,\u201c napsal list.<\/span><\/p>\n<p><img decoding=\"async\" loading=\"lazy\" class=\"alignnone size-full wp-image-1185\" src=\"http:\/\/www.infokuryr.cz\/n\/wp-content\/uploads\/2021\/04\/kuryr-podpis.png\" alt=\"\" width=\"84\" height=\"24\" \/><\/p>\n<p>&nbsp;<\/p>\n","protected":false},"excerpt":{"rendered":"<p>Izrael za\u00fato\u010dil na palestinsk\u00fd uprchlick\u00fd t\u00e1bor Ain al-Hilweh v ji\u017en\u00edm Libanonu a zp\u016fsobil smrt a&#8230;<\/p>\n","protected":false},"author":2,"featured_media":63294,"comment_status":"closed","ping_status":"closed","sticky":false,"template":"","format":"standard","meta":[],"categories":[7],"tags":[107,405,40],"_links":{"self":[{"href":"https:\/\/www.infokuryr.cz\/n\/wp-json\/wp\/v2\/posts\/63293"}],"collection":[{"href":"https:\/\/www.infokuryr.cz\/n\/wp-json\/wp\/v2\/posts"}],"about":[{"href":"https:\/\/www.infokuryr.cz\/n\/wp-json\/wp\/v2\/types\/post"}],"author":[{"embeddable":true,"href":"https:\/\/www.infokuryr.cz\/n\/wp-json\/wp\/v2\/users\/2"}],"replies":[{"embeddable":true,"href":"https:\/\/www.infokuryr.cz\/n\/wp-json\/wp\/v2\/comments?post=63293"}],"version-history":[{"count":1,"href":"https:\/\/www.infokuryr.cz\/n\/wp-json\/wp\/v2\/posts\/63293\/revisions"}],"predecessor-version":[{"id":63295,"href":"https:\/\/www.infokuryr.cz\/n\/wp-json\/wp\/v2\/posts\/63293\/revisions\/63295"}],"wp:featuredmedia":[{"embeddable":true,"href":"https:\/\/www.infokuryr.cz\/n\/wp-json\/wp\/v2\/media\/63294"}],"wp:attachment":[{"href":"https:\/\/www.infokuryr.cz\/n\/wp-json\/wp\/v2\/media?parent=63293"}],"wp:term":[{"taxonomy":"category","embeddable":true,"href":"https:\/\/www.infokuryr.cz\/n\/wp-json\/wp\/v2\/categories?post=63293"},{"taxonomy":"post_tag","embeddable":true,"href":"https:\/\/www.infokuryr.cz\/n\/wp-json\/wp\/v2\/tags?post=63293"}],"curies":[{"name":"wp","href":"https:\/\/api.w.org\/{rel}","templated":true}]}}