{"id":63291,"date":"2024-10-01T04:34:36","date_gmt":"2024-10-01T02:34:36","guid":{"rendered":"https:\/\/www.infokuryr.cz\/n\/?p=63291"},"modified":"2024-10-01T04:34:36","modified_gmt":"2024-10-01T02:34:36","slug":"erdogan-osn-by-mela-povolit-pouziti-sily-proti-izraeli","status":"publish","type":"post","link":"https:\/\/www.infokuryr.cz\/n\/2024\/10\/01\/erdogan-osn-by-mela-povolit-pouziti-sily-proti-izraeli\/","title":{"rendered":"Erdogan: OSN by m\u011bla povolit pou\u017eit\u00ed s\u00edly proti Izraeli"},"content":{"rendered":"<div id=\"fb-root\"><\/div>\n<p><span style=\"font-size: 18pt;\"><strong>Tureck\u00fd v\u016fdce nal\u00e9hal na organizaci, aby zastavila izraelskou v\u00e1lku v Gaze<\/strong><\/span><\/p>\n<p><span>Tureck\u00fd prezident Recep Tayyip Erdogan v pond\u011bl\u00ed prohl\u00e1sil, \u017ee Organizace spojen\u00fdch n\u00e1rod\u016f by m\u011bla vyu\u017e\u00edt sv\u00e9 pravomoci k pou\u017eit\u00ed ozbrojen\u00fdch sil k zastaven\u00ed izraelsk\u00e9 v\u00e1lky v Gaze. Ost\u0159e kritizoval izraelskou operaci v palestinsk\u00e9 enkl\u00e1v\u011b a n\u00e1lety v Libanonu.<\/span><\/p>\n<p><span>T\u00e9m\u011b\u0159 milion libanonsk\u00fdch civilist\u016f bylo vys\u00eddleno kv\u016fli izraelsk\u00fdm \u00fatok\u016fm, \u0159ekl Erdogan po zased\u00e1n\u00ed vl\u00e1dy v Anka\u0159e.<\/span><\/p>\n<p><span>Podle libanonsk\u00fdch \u00fa\u0159ad\u016f bylo za t\u00fdden zabito nejm\u00e9n\u011b 1300 lid\u00ed.<\/span><\/p>\n<p><em><span>&#8222;Postavit se za Palestinu a Libanon znamen\u00e1 postavit se za lidstvo, za m\u00edr, za kulturu sou\u017eit\u00ed r\u016fzn\u00fdch vyzn\u00e1n\u00ed,&#8220;<\/span><\/em><span>\u00a0\u0159ekl tureck\u00fd v\u016fdce.<\/span><\/p>\n<p><strong><em><span>V p\u0159\u00edpad\u011b Gazy je t\u0159eba urychlen\u011b uplatnit pravomoc Valn\u00e9ho shrom\u00e1\u017ed\u011bn\u00ed OSN doporu\u010dit pou\u017eit\u00ed s\u00edly, jak tomu bylo v rezoluci \u201eUniting for Peace\u201c z roku 1950.<\/span><\/em><\/strong><\/p>\n<p><span>Rezoluce z roku 1950 uv\u00e1d\u00ed, \u017ee pokud Rada bezpe\u010dnosti OSN neudr\u017e\u00ed mezin\u00e1rodn\u00ed m\u00edr, m\u016f\u017ee organizace doporu\u010dit kolektivn\u00ed opat\u0159en\u00ed a\u017e po pou\u017eit\u00ed ozbrojen\u00e9 s\u00edly.<\/span><\/p>\n<p><span>Erdogan obvinil\u00a0<\/span><em><span>\u201ehrstku radik\u00e1ln\u00edch sionistick\u00fdch extremist\u016f\u201c<\/span><\/em><span>\u00a0z podp\u00e1len\u00ed\u00a0<\/span><em><span>\u201eregionu a cel\u00e9ho sv\u011bta\u201c.<\/span><\/em><span>\u00a0Mezin\u00e1rodn\u00ed spole\u010denstv\u00ed a isl\u00e1msk\u00fd sv\u011bt by m\u011bly\u00a0<\/span><em><span>\u201epodniknout kroky pro m\u00edr ka\u017ed\u00e9ho v na\u0161em regionu, muslim\u016f, \u017eid\u016f i k\u0159es\u0165an\u016f,\u201c<\/span><\/em><span>\u00a0vyzval.<\/span><\/p>\n<p><span>T\u00fcrkiye po\u010d\u00e1tkem tohoto roku p\u0159eru\u0161ilo obchod s Izraelem a sl\u00edbilo pokra\u010dovat v bojkotu, dokud nebude pln\u011b obnoven p\u0159\u00edsun humanit\u00e1rn\u00ed pomoci do oble\u017een\u00e9 Gazy. Ankara se nav\u00edc p\u0159ipojila k prob\u00edhaj\u00edc\u00edmu p\u0159\u00edpadu Jihoafrick\u00e9 republiky proti Izraeli u Mezin\u00e1rodn\u00edho soudn\u00edho dvora, kter\u00fd tvrdil, \u017ee \u017eidovsk\u00fd st\u00e1t p\u00e1ch\u00e1 genocidu na Palestinc\u00edch v Gaze.<\/span><\/p>\n<p><span>Izrael zah\u00e1jil invazi do Gazy pot\u00e9, co Hamas a spojeneck\u00e9 palestinsk\u00e9 ozbrojen\u00e9 skupiny provedly 7. \u0159\u00edjna p\u0159ekvapiv\u00fd n\u00e1let na Izrael, p\u0159i kter\u00e9m zahynulo asi 1200 lid\u00ed a zajalo v\u00edce ne\u017e 200 rukojm\u00edch. Podle \u00fa\u0159ad\u016f \u0159\u00edzen\u00fdch Hamasem v Gaze bylo od vypuknut\u00ed konfliktu zabito v\u00edce ne\u017e 41 000 Palestinc\u016f.<\/span><\/p>\n<p><span>IDF ned\u00e1vno zintenzivnily n\u00e1lety proti Hezoboll\u00e1hu v Libanonu v reakci na pokra\u010duj\u00edc\u00ed p\u0159eshrani\u010dn\u00ed raketov\u00e9 a minometn\u00e9 \u00fatoky propalestinsk\u00e9 skupiny. V \u00fater\u00fd Izrael ozn\u00e1mil, \u017ee zah\u00e1jil\u00a0<\/span><em><span>\u201eomezen\u00e9, lokalizovan\u00e9 a c\u00edlen\u00e9 pozemn\u00ed n\u00e1lety\u201c<\/span><\/em><span>\u00a0proti Hizball\u00e1hu v ji\u017en\u00edm Libanonu. Z\u00e1padn\u00ed Jeruzal\u00e9m uvedl, \u017ee operace byla nezbytn\u00e1 k zaji\u0161t\u011bn\u00ed bezpe\u010dnosti severn\u00edho Izraele pro n\u00e1vrat vys\u00eddlen\u00fdch obyvatel, kte\u0159\u00ed museli uprchnout p\u0159ed \u00fatoky Hizball\u00e1hu.<\/span><\/p>\n<p><img decoding=\"async\" loading=\"lazy\" class=\"alignnone size-full wp-image-1185\" src=\"http:\/\/www.infokuryr.cz\/n\/wp-content\/uploads\/2021\/04\/kuryr-podpis.png\" alt=\"\" width=\"84\" height=\"24\" \/><\/p>\n<p>&nbsp;<\/p>\n","protected":false},"excerpt":{"rendered":"<p>Tureck\u00fd v\u016fdce nal\u00e9hal na organizaci, aby zastavila izraelskou v\u00e1lku v Gaze Tureck\u00fd prezident Recep Tayyip&#8230;<\/p>\n","protected":false},"author":2,"featured_media":63292,"comment_status":"closed","ping_status":"closed","sticky":false,"template":"","format":"standard","meta":[],"categories":[7],"tags":[56,107,186,538],"_links":{"self":[{"href":"https:\/\/www.infokuryr.cz\/n\/wp-json\/wp\/v2\/posts\/63291"}],"collection":[{"href":"https:\/\/www.infokuryr.cz\/n\/wp-json\/wp\/v2\/posts"}],"about":[{"href":"https:\/\/www.infokuryr.cz\/n\/wp-json\/wp\/v2\/types\/post"}],"author":[{"embeddable":true,"href":"https:\/\/www.infokuryr.cz\/n\/wp-json\/wp\/v2\/users\/2"}],"replies":[{"embeddable":true,"href":"https:\/\/www.infokuryr.cz\/n\/wp-json\/wp\/v2\/comments?post=63291"}],"version-history":[{"count":0,"href":"https:\/\/www.infokuryr.cz\/n\/wp-json\/wp\/v2\/posts\/63291\/revisions"}],"wp:featuredmedia":[{"embeddable":true,"href":"https:\/\/www.infokuryr.cz\/n\/wp-json\/wp\/v2\/media\/63292"}],"wp:attachment":[{"href":"https:\/\/www.infokuryr.cz\/n\/wp-json\/wp\/v2\/media?parent=63291"}],"wp:term":[{"taxonomy":"category","embeddable":true,"href":"https:\/\/www.infokuryr.cz\/n\/wp-json\/wp\/v2\/categories?post=63291"},{"taxonomy":"post_tag","embeddable":true,"href":"https:\/\/www.infokuryr.cz\/n\/wp-json\/wp\/v2\/tags?post=63291"}],"curies":[{"name":"wp","href":"https:\/\/api.w.org\/{rel}","templated":true}]}}