{"id":63277,"date":"2024-10-01T00:53:54","date_gmt":"2024-09-30T22:53:54","guid":{"rendered":"https:\/\/www.infokuryr.cz\/n\/?p=63277"},"modified":"2024-09-30T18:56:41","modified_gmt":"2024-09-30T16:56:41","slug":"iran-nenasadi-sily-do-libanonu-aby-pomohl-hizballahu","status":"publish","type":"post","link":"https:\/\/www.infokuryr.cz\/n\/2024\/10\/01\/iran-nenasadi-sily-do-libanonu-aby-pomohl-hizballahu\/","title":{"rendered":"\u00cdr\u00e1n nenasad\u00ed s\u00edly do Libanonu, aby pomohl Hizball\u00e1hu"},"content":{"rendered":"<div id=\"fb-root\"><\/div>\n<p><span style=\"font-size: 18pt;\"><strong>Teher\u00e1n se neboj\u00ed v\u00e1lky, ale stoj\u00ed za bezpe\u010dn\u00fdm a stabiln\u00edm Bl\u00edzk\u00fdm v\u00fdchodem, \u0159ekl mluv\u010d\u00ed Nasser Kanaani<\/strong><\/span><\/p>\n<p><span>\u00cdr\u00e1n nepo\u0161le voj\u00e1ky do Libanonu nebo Gazy, aby \u010delil Izraeli, ozn\u00e1milo v pond\u011bl\u00ed ministerstvo zahrani\u010d\u00ed v Teher\u00e1nu. Prohl\u00e1\u0161en\u00ed p\u0159ich\u00e1z\u00ed uprost\u0159ed izraelsk\u00fdch intenzivn\u011bj\u0161\u00edch \u00fatok\u016f proti militantn\u00ed skupin\u011b Hizball\u00e1h s\u00eddl\u00edc\u00ed v Libanonu a H\u00fas\u00ed\u016fm v Jemenu.<\/span><\/p>\n<p><span>Teher\u00e1n nevyhled\u00e1v\u00e1 v\u00e1lku, ale neboj\u00ed se j\u00ed a stoj\u00ed za bezpe\u010dn\u00fdm a stabiln\u00edm Bl\u00edzk\u00fdm v\u00fdchodem, zd\u016fraznilo ministerstvo.<\/span><\/p>\n<p><em><span>&#8222;Nen\u00ed pot\u0159eba pos\u00edlat dal\u0161\u00ed nebo dobrovolnick\u00e9 s\u00edly \u00cdr\u00e1nsk\u00e9 isl\u00e1msk\u00e9 republiky,&#8220;<\/span><\/em><span>\u00a0\u0159ekl mluv\u010d\u00ed ministerstva zahrani\u010d\u00ed Nasser Kanaani na t\u00fddenn\u00ed tiskov\u00e9 konferenci. Libanon a bojovn\u00edci na palestinsk\u00fdch \u00fazem\u00edch\u00a0<\/span><em><span>\u201emaj\u00ed schopnost a s\u00edlu br\u00e1nit se agresi,\u201c<\/span><\/em><span>\u00a0dodal.<\/span><\/p>\n<p><span>V posledn\u00edch n\u011bkolika t\u00fddnech podnik\u00e1 Izrael t\u011b\u017ek\u00e9 n\u00e1lety na Hizball\u00e1h v Libanonu a dal\u0161\u00ed militantn\u00ed skupiny v regionu, v\u010detn\u011b S\u00fdrie, Jemenu a Ir\u00e1ku, co\u017e vyvol\u00e1v\u00e1 obavy, \u017ee by konflikt mohl zachv\u00e1tit cel\u00fd Bl\u00edzk\u00fd v\u00fdchod a p\u0159it\u00e1hnout \u00cdr\u00e1n a USA. , hlavn\u00ed spojenec Izraele.<\/span><\/p>\n<p><em><span>&#8222;Od \u017e\u00e1dn\u00e9 strany jsme v tomto ohledu neobdr\u017eeli \u017e\u00e1dnou \u017e\u00e1dost, naopak jsme informov\u00e1ni a jsme si jisti, \u017ee nepot\u0159ebuj\u00ed pomoc na\u0161ich sil,&#8220;<\/span><\/em><span>\u00a0\u0159ekl Kanaani novin\u00e1\u0159\u016fm.<\/span><\/p>\n<p><span>P\u0159esto sl\u00edbil, \u017ee Izrael\u00a0<\/span><em><span>\u201enez\u016fstane bez pok\u00e1r\u00e1n\u00ed a potrest\u00e1n\u00ed za zlo\u010diny, kter\u00e9 sp\u00e1chal na \u00edr\u00e1nsk\u00e9m lidu, vojensk\u00e9m person\u00e1lu a sil\u00e1ch odporu\u201c.<\/span><\/em><\/p>\n<p><span>Jen b\u011bhem minul\u00e9ho t\u00fddne izraelsk\u00e9 obrann\u00e9 s\u00edly (IDF) v\u00fdrazn\u011b zes\u00edlily n\u00e1lety na Libanon, p\u0159i\u010dem\u017e podle m\u00edstn\u00edch zdravotnick\u00fdch \u00fa\u0159edn\u00edk\u016f zabily v\u00edce ne\u017e 1 000 lid\u00ed a v\u00edce ne\u017e 6 000 zranily. Eskalace tak\u00e9 vyvolala masov\u00fd exodus z oblast\u00ed nejv\u00edce posti\u017een\u00fdch izraelsk\u00fdm bombardov\u00e1n\u00edm.<\/span><\/p>\n<p><span>Izraelsk\u00e1 arm\u00e1da tak\u00e9 provedla s\u00e9rii \u00fader\u016f proti vysok\u00fdm velitel\u016fm Hizball\u00e1hu, p\u0159i\u010dem\u017e v\u011bt\u0161inu z nich zabila, v\u010detn\u011b v\u016fdce skupiny Hassana Nasrall\u00e1ha.<\/span><\/p>\n<p><span>\u00cdr\u00e1nsk\u00fd prezident Masoud Pezeshkian nav\u0161t\u00edvil v pond\u011bl\u00ed kancel\u00e1\u0159 Hizball\u00e1hu v Teher\u00e1nu, aby vzdal hold Nasrall\u00e1hovi, uv\u00e1d\u00ed vl\u00e1dn\u00ed web.<\/span><\/p>\n<p><img decoding=\"async\" loading=\"lazy\" class=\"alignnone size-full wp-image-1185\" src=\"http:\/\/www.infokuryr.cz\/n\/wp-content\/uploads\/2021\/04\/kuryr-podpis.png\" alt=\"\" width=\"84\" height=\"24\" \/><\/p>\n<p>&nbsp;<\/p>\n","protected":false},"excerpt":{"rendered":"<p>Teher\u00e1n se neboj\u00ed v\u00e1lky, ale stoj\u00ed za bezpe\u010dn\u00fdm a stabiln\u00edm Bl\u00edzk\u00fdm v\u00fdchodem, \u0159ekl mluv\u010d\u00ed Nasser&#8230;<\/p>\n","protected":false},"author":2,"featured_media":63278,"comment_status":"closed","ping_status":"closed","sticky":false,"template":"","format":"standard","meta":[],"categories":[7],"tags":[6772,38,405,811],"_links":{"self":[{"href":"https:\/\/www.infokuryr.cz\/n\/wp-json\/wp\/v2\/posts\/63277"}],"collection":[{"href":"https:\/\/www.infokuryr.cz\/n\/wp-json\/wp\/v2\/posts"}],"about":[{"href":"https:\/\/www.infokuryr.cz\/n\/wp-json\/wp\/v2\/types\/post"}],"author":[{"embeddable":true,"href":"https:\/\/www.infokuryr.cz\/n\/wp-json\/wp\/v2\/users\/2"}],"replies":[{"embeddable":true,"href":"https:\/\/www.infokuryr.cz\/n\/wp-json\/wp\/v2\/comments?post=63277"}],"version-history":[{"count":0,"href":"https:\/\/www.infokuryr.cz\/n\/wp-json\/wp\/v2\/posts\/63277\/revisions"}],"wp:featuredmedia":[{"embeddable":true,"href":"https:\/\/www.infokuryr.cz\/n\/wp-json\/wp\/v2\/media\/63278"}],"wp:attachment":[{"href":"https:\/\/www.infokuryr.cz\/n\/wp-json\/wp\/v2\/media?parent=63277"}],"wp:term":[{"taxonomy":"category","embeddable":true,"href":"https:\/\/www.infokuryr.cz\/n\/wp-json\/wp\/v2\/categories?post=63277"},{"taxonomy":"post_tag","embeddable":true,"href":"https:\/\/www.infokuryr.cz\/n\/wp-json\/wp\/v2\/tags?post=63277"}],"curies":[{"name":"wp","href":"https:\/\/api.w.org\/{rel}","templated":true}]}}