{"id":63275,"date":"2024-10-01T00:52:07","date_gmt":"2024-09-30T22:52:07","guid":{"rendered":"https:\/\/www.infokuryr.cz\/n\/?p=63275"},"modified":"2024-09-30T18:54:19","modified_gmt":"2024-09-30T16:54:19","slug":"hizballah-je-pripraveny-na-izraelskou-pozemni-operaci","status":"publish","type":"post","link":"https:\/\/www.infokuryr.cz\/n\/2024\/10\/01\/hizballah-je-pripraveny-na-izraelskou-pozemni-operaci\/","title":{"rendered":"Hizball\u00e1h je \u201ep\u0159ipraven\u00fd\u201c na izraelskou pozemn\u00ed operaci"},"content":{"rendered":"<div id=\"fb-root\"><\/div>\n<p><span style=\"font-size: 18pt;\"><strong>Vysoc\u00ed vojen\u0161t\u00ed p\u0159edstavitel\u00e9 v \u017eidovsk\u00e9m st\u00e1t\u011b nazna\u010dili, \u017ee by mohla b\u00fdt zah\u00e1jena bezprost\u0159edn\u00ed ofenz\u00edva<\/strong><\/span><\/p>\n<p><span>Z\u00e1stupce v\u016fdce militantn\u00ed skupiny prohl\u00e1sil, \u017ee Hizball\u00e1h je p\u0159ipraven \u010delit izraelsk\u00e9 arm\u00e1d\u011b, pokud se pokus\u00ed napadnout Libanon. Naim Qassem to prohl\u00e1sil b\u011bhem sv\u00e9ho prvn\u00edho ve\u0159ejn\u00e9ho projevu od izraelsk\u00e9ho n\u00e1letu, kter\u00fd v p\u00e1tek zabil dlouholet\u00e9ho \u0161\u00e9fa Hizball\u00e1hu Hasana Nasrall\u00e1ha.<\/span><\/p>\n<p><span>Izrael v posledn\u00edch t\u00fddnech eskaloval svou kampa\u0148 proti Hizball\u00e1hu, v\u010detn\u011b bombov\u00fdch \u00fatok\u016f, kter\u00e9 v Libanonu podle m\u00edstn\u00edch zdravotnick\u00fdch \u00fa\u0159ad\u016f zabily nejm\u00e9n\u011b 1300 lid\u00ed.<\/span><\/p>\n<p><span>V pond\u011bl\u00ed Qassem trval na tom, \u017ee\u00a0<\/span><em><span>\u201ejsme p\u0159ipraveni, pokud se Izraelci rozhodnou vstoupit po zemi a s\u00edly odporu budou p\u0159ipraveny k pozemn\u00edmu st\u0159etnut\u00ed\u201c.<\/span><\/em><\/p>\n<p><span>V pond\u011bl\u00ed tak\u00e9 izraelsk\u00fd ministr obrany Yoav Gallant zve\u0159ejnil na X (d\u0159\u00edve Twitter) video rozhovoru s izraelsk\u00fdmi voj\u00e1ky.\u00a0<\/span><em><span>\u201eSpole\u010dn\u011b s bojovn\u00edky 188. brig\u00e1dy na severn\u00ed hranici \u2013 s\u00edly jsou p\u0159ipraveny a p\u0159ipraveny zas\u00e1hnout Hizball\u00e1h silou,\u201c<\/span><\/em><span>\u00a0zn\u011bl doprovodn\u00fd koment\u00e1\u0159 v hebrej\u0161tin\u011b.<\/span><\/p>\n<p><span>Gallant dodal, \u017ee Izrael\u00a0<\/span><em><span>\u201evyu\u017eije v\u0161echny prost\u0159edky, kter\u00e9 m\u00e1me k dispozici\u201c,<\/span><\/em><span>\u00a0aby zajistil, \u017ee se jeho obyvatel\u00e9 mohou vr\u00e1tit do sv\u00fdch domov\u016f na severu zem\u011b.<\/span><\/p>\n<p><span>Oblasti soused\u00edc\u00ed s libanonskou hranic\u00ed se v posledn\u00edch m\u011bs\u00edc\u00edch st\u00e1le v\u00edce dost\u00e1vaj\u00ed pod raketovou palbu militant\u016f Hizball\u00e1hu.<\/span><\/p>\n<p><span>ABC News s odvol\u00e1n\u00edm na nejmenovan\u00e9ho vysok\u00e9ho p\u0159edstavitele USA v sobotu uvedlo, \u017ee Izraelsk\u00e9 obrann\u00e9 s\u00edly (IDF) pl\u00e1nuj\u00ed brzy vstoupit do ji\u017en\u00edho Libanonu jako sou\u010d\u00e1st\u00a0<\/span><em><span>\u201evelmi omezen\u00e9\u201c<\/span><\/em><span>\u00a0pozemn\u00ed operace.<\/span><\/p>\n<p><span>V projevu k izraelsk\u00fdm voj\u00e1k\u016fm minulou st\u0159edu n\u00e1\u010deln\u00edk \u0161t\u00e1bu IDF, gener\u00e1lporu\u010d\u00edk Herzi Halevi, \u0159ekl, \u017ee ned\u00e1vn\u00e9 n\u00e1lety na c\u00edle Hizball\u00e1hu v Libanonu byly zam\u011b\u0159eny na p\u0159\u00edpravu oblasti\u00a0<\/span><em><span>\u201ena mo\u017enost va\u0161eho vstupu\u201c.<\/span><\/em><\/p>\n<p><em><span>&#8222;P\u016fjdete dovnit\u0159, zni\u010d\u00edte tam nep\u0159\u00edtele a rozhodn\u011b zni\u010d\u00edte jejich infrastrukturu,&#8220;<\/span><\/em><span>\u00a0dodal Halevi.<\/span><\/p>\n<p><span>Izraelsk\u00e9 letectvo mezit\u00edm pokra\u010dovalo v \u00fatoc\u00edch na c\u00edle po cel\u00e9m Libanonu. V pond\u011bl\u00ed zjevn\u00fd izraelsk\u00fd n\u00e1let zas\u00e1hl centr\u00e1ln\u00ed Bejr\u00fat poprv\u00e9 od v\u00e1lky v roce 2006, podle report\u00e9r\u016f na zemi.<\/span><\/p>\n<p><span>P\u0159i \u00fatoku zahynuli t\u0159i v\u016fdci Lidov\u00e9 fronty pro osvobozen\u00ed Palestiny (PFLP), potvrdila militantn\u00ed skupina.<\/span><\/p>\n<p><img decoding=\"async\" loading=\"lazy\" class=\"alignnone size-full wp-image-1185\" src=\"http:\/\/www.infokuryr.cz\/n\/wp-content\/uploads\/2021\/04\/kuryr-podpis.png\" alt=\"\" width=\"84\" height=\"24\" \/><\/p>\n<p>&nbsp;<\/p>\n","protected":false},"excerpt":{"rendered":"<p>Vysoc\u00ed vojen\u0161t\u00ed p\u0159edstavitel\u00e9 v \u017eidovsk\u00e9m st\u00e1t\u011b nazna\u010dili, \u017ee by mohla b\u00fdt zah\u00e1jena bezprost\u0159edn\u00ed ofenz\u00edva Z\u00e1stupce&#8230;<\/p>\n","protected":false},"author":2,"featured_media":63276,"comment_status":"closed","ping_status":"closed","sticky":false,"template":"","format":"standard","meta":[],"categories":[7],"tags":[1917,6772,107,405],"_links":{"self":[{"href":"https:\/\/www.infokuryr.cz\/n\/wp-json\/wp\/v2\/posts\/63275"}],"collection":[{"href":"https:\/\/www.infokuryr.cz\/n\/wp-json\/wp\/v2\/posts"}],"about":[{"href":"https:\/\/www.infokuryr.cz\/n\/wp-json\/wp\/v2\/types\/post"}],"author":[{"embeddable":true,"href":"https:\/\/www.infokuryr.cz\/n\/wp-json\/wp\/v2\/users\/2"}],"replies":[{"embeddable":true,"href":"https:\/\/www.infokuryr.cz\/n\/wp-json\/wp\/v2\/comments?post=63275"}],"version-history":[{"count":0,"href":"https:\/\/www.infokuryr.cz\/n\/wp-json\/wp\/v2\/posts\/63275\/revisions"}],"wp:featuredmedia":[{"embeddable":true,"href":"https:\/\/www.infokuryr.cz\/n\/wp-json\/wp\/v2\/media\/63276"}],"wp:attachment":[{"href":"https:\/\/www.infokuryr.cz\/n\/wp-json\/wp\/v2\/media?parent=63275"}],"wp:term":[{"taxonomy":"category","embeddable":true,"href":"https:\/\/www.infokuryr.cz\/n\/wp-json\/wp\/v2\/categories?post=63275"},{"taxonomy":"post_tag","embeddable":true,"href":"https:\/\/www.infokuryr.cz\/n\/wp-json\/wp\/v2\/tags?post=63275"}],"curies":[{"name":"wp","href":"https:\/\/api.w.org\/{rel}","templated":true}]}}