{"id":6323,"date":"2021-11-22T05:47:45","date_gmt":"2021-11-22T04:47:45","guid":{"rendered":"http:\/\/www.infokuryr.cz\/n\/?p=6323"},"modified":"2021-11-22T05:47:45","modified_gmt":"2021-11-22T04:47:45","slug":"belorusko-informuje-o-novych-pokusech-polska-litvy-a-lotysska-o-vytlaceni-migrantu","status":"publish","type":"post","link":"https:\/\/www.infokuryr.cz\/n\/2021\/11\/22\/belorusko-informuje-o-novych-pokusech-polska-litvy-a-lotysska-o-vytlaceni-migrantu\/","title":{"rendered":"B\u011blorusko informuje o nov\u00fdch pokusech Polska, Litvy a Loty\u0161ska o vytla\u010den\u00ed migrant\u016f"},"content":{"rendered":"<div id=\"fb-root\"><\/div>\n<p><strong>Polsko, Litva a Loty\u0161sko pokra\u010duj\u00ed v pokusech o n\u00e1siln\u00e9 vytla\u010den\u00ed migrant\u016f na b\u011blorusk\u00e9 \u00fazem\u00ed, o situaci informuje B\u011blorusk\u00fd v\u00fdbor pro ochranu hranic.<\/strong><\/p>\n<p>\u201eSituace na hranici z\u016fst\u00e1v\u00e1 napjat\u00e1. Pokra\u010duj\u00ed pokusy n\u00e1siln\u00e9ho a krut\u00e9ho vytla\u010den\u00ed skupin migrant\u016f z \u00fazem\u00ed sousedn\u00edch \u010dlensk\u00fdch st\u00e1t\u016f Evropsk\u00e9 unie. Za uplynul\u00fdch 24 hodin se litev\u0161t\u00ed ozbrojenci pokusili vytla\u010dit do B\u011bloruska dev\u011bt skupiny o celkov\u00e9m po\u010dtu p\u0159es 140 lid\u00ed, pol\u0161t\u00ed 12 skupin s asi 350 lidmi. V loty\u0161sk\u00e9m sm\u011bru prob\u011bhl jeden pokus n\u00e1siln\u00e9ho vytla\u010den\u00ed minim\u00e1ln\u011b 20 uprchl\u00edk\u016f,\u201c uv\u00e1d\u00ed pohrani\u010dn\u00ed v\u00fdbor na telegramov\u00e9m kan\u00e1lu.<\/p>\n<p>Podle zpr\u00e1v\u00a0B\u011blorusk\u00e9ho v\u00fdboru pro ochranu hranic\u00a0se nyn\u00ed nedaleko b\u011blorusk\u00e9 hranice na p\u0159ilehl\u00e9m \u00fazem\u00ed v t\u011b\u017ek\u00fdch podm\u00ednk\u00e1ch nach\u00e1z\u00ed t\u0159i skupiny uprchl\u00edk\u016f, mezi kter\u00fdmi jsou \u017eeny a d\u011bti. Z polsk\u00e9 strany jsou dv\u011b skupiny se 110 lidmi, z loty\u0161sk\u00e9ho a litevsk\u00e9ho sm\u011bru po jedn\u00e9 skupin\u011b, celkem p\u0159es 30 lid\u00ed.<\/p>\n<p>\u201eV\u0161ichni tito lid\u00e9 neberou B\u011blorusko jako zemi dal\u0161\u00edho pobytu, odm\u00edtaj\u00ed dobrovoln\u011b p\u0159ej\u00edt na na\u0161e \u00fazem\u00ed a maj\u00ed v \u00famyslu zam\u00ed\u0159it do Evropy, aby z\u00edskali status uprchl\u00edka,\u201c zd\u016fraznili v b\u011blorusk\u00e9m v\u00fdboru.<\/p>\n<p><strong>Z\u00e1stupci OSN nav\u0161t\u00edvili uprchlick\u00e9 centrum<\/strong><\/p>\n<p>Z\u00e1stupci\u00a0\u00da\u0159adu Vysok\u00e9ho komisa\u0159e OSN pro uprchl\u00edky\u00a0a tak\u00e9 z\u00e1stupci mezin\u00e1rodn\u00ed organizace pro migraci nav\u0161t\u00edvili logistick\u00e9 centrum na b\u011blorusko-polsk\u00e9 hranici, kde nyn\u00ed pob\u00fdvaj\u00ed uprchl\u00edci.<\/p>\n<p>Delegace OSN dorazila do logistick\u00e9ho centra v b\u011blorusk\u00e9 vesnici Bruzgi, kter\u00fd b\u011blorusk\u00e9 \u00fa\u0159ady poskytly jako do\u010dasn\u00e9 m\u00edsto pro uprchl\u00edky. Z\u00e1stupci OSN si mohli prohl\u00e9dnout m\u00edsto nedaleko b\u011blorusko-polsk\u00e9 hranice.<\/p>\n<p>\u201eSch\u00e1z\u00edme se s na\u0161imi n\u00e1rodn\u00edmi partnery a zva\u017eujeme r\u016fzn\u00e1 st\u0159edn\u011bdob\u00e1 opat\u0159en\u00ed na \u0159e\u0161en\u00ed situace s migranty. N\u011bkdo pl\u00e1nuje podat \u017e\u00e1dost, n\u011bkdo se chce vr\u00e1tit dom\u016f. Na\u0161e organizace vyz\u00fdv\u00e1 v\u0161echny strany, aby tento probl\u00e9m urychlen\u011b spole\u010dn\u011b vy\u0159e\u0161ily. Zde mluv\u00edme o B\u011blorusku a sousedn\u00edch evropsk\u00fdch zem\u00edch. Vyz\u00fdv\u00e1me tak\u00e9 zem\u011b, aby respektovaly mezin\u00e1rodn\u00ed pr\u00e1vo, pr\u00e1va uprchl\u00edk\u016f a aby okam\u017eit\u011b za\u010daly probl\u00e9m \u0159e\u0161it,\u201c uvedla z\u00e1stupkyn\u011b mezin\u00e1rodn\u00ed organizace pro migraci OSN v B\u011blorusku Machym Orazmuchammedova.<\/p>\n<p><strong>Situace na hranic\u00edch a migra\u010dn\u00ed krize<\/strong><\/p>\n<p>P\u0159ipome\u0148me, \u017ee v l\u00e9t\u011b se na hranici B\u011bloruska a Polska a tak\u00e9 B\u011bloruska a pobaltsk\u00fdch zem\u00ed zna\u010dn\u011b zes\u00edlilo proud\u011bn\u00ed uprchl\u00edk\u016f z Bl\u00edzk\u00e9ho v\u00fdchodu a Afriky, kte\u0159\u00ed se sna\u017eili dostat do z\u00e1padn\u00ed Evropy. Situace se vyhrotila 8. listopadu, kdy se u hrani\u010dn\u00edho p\u0159echodu shrom\u00e1\u017edily asi dva tis\u00edce\u00a0migrant\u016f, kte\u0159\u00ed si zde spont\u00e1nn\u011b zalo\u017eili t\u00e1bor.<\/p>\n<p>Tento t\u00fdden se uprchl\u00edci p\u0159esunuli na hrani\u010dn\u00ed p\u0159echod Bruzgi na b\u011blorusko-polsk\u00e9 hranici a v \u00fater\u00fd se pokusili prolomit hranici, ale polsk\u00e9 bezpe\u010dnostn\u00ed slo\u017eky je zastavily pomoc\u00ed speci\u00e1ln\u00edch prost\u0159edk\u016f. Vy\u0161et\u0159ovac\u00ed v\u00fdbor B\u011bloruska se za\u010dal situac\u00ed zab\u00fdvat kv\u016fli pou\u017eit\u00ed zvl\u00e1\u0161tn\u00edch prost\u0159edk\u016f: migranti, kte\u0159\u00ed se sna\u017eili prorazit hranici, se fyzicky nach\u00e1zeli na b\u011blorusk\u00e9m \u00fazem\u00ed. Agentura pozd\u011bji zah\u00e1jila trestn\u00ed \u0159\u00edzen\u00ed a jedn\u00e1n\u00ed polsk\u00e9 strany kvalifikovala jako trestn\u00fd \u010din proti\u00a0bezpe\u010dnosti.<\/p>\n<p>Z\u00e1pad z toho, co se na hranic\u00edch d\u011bje, vin\u00ed B\u011blorusy. Nicm\u00e9n\u011b Minsk opakovan\u011b odm\u00edtl v\u0161echna obvin\u011bn\u00ed z vytvo\u0159en\u00ed migra\u010dn\u00ed krize. Tamn\u00ed prezident\u00a0Alexandr Luka\u0161enko\u00a0dokonce prohl\u00e1sil, \u017ee zem\u011b u\u017e nebude omezovat tok lid\u00ed: kv\u016fli sankc\u00edm Z\u00e1padu na to pr\u00fd nejsou \u201eani pen\u00edze, ani energie\u201c.<\/p>\n<p><a href=\"https:\/\/cz.sputniknews.com\/20211120\/belorusko-informuje-o-novych-pokusech-polska-litvy-a-lotysska-o-vytlaceni-migrantu-16576836.html\">ZDROJ<\/a><\/p>\n<p>&nbsp;<\/p>\n<p>&nbsp;<\/p>\n","protected":false},"excerpt":{"rendered":"<p>Polsko, Litva a Loty\u0161sko pokra\u010duj\u00ed v pokusech o n\u00e1siln\u00e9 vytla\u010den\u00ed migrant\u016f na b\u011blorusk\u00e9 \u00fazem\u00ed, o&#8230;<\/p>\n","protected":false},"author":2,"featured_media":3803,"comment_status":"closed","ping_status":"closed","sticky":false,"template":"","format":"standard","meta":[],"categories":[7],"tags":[150,208,31,148],"_links":{"self":[{"href":"https:\/\/www.infokuryr.cz\/n\/wp-json\/wp\/v2\/posts\/6323"}],"collection":[{"href":"https:\/\/www.infokuryr.cz\/n\/wp-json\/wp\/v2\/posts"}],"about":[{"href":"https:\/\/www.infokuryr.cz\/n\/wp-json\/wp\/v2\/types\/post"}],"author":[{"embeddable":true,"href":"https:\/\/www.infokuryr.cz\/n\/wp-json\/wp\/v2\/users\/2"}],"replies":[{"embeddable":true,"href":"https:\/\/www.infokuryr.cz\/n\/wp-json\/wp\/v2\/comments?post=6323"}],"version-history":[{"count":0,"href":"https:\/\/www.infokuryr.cz\/n\/wp-json\/wp\/v2\/posts\/6323\/revisions"}],"wp:featuredmedia":[{"embeddable":true,"href":"https:\/\/www.infokuryr.cz\/n\/wp-json\/wp\/v2\/media\/3803"}],"wp:attachment":[{"href":"https:\/\/www.infokuryr.cz\/n\/wp-json\/wp\/v2\/media?parent=6323"}],"wp:term":[{"taxonomy":"category","embeddable":true,"href":"https:\/\/www.infokuryr.cz\/n\/wp-json\/wp\/v2\/categories?post=6323"},{"taxonomy":"post_tag","embeddable":true,"href":"https:\/\/www.infokuryr.cz\/n\/wp-json\/wp\/v2\/tags?post=6323"}],"curies":[{"name":"wp","href":"https:\/\/api.w.org\/{rel}","templated":true}]}}