{"id":63198,"date":"2024-09-30T00:30:20","date_gmt":"2024-09-29T22:30:20","guid":{"rendered":"https:\/\/www.infokuryr.cz\/n\/?p=63198"},"modified":"2024-09-29T16:27:05","modified_gmt":"2024-09-29T14:27:05","slug":"sociolog-vysvetlil-fialovu-techniku-vladnuti-a-proto-lide-nejsou-nespokojeni","status":"publish","type":"post","link":"https:\/\/www.infokuryr.cz\/n\/2024\/09\/30\/sociolog-vysvetlil-fialovu-techniku-vladnuti-a-proto-lide-nejsou-nespokojeni\/","title":{"rendered":"Sociolog vysv\u011btlil Fialovu \u201etechniku vl\u00e1dnut\u00ed\u201c. A proto lid\u00e9 nejsou nespokojen\u00ed"},"content":{"rendered":"<div id=\"fb-root\"><\/div>\n<p><strong>\u201eFialova vl\u00e1da je mimo\u0159\u00e1dn\u011b \u00fasp\u011b\u0161n\u00e1 v tom, \u017ee dr\u017e\u00ed o\u010dek\u00e1v\u00e1n\u00ed lid\u00ed n\u00edzko. Lidi u\u017e \u010dekaj\u00ed, \u017ee bude h\u016f\u0159 a h\u016f\u0159. Z hlediska techniky vl\u00e1dnut\u00ed je to dobr\u00fd kousek,\u201c poznamenal v rozhovoru pro Sv\u011bdom\u00ed n\u00e1roda sociolog Petr Hampl. O\u010dek\u00e1v\u00e1, \u017ee cenzura v \u010cesku bude zesilovat. A \u017ee ke spole\u010densk\u00e9 zm\u011bn\u011b dojde, \u201ea\u017e se v t\u00e9to zemi vyno\u0159\u00ed kontra elita, je\u017e u\u017e se n\u011bkde formuje\u201c.<\/strong><\/p>\n<p>\u00davodem Hampl odpov\u00eddal na dotaz, zda n\u00e1s na\u0161e poloha, velikost a historick\u00e9 zku\u0161enosti p\u0159edur\u010duj\u00ed k\u00a0tomu, \u017ee budeme v\u017edy sv\u00fdm zp\u016fsobem vazalsk\u00fdm st\u00e1tem.<\/p>\n<p>\u201eMysl\u00edm, \u017ee to tak nutn\u011b nen\u00ed. Pod\u00edvejme se na Rakousko. Raku\u0161ani si hl\u00eddaj\u00ed svou ekonomiku, dr\u017e\u00ed si ji, dr\u017e\u00ed si i vojenskou neutralitu a dal\u0161\u00ed v\u011bci, a nen\u00ed to v\u011bt\u0161\u00ed st\u00e1t. Cel\u00e9 roky byli dokonce okupovan\u00ed Rudou arm\u00e1dou. Vid\u00edme tak\u00e9 Ma\u010farsko a jeho nez\u00e1vislou politiku. Mo\u017en\u00e1 i Slovensko. Kdyby se v\u00a0\u010cesku na\u0161el dobr\u00fd politick\u00fd v\u016fdce a kdyby se zm\u011bnila mocensk\u00e1 situace, tak bychom to dok\u00e1zali tak\u00e9,\u201c \u0159ekl Hampl v<strong><a href=\"https:\/\/www.svedomi-naroda.cz\/2024\/09\/26\/jsme-predurceni-byt-vazaly-petr-hampl-o-budoucnosti-ceska-a-vladnuti\/\" target=\"_blank\" rel=\"nofollow noopener\">\u00a0rozhovoru<\/a>.<\/strong><\/p>\n<p>\u201eKdy\u017e si na americk\u00e9 velvyslanectv\u00ed pozvali pana Babi\u0161e, sl\u00edbil jim v\u0161e, a u\u017e v\u00a0hlav\u011b \u0161rotovalo, jak to obelst\u00edt. Kdy\u017e si tam ale pozvou pana Fialu, tak oni ani je\u0161t\u011b nedo\u0159eknou a on u\u017e jim nab\u00edz\u00ed v\u0161e t\u0159ikr\u00e1t v\u00edc. Jenom aby se zavd\u011b\u010dil. Jak s\u00a0t\u00edmhle pak m\u016f\u017eeme m\u00edt n\u011bjakou samostatnost? P\u0159itom by i v\u00a0tomto prost\u0159ed\u00ed jednozna\u010dn\u011b bylo mo\u017en\u00e9 hr\u00e1t vlastn\u00ed hru i o n\u011bco usilovat,\u201c pouk\u00e1zal sociolog Hampl.<\/p>\n<p>C\u00edlem elit je podle Hampla udr\u017eovat lidi v\u00a0klamu, aby byli l\u00e9pe ovladateln\u00ed a aby nemohli pak d\u011blat fundovan\u00e1 rozhodnut\u00ed. \u201eD\u011bje se to a tak\u00e9 to ka\u017edou chv\u00edli praskne, nap\u0159\u00edklad \u017ee CIA dala n\u011bkde pen\u00edze za \u0161\u00ed\u0159en\u00ed n\u011bjak\u00e9 f\u00e1my,\u201c podotkl.<\/p>\n<p>Kam povede cenzura v\u00a0\u010cesk\u00e9 republice? \u201eJednozna\u010dn\u011b zes\u00edl\u00ed a lid\u00e9 si to nechaj\u00ed l\u00edbit,\u201c m\u00edn\u00ed Hampl. A vysv\u011btlil n\u011bkter\u00e9 sociologick\u00e9 aspekty \u201etechnologie vl\u00e1dnut\u00ed\u201c.<\/p>\n<p>\u201eLidov\u00e1 nespokojenost nen\u00ed tehdy, kdy\u017e jsou p\u0159\u00edsn\u00e9 pom\u011bry a lidem se da\u0159\u00ed \u0161patn\u011b. Lidov\u00e1 nespokojenost vznik\u00e1 tehdy, kdy\u017e je rozd\u00edl mezi o\u010dek\u00e1v\u00e1n\u00edmi a t\u00edm, co se re\u00e1ln\u011b d\u011bje. Fialova vl\u00e1da je mimo\u0159\u00e1dn\u011b \u00fasp\u011b\u0161n\u00e1 v tom, \u017ee dr\u017e\u00ed o\u010dek\u00e1v\u00e1n\u00ed lid\u00ed n\u00edzko. Lidi u\u017e \u010dekaj\u00ed, \u017ee bude h\u016f\u0159 a h\u016f\u0159. Z hlediska techniky vl\u00e1dnut\u00ed je to dobr\u00fd kousek,\u201d \u0159\u00edk\u00e1 sociolog.<\/p>\n<p>Druh\u00e1 v\u011bc je, \u017ee samotn\u00e1 nespokojenost lid\u00ed nevede ke zm\u011bn\u00e1m. \u201eAby do\u0161lo ke skute\u010dn\u00e9 zm\u011bn\u011b, tak se mus\u00ed st\u00e1t n\u011bco jin\u00e9ho. N\u011bkde ve spole\u010dnosti mus\u00ed vyr\u016fst kontra elita, tedy skupina lid\u00ed, kter\u00e1 je na tom se sv\u00fdmi schopnostmi v\u00fdrazn\u011b l\u00e9pe ne\u017e vl\u00e1dnouc\u00ed vrstva, pak teprve je ten re\u017eim ohro\u017een,\u201c dodal Hampl.<\/p>\n<p>\u201eMy \u010dek\u00e1me na to, a\u017e se v\u00a0t\u00e9to zemi vyno\u0159\u00ed kontra elita. Douf\u00e1m, \u017ee u\u017e se n\u011bkde formuje. Kdy\u017e se pod\u00edv\u00e1me na v\u0161echny velk\u00e9 syst\u00e9mov\u00e9 zm\u011bny za posledn\u00edch 300 let, v\u017edy to bylo tak, \u017ee b\u011bhem generace p\u0159ed tou zm\u011bnou, v\u00a0tichosti vyrostla kontra elita, kter\u00e1 najednou zjistila, \u017ee jsou siln\u00ed a \u017ee u\u017e se nemus\u00ed na tu \u0161lechtu ohl\u00ed\u017eet,\u201c dovodil z\u00a0historie Petr Hampl.<\/p>\n<p><strong>Pozn\u00e1mka IK:<\/strong> Nejen na ambas\u00e1d\u011b USA je Fiala aktivn\u00ed. Hlavn\u011b v EU pln\u00ed p\u0159\u00edkazy do punt\u00edku a je\u0161t\u011b nad r\u00e1mec. Za socialismu se takov\u00fdm lidem \u0159\u00edkalo &#8211; &#8222;aktivn\u00ed blb&#8220;.<\/p>\n<p><a href=\"https:\/\/www.parlamentnilisty.cz\/arena\/monitor\/Sociolog-vysvetlil-Fialovu-techniku-vladnuti-A-proto-lide-nejsou-nespokojeni-762391\">ZDROJ<\/a><\/p>\n<p><em>Foto:\u00a0<strong>Sv\u011bdom\u00ed n\u00e1roda<\/strong><\/em><br \/>\n<em>Popisek:\u00a0<strong>Sociolog Petr Hampl<\/strong><\/em><\/p>\n<p>&nbsp;<\/p>\n","protected":false},"excerpt":{"rendered":"<p>\u201eFialova vl\u00e1da je mimo\u0159\u00e1dn\u011b \u00fasp\u011b\u0161n\u00e1 v tom, \u017ee dr\u017e\u00ed o\u010dek\u00e1v\u00e1n\u00ed lid\u00ed n\u00edzko. Lidi u\u017e \u010dekaj\u00ed,&#8230;<\/p>\n","protected":false},"author":2,"featured_media":63199,"comment_status":"closed","ping_status":"closed","sticky":false,"template":"","format":"standard","meta":[],"categories":[6],"tags":[1042,535,99],"_links":{"self":[{"href":"https:\/\/www.infokuryr.cz\/n\/wp-json\/wp\/v2\/posts\/63198"}],"collection":[{"href":"https:\/\/www.infokuryr.cz\/n\/wp-json\/wp\/v2\/posts"}],"about":[{"href":"https:\/\/www.infokuryr.cz\/n\/wp-json\/wp\/v2\/types\/post"}],"author":[{"embeddable":true,"href":"https:\/\/www.infokuryr.cz\/n\/wp-json\/wp\/v2\/users\/2"}],"replies":[{"embeddable":true,"href":"https:\/\/www.infokuryr.cz\/n\/wp-json\/wp\/v2\/comments?post=63198"}],"version-history":[{"count":1,"href":"https:\/\/www.infokuryr.cz\/n\/wp-json\/wp\/v2\/posts\/63198\/revisions"}],"predecessor-version":[{"id":63200,"href":"https:\/\/www.infokuryr.cz\/n\/wp-json\/wp\/v2\/posts\/63198\/revisions\/63200"}],"wp:featuredmedia":[{"embeddable":true,"href":"https:\/\/www.infokuryr.cz\/n\/wp-json\/wp\/v2\/media\/63199"}],"wp:attachment":[{"href":"https:\/\/www.infokuryr.cz\/n\/wp-json\/wp\/v2\/media?parent=63198"}],"wp:term":[{"taxonomy":"category","embeddable":true,"href":"https:\/\/www.infokuryr.cz\/n\/wp-json\/wp\/v2\/categories?post=63198"},{"taxonomy":"post_tag","embeddable":true,"href":"https:\/\/www.infokuryr.cz\/n\/wp-json\/wp\/v2\/tags?post=63198"}],"curies":[{"name":"wp","href":"https:\/\/api.w.org\/{rel}","templated":true}]}}