{"id":63190,"date":"2024-09-30T00:36:58","date_gmt":"2024-09-29T22:36:58","guid":{"rendered":"https:\/\/www.infokuryr.cz\/n\/?p=63190"},"modified":"2024-09-29T15:48:33","modified_gmt":"2024-09-29T13:48:33","slug":"miroslav-petr-fakta-o-solarkach","status":"publish","type":"post","link":"https:\/\/www.infokuryr.cz\/n\/2024\/09\/30\/miroslav-petr-fakta-o-solarkach\/","title":{"rendered":"Miroslav Petr: Fakta o sol\u00e1rk\u00e1ch"},"content":{"rendered":"<div id=\"fb-root\"><\/div>\n<p><strong>Roman Albrecht m\u00e1 sol\u00e1rn\u00ed elektr\u00e1rnu a na soci\u00e1ln\u00edch s\u00edt\u00edch zve\u0159ejnuje sv\u00e9 zku\u0161enosti.<\/p>\n<p>&#8222;Po\u0159\u00eddil jsem si sol\u00e1rn\u00ed elektr\u00e1rnu za 450 tis\u00edc korun. Moje sol\u00e1rn\u00ed elektr\u00e1rna m\u00e1 10 OOO Wp. Dnes odpoledne vyr\u00e1b\u00ed \u00fa\u017easn\u00fdch 65 W. Moje moment\u00e1ln\u00ed spot\u0159eba je 2 693 W. V\u0161ude m\u00e1m LED \u017e\u00e1rovky, automatiku, kter\u00e1 vyp\u00edn\u00e1, co nen\u00ed pou\u017e\u00edvan\u00e9, teplou vodu vyh\u0159\u00edv\u00e1m kotlem a vodn\u00edm sol\u00e1rn\u00edm oh\u0159evem. P\u0159i \u00fasporn\u00e9m re\u017eimu jsem schopen fungovat maxim\u00e1ln\u011b 5 dn\u00ed. Moje denn\u00ed spot\u0159eba je 25-30 W. Sol\u00e1rky pokryj\u00ed necel\u00fdch 6, slovy \u0161est procent. Sd\u00edlejte to t\u011bm chytr\u00e1k\u016fm, kte\u0159\u00ed vypnou uheln\u00e9 elektr\u00e1rny.&#8220;<\/strong><\/p>\n<p>D\u00edky greendealu se zav\u00edraj\u00ed a dokonce zavod\u0148uj\u00ed \/!!!\/ uheln\u00e9 doly, p\u0159esto\u017ee uhl\u00ed dov\u00e1\u017e\u00edme a\u017e z Austr\u00e1lie. Jde o zlo\u010din, rovnaj\u00edc\u00ed se vlastizrad\u011b. Zav\u0159ou se i uheln\u00e9 elektr\u00e1rny \/v dob\u011b elektroautomobil\u016f!\/, tak\u017ee za dva roky bude nedostatek elekt\u0159iny a bude se vyp\u00ednat. To zni\u010d\u00ed pr\u016fmysl a t\u00edm i ekonomiku a zkomplikuje to \u017eivot v\u0161em lidem. Plynov\u00fdch elektr\u00e1ren m\u00e1me velk\u00fd nedostatek. Dovoz elekt\u0159iny nep\u0159ich\u00e1z\u00ed v \u00favahu, proto\u017ee N\u011bmecko zru\u0161ilo v\u0161echny atomky.<\/p>\n<p>\u017divnostn\u00edk v srpnu platil za elekt\u0159inu 16 000 K\u010d v mal\u00e9m obch\u016fdku 50 metr\u016f \u010dtvere\u010dn\u00edch. D\u00edky, soudruhu Nutelo za ni\u010den\u00ed \u017eivnostn\u00edk\u016f. Proto ten polibek od Lejna.<\/p>\n<p>Na\u0161e vl\u00e1da chce, aby n\u00e1m atomku stav\u011bla Korea. P\u0159esto, \u017ee nukle\u00e1rn\u00ed dozor ASN kritizuje milimetrov\u00e9 net\u011bsnosti p\u0159i v\u00fdrob\u011b d\u00edl\u016f reaktoru vyroben\u00e9ho v Koreji a dodan\u00fdm do Francie. M\u016f\u017eeme se t\u011b\u0161it na v\u00fdbuch Temel\u00edna, co\u017e ukazuje jeho radix.<\/p>\n<p>Na Slovensku se konal 4. n\u00e1rodn\u00ed Pochod za \u017eivot. \u00da\u010dast byla 40 000 lid\u00ed. Mluv\u010d\u00ed akce \u0159ekla: &#8222;Ochrana \u017eivota je v prvn\u00ed \u0159ad\u011b ot\u00e1zkou l\u00e1sky. \u00da\u010dastn\u00edci\u00a0 cht\u011bli vyj\u00e1d\u0159it, \u017ee cht\u011bj\u00ed dobro ka\u017ed\u00e9ho, v\u010detn\u011b nenarozen\u00fdch d\u011bt\u00ed.&#8220; Kupodivu, stal se bo\u017e\u00ed z\u00e1zrak: Loutka- s\u00e1m pape\u017e osobn\u011b pozdravil \u00fa\u010dastn\u00edky pr\u016fvodu.<\/p>\n<p>Nigeriec pokousal a zranil 5 v\u011bze\u0148sk\u00fdch dozorc\u016f, kte\u0159\u00ed m\u011bli z\u00e1kaz se br\u00e1nit&#8230;<\/p>\n<p>V OSN byl schv\u00e1len Pakt pro budoucnost. Dokument, kter\u00fd zav\u00e1d\u00ed celosv\u011btovou totalitu a cenzuru ve v\u0161ech medi\u00edch pod p\u0159\u00edsn\u00fdmi tresty. 99% zem\u00ed to podepsalo.<\/p>\n<p>Ve \u0160v\u00e9dsku n\u011bkolik muslim\u016f zn\u00e1silnilo mal\u00e9ho chlapce tak surov\u011b, \u017ee to pro mimo\u0159\u00e1dnou zvrhlost nelze popsat.<\/p>\n<p>V Bruseli se vyp\u00edn\u00e1 mikrofon, pokud n\u011bkdo kritizuje politiku EU.<\/p>\n<p>Agrese imigrant\u016f k pr\u016fvod\u010d\u00edm ve vlaku je zcela b\u011b\u017en\u00e1 v It\u00e1lii. Je opravdu n\u00e1hoda, \u017ee se na \u010desk\u00fdch \u017eeleznic\u00edch ru\u0161\u00ed pr\u016fvod\u010d\u00ed? Kde jsou ty \u010dasy, kdy\u017e existovala \u017delezni\u010dn\u00ed bezpe\u010dnost.<\/p>\n<p>Japonsk\u00fd expert varoval p\u0159ed nov\u00fdmi &#8222;vakc\u00ednami&#8220;, kter\u00e9 chce Japonsko za\u010d\u00edt pou\u017e\u00edvat. Sta\u010d\u00ed d\u00e1t injekci n\u011bkolika lidem, ti vakc\u00ednou nakaz\u00ed dal\u0161\u00ed. Na mimo\u0159\u00e1dn\u00e9 konferenci japonsk\u00fd expert varoval, \u017ee by Japonsko mohlo rozpoutat glob\u00e1ln\u00ed katastrofu. Zav\u00e1d\u011bn\u00ed t\u011bchto vakc\u00edn by m\u011blo b\u00fdt ihned zastaveno, jinak by nastaly nedoz\u00edrn\u00e9 n\u00e1sledky. Budou-li pod\u00e1v\u00e1ny, p\u016fjde o nejt\u011b\u017e\u0161\u00ed zlo\u010din na sv\u011bt\u011b.<\/p>\n<p>David Icke -Odhalen\u00ed sv\u011btov\u00e9 tyranie a jejich v\u00e1le\u010dn\u00fdch strategi\u00ed. Video mimo jin\u00e9 odhaluje, \u017ee Sorosh, Schwab, Gates a dal\u0161\u00ed jsou jen loutky a nad nimi jsou je\u0161t\u011b dal\u0161\u00ed neviditeln\u00ed, jako nap\u0159. Jezuit\u00e9 \/i tohle video n\u011bkde na internetu je\/ a dal\u0161\u00ed skupiny. Podle n\u011bj je politika jen divadlo- v\u0161e je d\u00e1vno domluven\u00e9. Tzv. levice a pravice mus\u00ed plnit jejich rozkazy. Dnes u\u017e j jasn\u00e9, pro\u010d se p\u0159ed 30 roky neza\u010dala stav\u011bt dal\u0161\u00ed blok Temel\u00ednu, co\u017e navrhoval tehdy ministr \u010cSSD, a pro\u010d jsme se kdysi nep\u0159ihl\u00e1sili k Hedv\u00e1bn\u00e9 stezce.<\/p>\n<p>Seznam- Rusov\u00e9 s\u010d\u00edtaj\u00ed ob\u0159\u00ed \u0161kody. Ukrajinci jim p\u0159i \u00fatoku zni\u010dili 30 tis\u00edc tun munice. CFP- Rusko v posledn\u00edch hodin\u00e1ch zne\u0161kodnilo 1790 ukrajinsk\u00fdch voj\u00e1k\u016f.\u00a0 Oba titulky se objevily ve stejnou dobu. M\u00e1te na v\u00fdb\u011br, komu m\u00e1te v\u011b\u0159it. Tomu se \u0159\u00edk\u00e1 demokracie a pluralita n\u00e1zor\u016f. Dezinformace byly kdysi ve v\u0161ech medi\u00edch, dnes je to stejn\u00e9.<\/p>\n<p>Ho\u0161\u00e1nek Lip\u00e1nek s d\u011btsk\u00fdm xichtem- Je t\u0159eba zbavit se komou\u0161\u016f! Ten klou\u010dek ani nev\u00ed, co \u0159\u00edk\u00e1&#8230;<\/p>\n<p>Nutela, kter\u00fd z ODS ud\u011blal progresivn\u00ed levici: &#8222;Nem\u00edn\u00edm zemi odevzdat levici, sejdu se s Barto\u0161em.&#8220; Jako politolog nev\u00ed co je levice? Ze spojen\u00ed ODS a Loupe\u017en\u00edk\u016f by m\u011bli dezol\u00e1ti a svin\u011b velkou radost. Jen tak d\u00e1l, soudruzi!<\/p>\n<p>EU \u017e\u00e1d\u00e1 potrestat Ma\u010farsko za to, \u017ee umo\u017enilo dvaceti lidem z B\u011bloruska a Ruska, kte\u0159\u00ed \u017e\u00e1dali o pracovn\u00ed m\u00edsta v Madarsku. Nejde o vm\u011b\u0161ov\u00e1n\u00ed EU do z\u00e1le\u017eitost\u00ed jin\u00e9ho st\u00e1tu? Je snad Ma\u010farsko koloni\u00ed EU? To si nedovolili ani i zl\u00ed komunist\u00e9, aby zasahovali do pravomoc\u00ed jin\u00e9ho st\u00e1tu.<\/p>\n<p>Poslanec MUDr. Kotl\u00e1r doporu\u010duje okam\u017eit\u00fd z\u00e1kaz kovid-o\u010dkov\u00e1n\u00ed. Kdy bude m\u00edt takovou odvahu n\u00e1\u0161 premi\u00e9r nebo ministr smrti?<\/p>\n<p><a href=\"https:\/\/www.czechfreepress.cz\/dalsi-blogy\/fakta-o-solarkach.html\">Miroslav Petr<\/a><\/p>\n<p>&nbsp;<\/p>\n","protected":false},"excerpt":{"rendered":"<p>Roman Albrecht m\u00e1 sol\u00e1rn\u00ed elektr\u00e1rnu a na soci\u00e1ln\u00edch s\u00edt\u00edch zve\u0159ejnuje sv\u00e9 zku\u0161enosti. &#8222;Po\u0159\u00eddil jsem si&#8230;<\/p>\n","protected":false},"author":2,"featured_media":61494,"comment_status":"closed","ping_status":"closed","sticky":false,"template":"","format":"standard","meta":[],"categories":[6],"tags":[285,1503,35,122],"_links":{"self":[{"href":"https:\/\/www.infokuryr.cz\/n\/wp-json\/wp\/v2\/posts\/63190"}],"collection":[{"href":"https:\/\/www.infokuryr.cz\/n\/wp-json\/wp\/v2\/posts"}],"about":[{"href":"https:\/\/www.infokuryr.cz\/n\/wp-json\/wp\/v2\/types\/post"}],"author":[{"embeddable":true,"href":"https:\/\/www.infokuryr.cz\/n\/wp-json\/wp\/v2\/users\/2"}],"replies":[{"embeddable":true,"href":"https:\/\/www.infokuryr.cz\/n\/wp-json\/wp\/v2\/comments?post=63190"}],"version-history":[{"count":1,"href":"https:\/\/www.infokuryr.cz\/n\/wp-json\/wp\/v2\/posts\/63190\/revisions"}],"predecessor-version":[{"id":63191,"href":"https:\/\/www.infokuryr.cz\/n\/wp-json\/wp\/v2\/posts\/63190\/revisions\/63191"}],"wp:featuredmedia":[{"embeddable":true,"href":"https:\/\/www.infokuryr.cz\/n\/wp-json\/wp\/v2\/media\/61494"}],"wp:attachment":[{"href":"https:\/\/www.infokuryr.cz\/n\/wp-json\/wp\/v2\/media?parent=63190"}],"wp:term":[{"taxonomy":"category","embeddable":true,"href":"https:\/\/www.infokuryr.cz\/n\/wp-json\/wp\/v2\/categories?post=63190"},{"taxonomy":"post_tag","embeddable":true,"href":"https:\/\/www.infokuryr.cz\/n\/wp-json\/wp\/v2\/tags?post=63190"}],"curies":[{"name":"wp","href":"https:\/\/api.w.org\/{rel}","templated":true}]}}