{"id":63187,"date":"2024-09-30T00:34:30","date_gmt":"2024-09-29T22:34:30","guid":{"rendered":"https:\/\/www.infokuryr.cz\/n\/?p=63187"},"modified":"2024-09-29T15:43:08","modified_gmt":"2024-09-29T13:43:08","slug":"strasne-priserne-caligulu-zelenskeho-nikdo-nezastavi-18000-muzu-padlo-jen-u-kurska-a-ta-stvura-se-smeje","status":"publish","type":"post","link":"https:\/\/www.infokuryr.cz\/n\/2024\/09\/30\/strasne-priserne-caligulu-zelenskeho-nikdo-nezastavi-18000-muzu-padlo-jen-u-kurska-a-ta-stvura-se-smeje\/","title":{"rendered":"Stra\u0161n\u00e9, p\u0159\u00ed\u0161ern\u00e9: Caligulu Zelensk\u00e9ho nikdo nezastav\u00ed? 18000 mu\u017e\u016f padlo jen u Kurska a ta stv\u016fra se sm\u011bje?"},"content":{"rendered":"<div id=\"fb-root\"><\/div>\n<p><span style=\"font-size: 14pt;\"><strong>Ukrajinsk\u00e9 ozbrojen\u00e9 s\u00edly b\u011bhem boj\u016f v Kursk\u00e9 oblasti utrp\u011bly zna\u010dn\u00e9 ztr\u00e1ty, v jejich\u017e d\u016fsledku bylo od vp\u00e1du nep\u0159\u00edtele do regionu ztraceno v\u00edce ne\u017e 18 tis\u00edc voj\u00e1k\u016f.<\/strong><\/span><\/p>\n<div style=\"width: 360px;\" class=\"wp-video\"><!--[if lt IE 9]><script>document.createElement('video');<\/script><![endif]-->\n<video class=\"wp-video-shortcode\" id=\"video-63187-1\" width=\"360\" height=\"640\" preload=\"metadata\" controls=\"controls\"><source type=\"video\/mp4\" src=\"http:\/\/www.infokuryr.cz\/n\/wp-content\/uploads\/2024\/09\/ukrajina-hroby.mp4?_=1\" \/><a href=\"http:\/\/www.infokuryr.cz\/n\/wp-content\/uploads\/2024\/09\/ukrajina-hroby.mp4\">http:\/\/www.infokuryr.cz\/n\/wp-content\/uploads\/2024\/09\/ukrajina-hroby.mp4<\/a><\/video><\/div>\n<p>&nbsp;<\/p>\n<p><strong><span style=\"font-size: 18pt;\">To je \u0161\u00edlen\u00e9: h\u0159bitovy, kam oko dohl\u00e9dne! A ten\u00a0<span class=\"x193iq5w xeuugli x13faqbe x1vvkbs x1xmvt09 x1lliihq x1s928wv xhkezso x1gmr53x x1cpjm7i x1fgarty x1943h6x xudqn12 x3x7a5m x6prxxf xvq8zen xo1l8bm xzsf02u x1yc453h\" dir=\"auto\">zvr\u00e1cen\u00fd \u0161\u00edlenec<\/span>\u00a0si v zelen\u00e9m hraje na Fidela Castra!<\/span><\/strong><\/p>\n<p><strong>Za toto jsou zodpov\u011bdni:<\/strong>\u00a0Stoltenberg, Zelensky, gener\u00e1l Pavel, \u010cernochov\u00e1, Biden, Johnson, a dal\u0161\u00ed v\u00e1le\u010dn\u00ed \u0161tv\u00e1\u010di, kter\u00fdm na ruk\u00e1ch lp\u00ed hektolitry krve mlad\u00fdch Ukrajinc\u016f, ale kte\u0159\u00ed se v\u00e1lej\u00ed ve \u0161t\u00e1bech za obrovsk\u00e9 pen\u00edze, a mlad\u00ed mu\u017ei jsou hn\u00e1ni do masakr\u016f! Pro\u010d nejdou v\u00e1l\u010dit ti, kte\u0159\u00ed mlad\u00e9 mu\u017ee pos\u00edlaj\u00ed na smrt a odm\u00edtaj\u00ed jednat o m\u00edru?<\/p>\n<table>\n<tbody>\n<tr>\n<td><span style=\"font-size: 18pt;\">\u00a0<strong>Stv\u016fra Zelensk\u00fd nechce dohodu, chce boj a st\u00e1lou revoluci!<\/strong><\/span><\/p>\n<p><span class=\"atm-text-decorator\">V polovin\u011b z\u00e1\u0159\u00ed republik\u00e1nsk\u00fd viceprezident J. D. Vance uvedl, \u017ee mezi Ukrajinou a\u00a0Ruskem by mohla vzniknout demarka\u010dn\u00ed linie a\u00a0na ukrajinsk\u00e9m \u00fazem\u00ed obsazen\u00e9m Ruskem by mohla b\u00fdt vyhl\u00e1\u0161ena\u00a0<strong>demilitarizovan\u00e1 z\u00f3na<\/strong>. Podle Vanceho by bylo vhodn\u00e9 sl\u00edbit, \u017ee\u00a0<strong>Ukrajina nevstoup\u00ed do Severoatlantick\u00e9 aliance\u00a0<\/strong>ani s\u00a0NATO neuzav\u0159e jin\u00fd druh vojensk\u00e9ho paktu.<\/span><\/p>\n<p><strong><span class=\"atm-text-decorator\">Tento postup Zelenskyj v\u00a0rozhovoru pro The New York Times odm\u00edtl. Chce v\u00e1lku!<\/span><\/strong><\/p>\n<p><strong>A toto nab\u00edzej\u00ed v\u0161echny m\u00edrov\u00e9 pl\u00e1ny, aby ob\u011b strany nemusly m\u00edt obavy z ne\u010dekan\u00e9ho \u00fatoku tak bl\u00edzko u sebe na Ukrajin\u011b!<\/strong><\/td>\n<\/tr>\n<\/tbody>\n<\/table>\n<p>Ukrajinsk\u00e1 strana nav\u00edc p\u0159i\u0161la tak\u00e9 o zna\u010dn\u00e9 mno\u017estv\u00ed vojensk\u00e9 techniky, v\u010detn\u011b 132 tank\u016f, 64 bojov\u00fdch vozidel p\u011bchoty, 97 obrn\u011bn\u00fdch transport\u00e9r\u016f,<\/p>\n<p>_____________<\/p>\n<div class=\"info_box leva_tretina jpalert\">\n<div class=\"explanationContent\"><strong><span style=\"color: #000080;\"><em>BlackRock Spole\u010dnost BlackRock, Inc. je americk\u00e1 celosv\u011btov\u011b operuj\u00edc\u00ed investi\u010dn\u00ed korporace a spr\u00e1vce finan\u010dn\u00edch fond\u016f se s\u00eddlem v New Yorku. V roce 1988 ji zalo\u017eili Robert S. Kapito a Lawrence D. Fink. V sou\u010dasn\u00e9 dob\u011b se jedn\u00e1 o nejv\u011bt\u0161\u00edho spr\u00e1vce finan\u010dn\u00edch aktiv na sv\u011bt\u011b, s objemem spravovan\u00fdch aktiv ve v\u00fd\u0161i 8 680 miliard USD.<\/em><\/span><\/strong><\/div>\n<div>_____________<\/div>\n<\/div>\n<p>842 bojov\u00fdch obrn\u011bn\u00fdch vozidel, 541 vozidel a 145 d\u011bl. Rusk\u00e9 ministerstvo obrany tvrd\u00ed, \u017ee ukrajinsk\u00e9 ozbrojen\u00e9 s\u00edly ztratily 31 odpalovac\u00edch za\u0159\u00edzen\u00ed v\u00edcen\u00e1sobn\u00fdch odpalovac\u00edch raketov\u00fdch syst\u00e9m\u016f, v\u010detn\u011b t\u011bch vyroben\u00fdch ve Spojen\u00fdch st\u00e1tech, osm odpalovac\u00edch za\u0159\u00edzen\u00ed protiletadlov\u00fdch raketov\u00fdch syst\u00e9m\u016f a p\u011bt transportn\u00edch nakl\u00e1dac\u00edch vozidel, jako\u017e i \u017eenijn\u00ed za\u0159\u00edzen\u00ed, v\u010d. 11 odminovac\u00edch vozidel a odminovac\u00ed za\u0159\u00edzen\u00ed pro protiraketovou obranu 77 a obrn\u011bn\u00e9 vozidlo pro opravy a vypro\u0161\u0165ov\u00e1n\u00ed.<\/p>\n<p>U\u017e od roku 2014 \u017e\u00e1d\u00e1 Rusko Ukrajinu, aby nevra\u017edila a nemu\u010dila Rusy na ukrajinsk\u00e9m \u00fazem\u00ed, a nep\u0159ipustila, aby na jej\u00edm \u00fazem\u00ed byly z\u00e1kladny na dost\u0159el Moskvy.<\/p>\n<p><img decoding=\"async\" loading=\"lazy\" class=\"aligncenter\" src=\"https:\/\/www.skrytapravda.cz\/images\/blogy\/2951\/mir\/m%C3%ADr_c2683.webp\" alt=\"m\u00edr c2683\" width=\"671\" height=\"378\" \/><\/p>\n<p>Zelensk\u00fd zaprodal svou vlast, ukrajinsk\u00fd n\u00e1rod. Prodal svoji zem krimin\u00e1ln\u00edm a v\u00e1l\u010den\u00fdm stv\u016fr\u00e1m BlackRock, jenom aby se zapsal do d\u011bjin a mlad\u00ed Ukrajinci ho nezaj\u00edmaj\u00ed. Chce v\u00e1lku, chce smrt, chce zab\u00edjet.<\/p>\n<p><strong><span style=\"font-size: 18pt;\">A ty h\u0159bitovy jsou jejich d\u00edlo: i Trump v\u00ed, \u017ee masakry statis\u00edc\u016f mlad\u00fdch mu\u017e\u016f nen\u00ed \u0159e\u0161en\u00ed! Pouze stv\u016fry se bav\u00ed, jak voj\u00e1\u010dci kapaj\u00ed!<\/span><br \/>\n<\/strong><\/p>\n<p><span style=\"font-size: 18pt;\"><strong>P.S.<\/strong><\/span>\u00a0<em>Toto jsme \u017e\u00e1dali (viz v\u00fd\u0161e Vance)\u00a0 i zde na Skryt\u00e9 Pravd\u011b od oku 2014, pota\u017emo od roku 2022. Pak n\u00e1s napadl Babi\u0161, \u017ee jsme proru\u0161t\u00ed kolaboranti spole\u010dn\u011b s BIS Koudelkou (lze dohledat) a n\u00e1sledn\u011b Fiala zablokoval weby op\u011bt s on\u00edm BIS Koudelkou. P\u0159itom slovo kolaborant,l pokud VIS nepracuje pro \u010deskou zem, ale poslouch\u00e1 americkou CIA je hovorov\u011b (pr\u00e1vn\u011b nev\u00edme, nejsme pr\u00e1vn\u00edci) pr\u00e1v\u011b on\u00edm vlastizr\u00e1dcem a kolaborantem, a je\u0161t\u011b se s t\u00edm na s\u00edt\u00edch vytahuje! Tak \u0161\u00edlen\u00e9 to je!<\/em><\/p>\n<p><a href=\"https:\/\/www.skrytapravda.cz\/ze-zahranici\/2134-strasne-priserne-caligulu-zelenskeho-nikdo-nezastavi-18000-padlo-jen-u-kurska-a-ta-stvura-se-smeje\">Petr Pokorn\u00fd<\/a><\/p>\n<p>&nbsp;<\/p>\n","protected":false},"excerpt":{"rendered":"<p>Ukrajinsk\u00e9 ozbrojen\u00e9 s\u00edly b\u011bhem boj\u016f v Kursk\u00e9 oblasti utrp\u011bly zna\u010dn\u00e9 ztr\u00e1ty, v jejich\u017e d\u016fsledku bylo&#8230;<\/p>\n","protected":false},"author":2,"featured_media":41529,"comment_status":"closed","ping_status":"closed","sticky":false,"template":"","format":"standard","meta":[],"categories":[6],"tags":[6064,1503,26,321,1000],"_links":{"self":[{"href":"https:\/\/www.infokuryr.cz\/n\/wp-json\/wp\/v2\/posts\/63187"}],"collection":[{"href":"https:\/\/www.infokuryr.cz\/n\/wp-json\/wp\/v2\/posts"}],"about":[{"href":"https:\/\/www.infokuryr.cz\/n\/wp-json\/wp\/v2\/types\/post"}],"author":[{"embeddable":true,"href":"https:\/\/www.infokuryr.cz\/n\/wp-json\/wp\/v2\/users\/2"}],"replies":[{"embeddable":true,"href":"https:\/\/www.infokuryr.cz\/n\/wp-json\/wp\/v2\/comments?post=63187"}],"version-history":[{"count":0,"href":"https:\/\/www.infokuryr.cz\/n\/wp-json\/wp\/v2\/posts\/63187\/revisions"}],"wp:featuredmedia":[{"embeddable":true,"href":"https:\/\/www.infokuryr.cz\/n\/wp-json\/wp\/v2\/media\/41529"}],"wp:attachment":[{"href":"https:\/\/www.infokuryr.cz\/n\/wp-json\/wp\/v2\/media?parent=63187"}],"wp:term":[{"taxonomy":"category","embeddable":true,"href":"https:\/\/www.infokuryr.cz\/n\/wp-json\/wp\/v2\/categories?post=63187"},{"taxonomy":"post_tag","embeddable":true,"href":"https:\/\/www.infokuryr.cz\/n\/wp-json\/wp\/v2\/tags?post=63187"}],"curies":[{"name":"wp","href":"https:\/\/api.w.org\/{rel}","templated":true}]}}