{"id":63181,"date":"2024-09-30T00:41:40","date_gmt":"2024-09-29T22:41:40","guid":{"rendered":"https:\/\/www.infokuryr.cz\/n\/?p=63181"},"modified":"2024-09-29T16:15:31","modified_gmt":"2024-09-29T14:15:31","slug":"severni-korea-rika-ze-usa-riskuji-jadernou-katastrofu","status":"publish","type":"post","link":"https:\/\/www.infokuryr.cz\/n\/2024\/09\/30\/severni-korea-rika-ze-usa-riskuji-jadernou-katastrofu\/","title":{"rendered":"Severn\u00ed Korea \u0159\u00edk\u00e1, \u017ee USA riskuj\u00ed \u201ejadernou katastrofu\u201c"},"content":{"rendered":"<div id=\"fb-root\"><\/div>\n<p><span style=\"font-size: 18pt;\"><strong>Kim Yo-jong, vysok\u00e1 p\u0159edstavitelka a sestra v\u016fdce zem\u011b, varovala, \u017ee poskytnut\u00edm v\u00edce zbran\u00ed Kyjevu by Washington mohl vyvolat glob\u00e1ln\u00ed \u201ekatastrofu\u201c<\/strong><\/span><\/p>\n<p>USA podstupuj\u00ed nebezpe\u010dn\u00fd hazard t\u00edm, \u017ee poskytuj\u00ed Ukrajin\u011b st\u00e1le v\u00edce zbran\u00ed a zd\u00e1nliv\u011b ignoruj\u00ed varov\u00e1n\u00ed Ruska, co\u017e by mohlo vyvolat\u00a0<em>\u201ejadernou katastrofu\u201c,<\/em>\u00a0prohl\u00e1sila Kim Jo-d\u017eong, sestra severokorejsk\u00e9ho v\u016fdce.<\/p>\n<p>B\u011bhem st\u00e1tn\u00ed n\u00e1v\u0161t\u011bvy Severn\u00ed Koreje letos v \u010dervnu rusk\u00fd prezident Vladimir Putin a v\u016fdce Kim \u010cong-un podepsali Smlouvu o komplexn\u00edm strategick\u00e9m partnerstv\u00ed. Dokument obsahuje z\u00e1vazek Moskvy a Pchjongjangu, \u017ee si budou vz\u00e1jemn\u011b pom\u00e1hat v p\u0159\u00edpad\u011b zahrani\u010dn\u00ed agrese. Putin tehdy tak\u00e9 prohl\u00e1sil, \u017ee\u00a0<em>\u201eRusko nevylu\u010duje rozvoj vojensk\u00e9 spolupr\u00e1ce s KLDR\u201c,<\/em>\u00a0vzhledem k tomu, \u017ee z\u00e1padn\u00ed st\u00e1ty dod\u00e1vaj\u00ed Ukrajin\u011b pokro\u010dil\u00e9 zbran\u011b.<\/p>\n<p>V tiskov\u00e9m prohl\u00e1\u0161en\u00ed zve\u0159ejn\u011bn\u00e9m v ned\u011bli Kim Jo-d\u017eong p\u0159edpov\u011bd\u011bl, \u017ee\u00a0<em>\u201edodate\u010dn\u00e1 vojensk\u00e1 podpora USA pro Ukrajinu zp\u016fsob\u00ed sv\u011btu jadernou katastrofu\u201c.<\/em>\u00a0Odsoudila jako\u00a0<em>\u201epo\u0161etil\u00e9\u201c<\/em>\u00a0rozhodnut\u00ed americk\u00e9ho prezidenta Joea Bidena ze za\u010d\u00e1tku tohoto t\u00fddne dodat Kyjevu vojenskou pomoc v hodnot\u011b t\u00e9m\u011b\u0159 8 miliard dolar\u016f.<\/p>\n<p>Podle severokorejsk\u00e9ho p\u0159edstavitele tento nejnov\u011bj\u0161\u00ed v\u00fdvoj poslou\u017e\u00ed pouze k prodlou\u017een\u00ed ukrajinsk\u00e9ho konfliktu a povzbud\u00ed\u00a0<em>\u201edal\u0161\u00ed dobrodru\u017enou vojenskou akci\u201c<\/em>\u00a0ze strany Kyjeva.<\/p>\n<p>Kim na americk\u00e9 veden\u00ed navrhla, \u017ee by m\u011blo odvolat ukrajinsk\u00e9ho v\u016fdce Vladimira Zelensk\u00e9ho, kter\u00e9ho ozna\u010dila za\u00a0<em>\u201ehloup\u00e9ho a hloup\u00e9ho chlapa\u201c.<\/em><\/p>\n<p><em>&#8222;Kalamita je nevyhnuteln\u00e1, pokud<\/em>\u00a0nebude zastaveno \u0161\u00edlenstv\u00ed\u00a0<em>Zelensk\u00e9ho,&#8220;<\/em>\u00a0varovala.<\/p>\n<p>Kim zd\u016fraznil, \u017ee\u00a0<em>\u201eUSA a Z\u00e1pad by nem\u011bly ignorovat ani podce\u0148ovat p\u0159\u00edsn\u00e1 rusk\u00e1 varov\u00e1n\u00ed\u201c<\/em>\u00a0\u2013 co\u017e je zjevn\u00fd odkaz na prezidenta Putina, kter\u00fd ned\u00e1vno mluvil o pot\u0159eb\u011b aktualizovat moskevskou jadernou doktr\u00ednu.<\/p>\n<p><em>&#8222;Dok\u00e1\u017eou se USA a Z\u00e1pad vypo\u0159\u00e1dat s d\u016fsledky, kter\u00e9 bude m\u00edt za n\u00e1sledek jejich sou\u010dasn\u00fd neboj\u00e1cn\u00fd v\u00e1le\u010dn\u00fd hazard proti Rusku, jadern\u00e9 supervelmoci?&#8220;<\/em>\u00a0zeptal se r\u00e9toricky severokorejsk\u00fd \u00fa\u0159edn\u00edk.<\/p>\n<p>B\u011bhem st\u0159ede\u010dn\u00edho zased\u00e1n\u00ed Rady n\u00e1rodn\u00ed bezpe\u010dnosti rusk\u00fd v\u016fdce navrhl, aby seznam krit\u00e9ri\u00ed ospravedl\u0148uj\u00edc\u00edch jadern\u00fd \u00fader zahrnoval\u00a0<em>\u201emasivn\u00ed\u201c<\/em>\u00a0raketov\u00fd nebo leteck\u00fd \u00fatok zah\u00e1jen\u00fd jin\u00fdm st\u00e1tem proti Rusku nebo jeho nejbli\u017e\u0161\u00edmu spojenci B\u011blorusku. Up\u0159esnil, \u017ee zbran\u011b pou\u017eit\u00e9 p\u0159i potenci\u00e1ln\u00edm \u00fatoku mohou sahat od balistick\u00fdch nebo \u0159\u00edzen\u00fdch st\u0159el a\u017e po strategick\u00e1 letadla a drony.<\/p>\n<p><em>&#8222;Agrese proti Rusku ze strany jak\u00e9hokoli nejadern\u00e9ho st\u00e1tu&#8230; podporovan\u00e9ho jadernou mocnost\u00ed by m\u011bla b\u00fdt pova\u017eov\u00e1na za jejich spole\u010dn\u00fd \u00fatok,&#8220;<\/em>\u00a0dodal Putin.<\/p>\n<p>Zastavil se u toho, kdy p\u0159esn\u011b vstoup\u00ed v platnost zm\u011bny rusk\u00e9 jadern\u00e9 doktr\u00edny.<\/p>\n<p><img decoding=\"async\" loading=\"lazy\" class=\"alignnone size-full wp-image-1185\" src=\"http:\/\/www.infokuryr.cz\/n\/wp-content\/uploads\/2021\/04\/kuryr-podpis.png\" alt=\"\" width=\"84\" height=\"24\" \/><\/p>\n<p>&nbsp;<\/p>\n","protected":false},"excerpt":{"rendered":"<p>Kim Yo-jong, vysok\u00e1 p\u0159edstavitelka a sestra v\u016fdce zem\u011b, varovala, \u017ee poskytnut\u00edm v\u00edce zbran\u00ed Kyjevu by&#8230;<\/p>\n","protected":false},"author":2,"featured_media":63182,"comment_status":"closed","ping_status":"closed","sticky":false,"template":"","format":"standard","meta":[],"categories":[7],"tags":[6815,2986,37,1402],"_links":{"self":[{"href":"https:\/\/www.infokuryr.cz\/n\/wp-json\/wp\/v2\/posts\/63181"}],"collection":[{"href":"https:\/\/www.infokuryr.cz\/n\/wp-json\/wp\/v2\/posts"}],"about":[{"href":"https:\/\/www.infokuryr.cz\/n\/wp-json\/wp\/v2\/types\/post"}],"author":[{"embeddable":true,"href":"https:\/\/www.infokuryr.cz\/n\/wp-json\/wp\/v2\/users\/2"}],"replies":[{"embeddable":true,"href":"https:\/\/www.infokuryr.cz\/n\/wp-json\/wp\/v2\/comments?post=63181"}],"version-history":[{"count":0,"href":"https:\/\/www.infokuryr.cz\/n\/wp-json\/wp\/v2\/posts\/63181\/revisions"}],"wp:featuredmedia":[{"embeddable":true,"href":"https:\/\/www.infokuryr.cz\/n\/wp-json\/wp\/v2\/media\/63182"}],"wp:attachment":[{"href":"https:\/\/www.infokuryr.cz\/n\/wp-json\/wp\/v2\/media?parent=63181"}],"wp:term":[{"taxonomy":"category","embeddable":true,"href":"https:\/\/www.infokuryr.cz\/n\/wp-json\/wp\/v2\/categories?post=63181"},{"taxonomy":"post_tag","embeddable":true,"href":"https:\/\/www.infokuryr.cz\/n\/wp-json\/wp\/v2\/tags?post=63181"}],"curies":[{"name":"wp","href":"https:\/\/api.w.org\/{rel}","templated":true}]}}