{"id":63145,"date":"2024-09-29T05:29:12","date_gmt":"2024-09-29T03:29:12","guid":{"rendered":"https:\/\/www.infokuryr.cz\/n\/?p=63145"},"modified":"2024-09-29T05:29:43","modified_gmt":"2024-09-29T03:29:43","slug":"netanjahu-vyhrozuje-iranu-izraelskou-dlouhou-rukou","status":"publish","type":"post","link":"https:\/\/www.infokuryr.cz\/n\/2024\/09\/29\/netanjahu-vyhrozuje-iranu-izraelskou-dlouhou-rukou\/","title":{"rendered":"Netanjahu vyhro\u017euje \u00cdr\u00e1nu izraelskou \u201edlouhou rukou\u201c"},"content":{"rendered":"<div id=\"fb-root\"><\/div>\n<p><span style=\"font-size: 18pt;\"><strong>Izraelsk\u00fd premi\u00e9r prezentuje zabit\u00ed Hasana Nasrall\u00e1ha jako varov\u00e1n\u00ed pro Teher\u00e1n i pro \u0161ir\u0161\u00ed Bl\u00edzk\u00fd v\u00fdchod<\/strong><\/span><\/p>\n<p>Izraelsk\u00fd atent\u00e1t na v\u016fdce Hizball\u00e1hu Hasana Nasrall\u00e1ha v Libanonu ukazuje, \u017ee \u017e\u00e1dn\u00e9 m\u00edsto na Bl\u00edzk\u00e9m v\u00fdchod\u011b nen\u00ed mimo dosah \u017eidovsk\u00e9ho st\u00e1tu, varoval v sobotu premi\u00e9r Benjamin Netanjahu region\u00e1ln\u00ed rivaly a nep\u0159\u00e1tele v televizn\u00edm projevu.<\/p>\n<p>Izraelsk\u00e9 obrann\u00e9 s\u00edly (IDF) zabily v\u016fdce libanonsk\u00e9 militantn\u00ed skupiny p\u0159i bombardov\u00e1n\u00ed podzemn\u00edho komplexu v Bejr\u00fatu. Hizball\u00e1h v sobotu potvrdil Nasrall\u00e1hovu smrt.<\/p>\n<p>Netanjahu varoval \u00cdr\u00e1n \u2013 odkazoval se na n\u011bj jako na\u00a0<em>\u201ere\u017eim ajatol\u00e1h\u016f\u201c<\/em>\u00a0\u2013 \u017ee Izrael podnikne odvetu proti jak\u00e9mukoli st\u00e1tu, kter\u00fd jej ohro\u017euje.<\/p>\n<p>\u201eTi, kte\u0159\u00ed ude\u0159\u00ed na n\u00e1s, my ude\u0159\u00edme na n\u011b. V \u00cdr\u00e1nu ani na St\u0159edn\u00edm v\u00fdchod\u011b nen\u00ed nikde mimo dosah dlouh\u00e9ho ramene Izraele a dnes v\u00edte, jak je to pravda.<\/p>\n<p>Zabit\u00ed Nasrall\u00e1ha slou\u017e\u00ed jako dodate\u010dn\u00e1 zpr\u00e1va Hamasu, \u0159ekl Netanjahu.\u00a0<em>\u201e\u010c\u00edm v\u00edce si politick\u00fd \u0161\u00e9f Ham\u00e1su Yahya Sinwar uv\u011bdomuje, \u017ee Hizball\u00e1h u\u017e nep\u0159ich\u00e1z\u00ed, aby ho zachr\u00e1nil, t\u00edm v\u011bt\u0161\u00ed jsou \u0161ance na n\u00e1vrat na\u0161ich rukojm\u00edch,\u201c<\/em>\u00a0prohl\u00e1sil.<\/p>\n<p>Netanjahu d\u00e1le Izraelce varoval, \u017ee nadch\u00e1zej\u00edc\u00ed dny budou t\u011b\u017ek\u00e9.\u00a0<em>&#8222;Budeme \u010delit v\u00fdznamn\u00fdm v\u00fdzv\u00e1m v nadch\u00e1zej\u00edc\u00edch dnech a budeme je \u0159e\u0161it,&#8220;<\/em>\u00a0\u0159ekl a popsal toto obdob\u00ed jako\u00a0<em>&#8222;historick\u00fd zlom.&#8220;<\/em><\/p>\n<p>Podle zdroj\u016f z ABC News m\u016f\u017ee IDF pl\u00e1novat pozemn\u00ed operaci proti Hizball\u00e1hu v Libanonu.<\/p>\n<p>Hizball\u00e1h a Izrael se v posledn\u00ed dob\u011b zapojuj\u00ed do st\u00e1le \u010dast\u011bj\u0161\u00edch p\u0159eshrani\u010dn\u00edch \u00fader\u016f, co\u017e vyvol\u00e1v\u00e1 obavy z rozs\u00e1hl\u00e9ho konfliktu od za\u010d\u00e1tku v\u00e1lky mezi Izraelem a Ham\u00e1sem loni v \u0159\u00edjnu. Nap\u011bt\u00ed eskalovalo na za\u010d\u00e1tku z\u00e1\u0159\u00ed, kdy v Libanonu explodovaly tis\u00edce pager\u016f a ru\u010dn\u00edch vys\u00edla\u010dek, co\u017e m\u011blo za n\u00e1sledek des\u00edtky mrtv\u00fdch a tis\u00edce zran\u011bn\u00ed. OSN odsoudila v\u00fdbuchy elektroniky jako\u00a0<em>\u201enep\u0159ijateln\u00e9\u201c,<\/em>\u00a0p\u0159i\u010dem\u017e \u0161\u00e9f organizace pro lidsk\u00e1 pr\u00e1va Volker Turk vyzval k d\u016fkladn\u00e9mu vy\u0161et\u0159en\u00ed.<\/p>\n<p>Zat\u00edmco Izrael svou \u00fa\u010dast nepotvrdil ani nepop\u0159el, m\u00e1 se za to, \u017ee tajn\u00fd \u00fatok provedla izraelsk\u00e1 rozv\u011bdka.<\/p>\n<h1><strong>Izrael napadne Libanon<\/strong><\/h1>\n<p><img decoding=\"async\" loading=\"lazy\" class=\"aligncenter\" src=\"https:\/\/mf.b37mrtl.ru\/files\/2024.09\/xxs\/66f86ede85f54041f10430e3.jpg\" alt=\"Izrael napadne Libanon \u2013 m\u00e9dia\" width=\"598\" height=\"336\" \/><\/p>\n<p><span style=\"font-size: 18pt;\"><strong>Vysok\u00fd americk\u00fd \u00fa\u0159edn\u00edk potvrdil ABC pl\u00e1ny z\u00e1padn\u00edho Jeruzal\u00e9ma<\/strong><\/span><\/p>\n<p>Izraelsk\u00e9 obrann\u00e9 s\u00edly (IDF) pl\u00e1nuj\u00ed brzy vstoupit do ji\u017en\u00edho Libanonu, uvedla v sobotu ABC News s odvol\u00e1n\u00edm na nejmenovan\u00e9ho vysok\u00e9ho p\u0159edstavitele USA. Americk\u00fd server popsal p\u0159edpokl\u00e1danou operaci jako\u00a0<em>\u201evelmi omezenou\u201c,<\/em>\u00a0ale poskytl n\u011bkolik podrobnost\u00ed o jej\u00ed povaze nebo o tom, kdy m\u016f\u017ee za\u010d\u00edt.<\/p>\n<p>Ve st\u0159edu n\u00e1\u010deln\u00edk \u0161t\u00e1bu IDF, gener\u00e1lporu\u010d\u00edk Herzi Halevi, ozn\u00e1mil potenci\u00e1ln\u00ed pozemn\u00ed operaci v sousedn\u00edm st\u00e1t\u011b, kdy\u017e hovo\u0159il s voj\u00e1ky um\u00edst\u011bn\u00fdmi na severn\u00ed hranici Izraele. N\u00e1lety proti c\u00edl\u016fm Hizball\u00e1hu v Libanonu b\u011bhem minul\u00e9ho t\u00fddne byly zam\u011b\u0159eny zejm\u00e9na na p\u0159\u00edpravu oblasti\u00a0<em>\u201ena mo\u017enost va\u0161eho vstupu\u201c,<\/em>\u00a0\u0159ekl gener\u00e1l voj\u00e1k\u016fm.<\/p>\n<p>Podle Haleviho se Izrael st\u00e1le sna\u017eil vr\u00e1tit vys\u00eddlen\u00e9 obyvatele ze severn\u00edch oblast\u00ed do jejich domov\u016f.\u00a0<em>&#8222;Za t\u00edmto \u00fa\u010delem p\u0159ipravujeme [pozemn\u00ed] man\u00e9vr,&#8220;<\/em>\u00a0\u0159ekl gener\u00e1l, ani\u017e by prozradil \u010dasov\u00fd r\u00e1mec operace.<\/p>\n<p><em>&#8222;P\u016fjdete dovnit\u0159, zni\u010d\u00edte tam nep\u0159\u00edtele a rozhodn\u011b zni\u010d\u00edte jejich infrastrukturu,&#8220;<\/em>\u00a0\u0159ekl Halevi a dodal, \u017ee Hizball\u00e1h \u00fadajn\u011b prom\u011bnil vesnice na\u00a0<em>&#8222;velk\u00e9 vojensk\u00e9 z\u00e1kladny s podzemn\u00ed infrastrukturou, stanovi\u0161ti a odpalovac\u00edmi rampami na na\u0161em \u00fazem\u00ed.&#8220;<\/em><\/p>\n<p>Izrael a Hizball\u00e1h si b\u011bhem posledn\u00edho roku sporadicky vym\u011b\u0148ovaly palbu, proto\u017ee Hizball\u00e1h podporoval palestinskou v\u011bc ve sv\u011btle vojensk\u00e9 operace Z\u00e1padn\u00edho Jeruzal\u00e9ma proti Ham\u00e1su.<\/p>\n<p>Z\u00e1padn\u00ed Jeruzal\u00e9m po\u010d\u00e1tkem tohoto m\u011bs\u00edce drasticky eskaloval svou kampa\u0148 proti \u0161\u00editsk\u00fdm milic\u00edm, p\u0159i\u010dem\u017e p\u0159i sabot\u00e1\u017en\u00ed operaci zam\u011b\u0159en\u00e9 na ru\u010dn\u00ed komunika\u010dn\u00ed za\u0159\u00edzen\u00ed skupiny zranil tis\u00edce lid\u00ed a n\u00e1sledn\u011b bombardoval ji\u017en\u00ed Libanon n\u00e1lety. Izraelsk\u00e9 \u00fatoky si podle libanonsk\u00fdch zdravotnick\u00fdch \u00fa\u0159ad\u016f vy\u017e\u00e1daly nejm\u00e9n\u011b 1300 ob\u011bt\u00ed.<\/p>\n<p>Zpr\u00e1va ABC p\u0159i\u0161la jen den pot\u00e9, co byl v\u016fdce Hizball\u00e1hu Hassan Nasrall\u00e1h zabit p\u0159i velk\u00e9m izraelsk\u00e9m n\u00e1letu zam\u011b\u0159en\u00e9m na to, co bylo popisov\u00e1no jako hlavn\u00ed velitelstv\u00ed skupiny na ji\u017en\u00edm p\u0159edm\u011bst\u00ed libanonsk\u00e9ho hlavn\u00edho m\u011bsta Bejr\u00fatu. Milice potvrdila smrt sv\u00e9ho v\u016fdce v sobotu brzy r\u00e1no. Nebyl jmenov\u00e1n \u017e\u00e1dn\u00fd n\u00e1stupce Nasrall\u00e1ha.<\/p>\n<p>Z\u00e1padn\u00ed Jeruzal\u00e9m pozd\u011bji v sobotu uvedl, \u017ee t\u00e9m\u011b\u0159 v\u0161ichni vojen\u0161t\u00ed v\u016fdci Hizball\u00e1hu byli zlikvidov\u00e1ni. Sd\u00edlela tak\u00e9 seznam tuctu nejvy\u0161\u0161\u00edch velitel\u016f milice zabit\u00fdch b\u011bhem posledn\u00edch n\u011bkolika t\u00fddn\u016f.<\/p>\n<p>Washington reagoval na Nasrall\u00e1hovu smrt t\u00edm, \u017ee ji ozna\u010dil za\u00a0<em>\u201em\u00edru spravedlnosti pro jeho mnoho ob\u011bt\u00ed, v\u010detn\u011b tis\u00edc\u016f Ameri\u010dan\u016f, Izraelc\u016f a libanonsk\u00fdch civilist\u016f\u201c.<\/em>\u00a0Rovn\u011b\u017e zopakovala svou plnou podporu\u00a0<em>\u201epr\u00e1vu Z\u00e1padn\u00edho Jeruzal\u00e9ma na obranu\u201c,<\/em>\u00a0ale tak\u00e9 uvedla, \u017ee USA se sna\u017e\u00ed\u00a0<em>\u201edeeskalovat\u201c<\/em>\u00a0konflikt.<\/p>\n<p>Rusko odsoudilo izraelsk\u00e9 \u00fatoky v Libanonu a varovalo, \u017ee takov\u00e9 akce mohou uvrhnout cel\u00fd Bl\u00edzk\u00fd v\u00fdchod do\u00a0<em>\u201evelk\u00e9 v\u00e1lky\u201c.<\/em><\/p>\n<p><img decoding=\"async\" loading=\"lazy\" class=\"alignnone size-full wp-image-1185\" src=\"http:\/\/www.infokuryr.cz\/n\/wp-content\/uploads\/2021\/04\/kuryr-podpis.png\" alt=\"\" width=\"84\" height=\"24\" \/><\/p>\n<p>&nbsp;<\/p>\n","protected":false},"excerpt":{"rendered":"<p>Izraelsk\u00fd premi\u00e9r prezentuje zabit\u00ed Hasana Nasrall\u00e1ha jako varov\u00e1n\u00ed pro Teher\u00e1n i pro \u0161ir\u0161\u00ed Bl\u00edzk\u00fd v\u00fdchod&#8230;<\/p>\n","protected":false},"author":2,"featured_media":63146,"comment_status":"closed","ping_status":"closed","sticky":false,"template":"","format":"standard","meta":[],"categories":[7],"tags":[4537,38,107,405,2064],"_links":{"self":[{"href":"https:\/\/www.infokuryr.cz\/n\/wp-json\/wp\/v2\/posts\/63145"}],"collection":[{"href":"https:\/\/www.infokuryr.cz\/n\/wp-json\/wp\/v2\/posts"}],"about":[{"href":"https:\/\/www.infokuryr.cz\/n\/wp-json\/wp\/v2\/types\/post"}],"author":[{"embeddable":true,"href":"https:\/\/www.infokuryr.cz\/n\/wp-json\/wp\/v2\/users\/2"}],"replies":[{"embeddable":true,"href":"https:\/\/www.infokuryr.cz\/n\/wp-json\/wp\/v2\/comments?post=63145"}],"version-history":[{"count":1,"href":"https:\/\/www.infokuryr.cz\/n\/wp-json\/wp\/v2\/posts\/63145\/revisions"}],"predecessor-version":[{"id":63147,"href":"https:\/\/www.infokuryr.cz\/n\/wp-json\/wp\/v2\/posts\/63145\/revisions\/63147"}],"wp:featuredmedia":[{"embeddable":true,"href":"https:\/\/www.infokuryr.cz\/n\/wp-json\/wp\/v2\/media\/63146"}],"wp:attachment":[{"href":"https:\/\/www.infokuryr.cz\/n\/wp-json\/wp\/v2\/media?parent=63145"}],"wp:term":[{"taxonomy":"category","embeddable":true,"href":"https:\/\/www.infokuryr.cz\/n\/wp-json\/wp\/v2\/categories?post=63145"},{"taxonomy":"post_tag","embeddable":true,"href":"https:\/\/www.infokuryr.cz\/n\/wp-json\/wp\/v2\/tags?post=63145"}],"curies":[{"name":"wp","href":"https:\/\/api.w.org\/{rel}","templated":true}]}}