{"id":63143,"date":"2024-09-29T05:21:56","date_gmt":"2024-09-29T03:21:56","guid":{"rendered":"https:\/\/www.infokuryr.cz\/n\/?p=63143"},"modified":"2024-09-29T05:21:56","modified_gmt":"2024-09-29T03:21:56","slug":"predni-neurolog-prozradil-ze-adhd-neexistuje-vymysleli-ho-aby-udelali-deti-zavisle-na-lecich","status":"publish","type":"post","link":"https:\/\/www.infokuryr.cz\/n\/2024\/09\/29\/predni-neurolog-prozradil-ze-adhd-neexistuje-vymysleli-ho-aby-udelali-deti-zavisle-na-lecich\/","title":{"rendered":"P\u0159edn\u00ed neurolog prozradil, \u017ee ADHD neexistuje: \u201eVymysleli ho, aby ud\u011blali d\u011bti z\u00e1visl\u00e9 na l\u00e9c\u00edch\u201c"},"content":{"rendered":"<div id=\"fb-root\"><\/div>\n<p><strong>Porucha pozornosti s hyperaktivitou (ADHD) podle p\u0159edn\u00edho americk\u00e9ho behavior\u00e1ln\u00edho biologa Dr. Richarda Saula neexistuje a byla vymy\u0161lena farmaceutick\u00fdmi firmami, kter\u00e9 se spikly s vl\u00e1dn\u00edmi regula\u010dn\u00edmi agenturami, aby mal\u00fdm a zraniteln\u00fdm d\u011btem mohly nasadit lukrativn\u00ed psychiatrick\u00e9 l\u00e9ky.<\/strong><\/p>\n<p><em><span>\u201ePo 50 letech praktikov\u00e1n\u00ed medic\u00edny a pot\u00e9, co jsem vid\u011bl tis\u00edce pacient\u016f projevuj\u00edc\u00edch symptomy ADHD, jsem dosp\u011bl k z\u00e1v\u011bru, \u017ee nic takov\u00e9ho jako ADHD neexistuje,\u201c<\/span><\/em><span> vysv\u011btluje Dr. Saul.<\/span><\/p>\n<p><em><span>\u201eToto takzvan\u00e9 onemocn\u011bn\u00ed se v posledn\u00edch letech roz\u0161\u00ed\u0159ilo po cel\u00e9m sv\u011bt\u011b jako po\u017e\u00e1r s obrovsk\u00fdm n\u00e1r\u016fstem po\u010dtu diagn\u00f3z a p\u0159edepsan\u00fdch l\u00e9k\u016f,\u201c\u00a0<\/span><\/em><span>\u00a0pokra\u010duje doktor Saul.<\/span><\/p>\n<p><em><span>\u201eV\u00edce ne\u017e 4 procent\u016fm dosp\u011bl\u00fdch a 11 procent\u016fm d\u011bt\u00ed v USA bylo diagnostikov\u00e1no onemocn\u011bn\u00ed ADHD.\u201c<\/span><\/em><\/p>\n<p><span>V\u0161ichni m\u00e1me roztr\u017eit\u00e9 chv\u00edle, kdy se sna\u017e\u00edme zorganizovat, jsme nezkoncentrovan\u00ed nebo moment\u00e1ln\u011b za\u017e\u00edv\u00e1me v\u00fdbuch hn\u011bvu \u2013 to v\u0161e jsou p\u0159\u00edznaky ADHD. Mnoz\u00ed p\u0159edpokl\u00e1daj\u00ed, \u017ee odpov\u011bd\u00ed jsou l\u00e9ky, co\u017e vysv\u011btluje i n\u00e1r\u016fst po\u010dtu l\u00e9\u010den\u00fdch d\u011bt\u00ed.<\/span><\/p>\n<p><span>Minul\u00fd m\u011bs\u00edc v\u0161ak spole\u010dnost\u00a0<\/span><em><span>Express Scripts<\/span><\/em><span>\u00a0zve\u0159ejnila novou zpr\u00e1vu, kter\u00e1 odhalila alarmuj\u00edc\u00ed statistiku: mezi lety 2008 a\u017e 2012 vzrostl po\u010det Ameri\u010dan\u016f, kte\u0159\u00ed u\u017e\u00edvaj\u00ed l\u00e9ky k l\u00e9\u010db\u011b ADHD, o 36 procent.<\/span><\/p>\n<h2><span>Jsou p\u0159\u00edznaky ADHD ve skute\u010dnosti p\u0159\u00edznaky jin\u00fdch zdravotn\u00edch probl\u00e9m\u016f?<\/span><\/h2>\n<p><em><span>\u201ePodle m\u00e9ho n\u00e1zoru ani jeden jedinec nen\u00ed posti\u017een poruchou zvanou ADHD, jak ji dnes definujeme,\u201c<\/span><\/em><span>\u00a0\u0159\u00edk\u00e1 Dr. Richard Saul, doktor medic\u00edny, behavior\u00e1ln\u00ed neurolog a autor knihy s n\u00e1zvem \u201eADHD neexistuje\u201c.<\/span><\/p>\n<p><span>P\u0159\u00edznaky ADHD souvis\u00ed s v\u00edce ne\u017e 20 jin\u00fdmi l\u00e9ka\u0159sk\u00fdmi diagn\u00f3zami, jako jsou\u00a0<\/span><a href=\"https:\/\/www.badatel.net\/zahodte-okuliare-a-ziskajte-spat-svoj-zrak\/\"><span>\u0161patn\u00fd zrak<\/span><\/a><span>\u00a0, nedostatek sp\u00e1nku \u010di bipol\u00e1rn\u00ed porucha. Kdy\u017e se tyto probl\u00e9my l\u00e9\u010d\u00ed, p\u0159\u00edznaky nedostatku pozornosti a hyperaktivity zmiz\u00ed.<\/span><\/p>\n<p><em><span>\u201eTuto \u201anemoc&#8216; definujeme sp\u00ed\u0161e podle symptom\u016f ne\u017e podle p\u0159\u00ed\u010diny,\u201c<\/span><\/em><span> vysv\u011btluje Dr. Saul.<\/span><\/p>\n<p><em><span>\u201eUcpan\u00fd nos zvan\u00fd r\u00fdma m\u016f\u017ee b\u00fdt p\u0159\u00edznakem nachlazen\u00ed, alergie nebo mnoha jin\u00fdch zdravotn\u00edch stav\u016f, ale r\u00fdma nen\u00ed diagn\u00f3za.\u201c<\/span><\/em><\/p>\n<p><span>Kniha Dr. Saula zp\u016fsobila zna\u010dn\u00fd rozruch v l\u00e9ka\u0159sk\u00e9 komunit\u011b, jako\u017e iu lid\u00ed s diagnostikovan\u00fdm ADHD.<\/span><\/p>\n<p><span>Bez ohledu na to, zda s n\u00edm souhlas\u00edte nebo ne, ohniv\u00e1 bou\u0159e, kterou kniha vyvol\u00e1v\u00e1, je jen a jen prosp\u011b\u0161n\u00e1. Nyn\u00ed m\u016f\u017eeme j\u00edt za na\u0161imi l\u00e9ka\u0159i s v\u011bt\u0161\u00edm pov\u011bdom\u00edm o tomto t\u00e9matu, abychom se ujistili, \u017ee se l\u00e9\u010d\u00edme na skute\u010dn\u00fd probl\u00e9m a ne jen na symptomy probl\u00e9mu.<\/span><\/p>\n<p><span>Jedna v\u011bc, na kter\u00e9 se ur\u010dit\u011b v\u0161ichni shodneme, byla nejl\u00e9pe pops\u00e1na ve studii\u00a0<\/span><em><span>Express Scripts<\/span><\/em><span>\u00a0:<\/span><\/p>\n<p><em><span>\u201eTrendy signalizuj\u00ed pot\u0159ebu bl\u00ed\u017ee se pod\u00edvat na to, jak a pro\u010d l\u00e9ka\u0159i p\u0159edepisuj\u00ed tyto l\u00e9ky dosp\u011bl\u00fdm, a pot\u0159ebu, aby p\u0159edepisuj\u00edc\u00ed l\u00e9ka\u0159i pln\u011b zhodnotili cel\u00e9 psychosoci\u00e1ln\u00ed prost\u0159ed\u00ed jednotliv\u00e9ho pacienta je\u0161t\u011b p\u0159edt\u00edm, ne\u017e s\u00e1hnou po l\u00edstku na p\u0159edpis.\u201c<\/span><\/em><\/p>\n<h2><span>Z\u00e1v\u011br<\/span><\/h2>\n<p><span>Nikdy v minulosti nebylo obdob\u00ed, kdy jsme byli v\u00edce rozpt\u00fdleni ne\u017e nyn\u00ed. Na\u0161e ka\u017edodenn\u00ed technologie n\u00e1m d\u00e1v\u00e1 pocit, \u017ee o n\u011bco p\u0159ich\u00e1z\u00edme, nev\u011bnujeme-li pozornost milion\u016fm v\u011bc\u00ed najednou.<\/span><\/p>\n<p><span>Bohu\u017eel n\u00e1r\u016fst u\u017e\u00edv\u00e1n\u00ed l\u00e9k\u016f na ADHD nen\u00ed v\u016fbec p\u0159ekvapuj\u00edc\u00ed.<\/span><\/p>\n<p><span>Nade\u0161el v\u0161ak \u010das, abychom za\u010dali s dialogem a posunuli sv\u016fj zp\u016fsob (nesoust\u0159ed\u011bn\u00e9ho) my\u0161len\u00ed sm\u011brem k mo\u017enosti, \u017ee jednoho dne by se to mohlo naz\u00fdvat \u201eporucha d\u0159\u00edve zn\u00e1m\u00e1 jako ADHD\u201c.<\/span><\/p>\n<p><span>Autor: Baxter Dmitrij, Zdroj:\u00a0<\/span><a href=\"https:\/\/thepeoplesvoice.tv\/top-neurologist-blows-whistle-adhd-does-not-exist-it-was-invented-to-hook-kids-on-drugs\/\" target=\"_blank\" rel=\"noopener\"><span>thepeoplesvoice.tv<\/span><\/a><span>\u00a0<\/span><\/p>\n<p>&nbsp;<\/p>\n","protected":false},"excerpt":{"rendered":"<p>Porucha pozornosti s hyperaktivitou (ADHD) podle p\u0159edn\u00edho americk\u00e9ho behavior\u00e1ln\u00edho biologa Dr. Richarda Saula neexistuje a&#8230;<\/p>\n","protected":false},"author":2,"featured_media":63144,"comment_status":"closed","ping_status":"closed","sticky":false,"template":"","format":"standard","meta":[],"categories":[7],"tags":[7427,245,1020,1877],"_links":{"self":[{"href":"https:\/\/www.infokuryr.cz\/n\/wp-json\/wp\/v2\/posts\/63143"}],"collection":[{"href":"https:\/\/www.infokuryr.cz\/n\/wp-json\/wp\/v2\/posts"}],"about":[{"href":"https:\/\/www.infokuryr.cz\/n\/wp-json\/wp\/v2\/types\/post"}],"author":[{"embeddable":true,"href":"https:\/\/www.infokuryr.cz\/n\/wp-json\/wp\/v2\/users\/2"}],"replies":[{"embeddable":true,"href":"https:\/\/www.infokuryr.cz\/n\/wp-json\/wp\/v2\/comments?post=63143"}],"version-history":[{"count":0,"href":"https:\/\/www.infokuryr.cz\/n\/wp-json\/wp\/v2\/posts\/63143\/revisions"}],"wp:featuredmedia":[{"embeddable":true,"href":"https:\/\/www.infokuryr.cz\/n\/wp-json\/wp\/v2\/media\/63144"}],"wp:attachment":[{"href":"https:\/\/www.infokuryr.cz\/n\/wp-json\/wp\/v2\/media?parent=63143"}],"wp:term":[{"taxonomy":"category","embeddable":true,"href":"https:\/\/www.infokuryr.cz\/n\/wp-json\/wp\/v2\/categories?post=63143"},{"taxonomy":"post_tag","embeddable":true,"href":"https:\/\/www.infokuryr.cz\/n\/wp-json\/wp\/v2\/tags?post=63143"}],"curies":[{"name":"wp","href":"https:\/\/api.w.org\/{rel}","templated":true}]}}