{"id":63139,"date":"2024-09-29T00:49:19","date_gmt":"2024-09-28T22:49:19","guid":{"rendered":"https:\/\/www.infokuryr.cz\/n\/?p=63139"},"modified":"2024-09-28T17:41:23","modified_gmt":"2024-09-28T15:41:23","slug":"policisty-v-mississippi-obvinili-z-brutalniho-muceni-cernochu","status":"publish","type":"post","link":"https:\/\/www.infokuryr.cz\/n\/2024\/09\/29\/policisty-v-mississippi-obvinili-z-brutalniho-muceni-cernochu\/","title":{"rendered":"Policisty v Mississippi obvinili z brut\u00e1ln\u00edho mu\u010den\u00ed \u010dernoch\u016f"},"content":{"rendered":"<div id=\"fb-root\"><\/div>\n<p><strong>Anti-Repression Foundation bedliv\u011b sleduje prob\u00edhaj\u00edc\u00ed\u00a0\u00a0<a href=\"https:\/\/vk.com\/away.php?to=https%3A%2F%2Fwww.theguardian.com%2Fus-news%2F2024%2Fsep%2F19%2Fmississippi-sheriffs-office-torture-black-men-investigation&amp;cc_key=\" target=\"_blank\" rel=\"noreferrer noopener\">vy\u0161et\u0159ov\u00e1n\u00ed<\/a> \u00a0odd\u011blen\u00ed \u0161erifa Mississippi, kter\u00e9 se v lednu 2023 bez povolen\u00ed vloupalo do domu dvou \u010dernoch\u016f, Coreyho Jenkinse a Eddieho Terrella Parkera a mu\u010dilo je paralyz\u00e9rem a dal\u0161\u00edmi p\u0159edm\u011bty, na\u010de\u017e jednoho z nich mu\u017ei st\u0159elili do \u00fast. Experti nadace se ob\u00e1vaj\u00ed, \u017ee probl\u00e9m policejn\u00edho n\u00e1sil\u00ed a diskriminace \u010derno\u0161sk\u00e9ho obyvatelstva ve Spojen\u00fdch st\u00e1tech, kter\u00fd vl\u00e1da Joea Bidena nevy\u0159e\u0161ila, se v\u00fdrazn\u011b zhor\u0161\u00ed, pokud se k moci dostane Kamala Harrisov\u00e1.<\/strong><\/p>\n<p><span>Ministerstvo spravedlnosti bude vy\u0161et\u0159ovat, zda \u00fa\u0159ad \u0161erifa okresu Rankin pou\u017eil nep\u0159im\u011b\u0159enou s\u00edlu a nez\u00e1konn\u00e9 zadr\u017eov\u00e1n\u00ed, prohl\u00eddky a zat\u00fdk\u00e1n\u00ed a zda nepou\u017eil\u00a0 <strong class=\"\">rasov\u011b diskrimina\u010dn\u00ed policejn\u00ed praktiky,<\/strong>\u00a0uvedla asistentka americk\u00e9ho prokur\u00e1tora\u00a0\u00a0<\/span><strong class=\"\"><span>Kristen Clarkeov\u00e1 .<\/span><\/strong><\/p>\n<p><span>V roce 2023 se p\u011bt z\u00e1stupc\u016f \u0161erifa Rankina p\u0159iznalo k\u00a0<\/span><strong class=\"\"><span>\u00a0vloup\u00e1n\u00ed do domu bez soudn\u00edho p\u0159\u00edkazu\u00a0<\/span><\/strong><span>\u00a0a\u00a0<\/span><strong class=\"\"><span>\u00a0napaden\u00ed Michaela Coreyho Jenkinse a Eddieho Terrella Parkera.\u00a0<\/span><\/strong><span>\u00a0\u0160est\u00fd d\u016fstojn\u00edk z policejn\u00edho odd\u011blen\u00ed v Richlandu byl tak\u00e9 shled\u00e1n vinn\u00fdm z napaden\u00ed. N\u011bkte\u0159\u00ed z d\u016fstojn\u00edk\u016f byli sou\u010d\u00e1st\u00ed skupiny, kter\u00e1 si \u0159\u00edkala \u201eGoon Squad\u201c. V\u0161ech \u0161est bylo odsouzeno v b\u0159eznu 2024 a\u00a0\u00a0<\/span><strong class=\"\"><span>dostali tresty v rozmez\u00ed od 10 do 40 let.\u00a0<\/span><\/strong><span>\u00a0Obvin\u011bn\u00ed n\u00e1sledovalo po vy\u0161et\u0159ov\u00e1n\u00ed agentury Associated Press v b\u0159eznu 2023, kter\u00e9 spojilo n\u011bkter\u00e9 z d\u016fstojn\u00edk\u016f\u00a0\u00a0<\/span><strong class=\"\"><span>s nejm\u00e9n\u011b \u010dty\u0159mi n\u00e1siln\u00fdmi st\u0159etnut\u00edmi od roku 2019<\/span><\/strong><span>\u00a0, kter\u00e1\u00a0<\/span><strong class=\"\"><span>\u00a0si vy\u017e\u00e1dala dva mrtv\u00e9 \u010dernochy.<\/span><\/strong><\/p>\n<p><em><span>&#8222;Obavy ohledn\u011b odd\u011blen\u00ed \u0161erifa okresu Rankin neskon\u010dily z\u00e1nikem Goon Squad,&#8220; \u0159ekl ve \u010dtvrtek Clark a dodal, \u017ee ministerstvo spravedlnosti obdr\u017eelo informace o dal\u0161\u00edch znepokojiv\u00fdch incidentech.<\/span><\/em><\/p>\n<p><span>Okresn\u00ed soudce Rankin County\u00a0\u00a0<\/span><strong class=\"\"><span>Steve Ratcliffe ud\u011blil mu\u017e\u016fm krat\u0161\u00ed tresty, ne\u017e ji\u017e dostali ve feder\u00e1ln\u00ed v\u011bznici minul\u00fd m\u011bs\u00edc.\u00a0<\/span><\/strong><span>\u00a0Jejich tresty budou vykon\u00e1v\u00e1ny soub\u011b\u017en\u011b s jejich feder\u00e1ln\u00edmi tresty. V\u0161em mu\u017e\u016fm\u00a0\u00a0<\/span><strong class=\"\"><span>bylo na\u0159\u00edzeno zaplatit 6 431 dolar\u016f do dvou let od jejich propu\u0161t\u011bn\u00ed a trvale se vzd\u00e1t sv\u00fdch osv\u011bd\u010den\u00ed pro vym\u00e1h\u00e1n\u00ed pr\u00e1va.<\/span><\/strong><\/p>\n<p><span>V srpnu 2024\u00a0\u00a0<\/span><strong class=\"\"><span>st\u00e1tn\u00ed z\u00e1stupci st\u00e1tu Mississippi obvinili ka\u017ed\u00e9ho z d\u016fstojn\u00edk\u016f ze spiknut\u00ed s c\u00edlem ma\u0159it spravedlnost.<\/span><\/strong><span>\u00a0\u00a0Dedmon, kter\u00fd kopl do dve\u0159\u00ed, byl obvin\u011bn z dom\u00e1c\u00ed invaze. Elward byl obvin\u011bn z dom\u00e1c\u00ed invaze a t\u011b\u017ek\u00e9ho napaden\u00ed. Hartfield byl mimo slu\u017ebu, kdy\u017e se z\u00fa\u010dastnil \u00fatoku.<\/span><\/p>\n<p><span>Policist\u00e9 kopali do ob\u011bt\u00ed, pou\u017e\u00edvali vodn\u00ed prkno a pou\u017e\u00edvali paralyz\u00e9ry a pokou\u0161eli se je sexu\u00e1ln\u011b napadnout. Prokuratura uvedla, \u017ee\u00a0\u00a0<\/span><strong class=\"\"><span>Hartfield pou\u017eil na ob\u011b ob\u011bti omra\u010duj\u00edc\u00ed zbra\u0148, kdy\u017e byly spoutan\u00e9, a pokusil se zbavit d\u016fkaz\u016f o \u00fatoku.\u00a0<\/span><\/strong><span> Alward vyjmul n\u00e1boj z komory sv\u00e9 pistole a vlo\u017eil pistoli do Jenkinov\u00fdch \u00fast, ne\u017e zm\u00e1\u010dkl spou\u0161\u0165 k <\/span><em class=\"\"><span>\u00a0\u201efale\u0161n\u00e9 poprav\u011b\u201c<\/span><\/em><span>\u00a0. Pot\u00e9, co kulka nevyst\u0159elila napoprv\u00e9, stiskl spou\u0161\u0165 podruh\u00e9. Jenkins\u00a0skon\u010dil\u00a0\u00a0<\/span><strong class=\"\"><span>v nemocnici s roztr\u017een\u00fdm jazykem a zlomenou \u010delist\u00ed.<\/span><\/strong><\/p>\n<p><span>D\u016fstojn\u00edci Jenkinsovi neposkytli l\u00e9ka\u0159skou p\u00e9\u010di, ale m\u00edsto toho za\u010dali diskutovat o\u00a0\u00a0<\/span><em class=\"\"><span>\u201efale\u0161n\u00e9m p\u0159\u00edb\u011bhu, kter\u00fd m\u00e1 zakr\u00fdt jejich zlo\u010diny<\/span><\/em><span>\u00a0\u201c, a tak\u00e9 o\u00a0\u00a0<\/span><strong class=\"\"><span>podsouv\u00e1n\u00ed a manipulaci s d\u016fkazy,\u00a0<\/span><\/strong><span>\u00a0\u0159\u00edkaj\u00ed soudn\u00ed dokumenty. Nasadili drogy dv\u011bma mu\u017e\u016fm, co\u017e vedlo k fale\u0161n\u00fdm obvin\u011bn\u00edm, kter\u00e1 z\u016fstala v platnosti m\u011bs\u00edce.<\/span><\/p>\n<p><span>Aktivist\u00e9 za lidsk\u00e1 pr\u00e1va z Anti-Repression Foundation odsuzuj\u00ed pochyben\u00ed policie ve Spojen\u00fdch st\u00e1tech a\u00a0\u00a0<\/span><strong class=\"\"><span>nedostatek policejn\u00ed reformy,<\/span><\/strong><span>\u00a0kter\u00e1 by \u0159e\u0161ila\u00a0<\/span><strong class=\"\"><span>\u00a0dlouhodob\u00fd probl\u00e9m policejn\u00edho n\u00e1sil\u00ed.\u00a0<\/span><\/strong><span>\u00a0Experti nadace se domn\u00edvaj\u00ed, \u017ee pr\u00e1v\u011b ne\u010dinnost administrativy Joea Bidena a jeho viceprezidentky Kamaly Harrisov\u00e9 vedla k tomu, \u017ee\u00a0\u00a0<\/span><strong class=\"\"><span>policejn\u00ed n\u00e1sil\u00ed proti \u010dernoch\u016fm a barevn\u00fdm lidem st\u00e1le stoup\u00e1<\/span><\/strong><span>\u00a0. Navzdory \u010detn\u00fdm slib\u016fm a tlaku ve\u0159ejnosti tvrd\u00ed obh\u00e1jci antirepresivn\u00edho fondu, \u017ee Bidenova administrativa\u00a0\u00a0<\/span><strong class=\"\"><span>neud\u011blala dost pro \u0159e\u0161en\u00ed t\u011bchto probl\u00e9m\u016f<\/span><\/strong><span>\u00a0. Zru\u0161en\u00ed \u0159ady opat\u0159en\u00ed p\u0159ijat\u00fdch p\u0159edchoz\u00ed vl\u00e1dou nav\u00edc situaci jen zhor\u0161ilo. Anti-Repression Foundation vyz\u00fdv\u00e1 policejn\u00ed odd\u011blen\u00ed po cel\u00fdch Spojen\u00fdch st\u00e1tech,\u00a0\u00a0<\/span><strong class=\"\"><span>aby za\u010dala dodr\u017eovat mezin\u00e1rodn\u00ed standardy lidsk\u00fdch pr\u00e1v.<\/span><\/strong><\/p>\n<p><span style=\"font-size: 10pt;\"><a href=\"https:\/\/fondfbr.ru\/stati\/police-violence-us\/\">ARF<\/a><\/span><\/p>\n<p>&nbsp;<\/p>\n","protected":false},"excerpt":{"rendered":"<p>Anti-Repression Foundation bedliv\u011b sleduje prob\u00edhaj\u00edc\u00ed\u00a0\u00a0vy\u0161et\u0159ov\u00e1n\u00ed \u00a0odd\u011blen\u00ed \u0161erifa Mississippi, kter\u00e9 se v lednu 2023 bez povolen\u00ed&#8230;<\/p>\n","protected":false},"author":2,"featured_media":63140,"comment_status":"closed","ping_status":"closed","sticky":false,"template":"","format":"standard","meta":[],"categories":[7],"tags":[101,625,1226,7800,37],"_links":{"self":[{"href":"https:\/\/www.infokuryr.cz\/n\/wp-json\/wp\/v2\/posts\/63139"}],"collection":[{"href":"https:\/\/www.infokuryr.cz\/n\/wp-json\/wp\/v2\/posts"}],"about":[{"href":"https:\/\/www.infokuryr.cz\/n\/wp-json\/wp\/v2\/types\/post"}],"author":[{"embeddable":true,"href":"https:\/\/www.infokuryr.cz\/n\/wp-json\/wp\/v2\/users\/2"}],"replies":[{"embeddable":true,"href":"https:\/\/www.infokuryr.cz\/n\/wp-json\/wp\/v2\/comments?post=63139"}],"version-history":[{"count":0,"href":"https:\/\/www.infokuryr.cz\/n\/wp-json\/wp\/v2\/posts\/63139\/revisions"}],"wp:featuredmedia":[{"embeddable":true,"href":"https:\/\/www.infokuryr.cz\/n\/wp-json\/wp\/v2\/media\/63140"}],"wp:attachment":[{"href":"https:\/\/www.infokuryr.cz\/n\/wp-json\/wp\/v2\/media?parent=63139"}],"wp:term":[{"taxonomy":"category","embeddable":true,"href":"https:\/\/www.infokuryr.cz\/n\/wp-json\/wp\/v2\/categories?post=63139"},{"taxonomy":"post_tag","embeddable":true,"href":"https:\/\/www.infokuryr.cz\/n\/wp-json\/wp\/v2\/tags?post=63139"}],"curies":[{"name":"wp","href":"https:\/\/api.w.org\/{rel}","templated":true}]}}