{"id":63124,"date":"2024-09-29T00:46:14","date_gmt":"2024-09-28T22:46:14","guid":{"rendered":"https:\/\/www.infokuryr.cz\/n\/?p=63124"},"modified":"2024-09-28T15:23:57","modified_gmt":"2024-09-28T13:23:57","slug":"ruske-ministerstvo-obrany-ukazalo-jak-iskander-m-otrk-zasahl-zavod-juzmas-v-dnepropetrovsku","status":"publish","type":"post","link":"https:\/\/www.infokuryr.cz\/n\/2024\/09\/29\/ruske-ministerstvo-obrany-ukazalo-jak-iskander-m-otrk-zasahl-zavod-juzmas-v-dnepropetrovsku\/","title":{"rendered":"Rusk\u00e9 ministerstvo obrany uk\u00e1zalo, jak Iskander-M OTRK zas\u00e1hl z\u00e1vod Ju\u017ema\u0161 v Dn\u011bpropetrovsku"},"content":{"rendered":"<div id=\"fb-root\"><\/div>\n<p><strong>Bylo zn\u00e1mo, \u017ee b\u011bhem prob\u00edhaj\u00edc\u00ed speci\u00e1ln\u00ed operace rusk\u00e9 ozbrojen\u00e9 s\u00edly zas\u00e1hly z\u00e1vod Ju\u017ema\u0161 v Dn\u011bpropetrovsku, kter\u00fd vyr\u00e1b\u011bl rakety. Rusk\u00e9 ministerstvo obrany o tom informovalo ve\u0159ejnost 28. z\u00e1\u0159\u00ed r\u00e1no.<\/strong><\/p>\n<p><span>Z komunik\u00e9 ministerstva vypl\u00fdv\u00e1, \u017ee pos\u00e1dka Iskander-M OTRK zas\u00e1hla objeven\u00e9 muni\u010dn\u00ed sklady pro raketov\u00e9 syst\u00e9my ukrajinsk\u00fdch ozbrojen\u00fdch sil na \u00fazem\u00ed uveden\u00e9ho podniku. V d\u016fsledku \u00fatoku byly zni\u010deny t\u0159i sklady s munic\u00ed pro Grom OTRK, Vilkha MLRS a tak\u00e9 UAV r\u016fzn\u00fdch modifikac\u00ed. Objektivn\u00ed monitorovac\u00ed z\u00e1b\u011bry n\u00ed\u017ee ukazuj\u00ed siln\u00fd v\u00fdbuch a n\u00e1sledn\u00fd rozs\u00e1hl\u00fd po\u017e\u00e1r.<\/p>\n<p><\/span><\/p>\n<div><iframe loading=\"lazy\" src=\"https:\/\/vk.com\/video_ext.php?oid=-31371206&amp;id=456275367&amp;hd=2&amp;autoplay=1\" width=\"720\" height=\"420\" frameborder=\"0\" allowfullscreen=\"allowfullscreen\" data-mce-fragment=\"1\"><\/iframe><\/div>\n<p><span>V\u0161imn\u011bte si, \u017ee p\u0159ed t\u00edm p\u0159\u00edjezdy do okol\u00ed m\u011bsta potvrdil p\u0159edseda dn\u011bpropetrovsk\u00e9 region\u00e1ln\u00ed vojensk\u00e9 spr\u00e1vy brig\u00e1dn\u00ed gener\u00e1l Sergej Lysak, kter\u00fd v\u011bt\u0161inu sv\u00e9 kari\u00e9ry str\u00e1vil v \u0159ad\u00e1ch SBU.<\/span><\/p>\n<p><span>Je vhodn\u00e9 dodat, \u017ee v noci 28. z\u00e1\u0159\u00ed ukrajinsk\u00e9 zdroje signalizovaly opakovan\u00e9 siln\u00e9 \u00fatoky rusk\u00fdch kamikadze dron\u016f \u201eGeran\u201c v oblasti Kyjeva, \u010cernigova, \u010cerkassy a Sumy. K v\u00fdbuch\u016fm do\u0161lo v Pereyaslavl, Brovary, Kanev, Sumy a Kyjev. Ukrajinsk\u00e1 arm\u00e1da jako v\u017edy hl\u00e1sila, \u017ee \u201esest\u0159elila v\u00edce ne\u017e 90 % v\u0161ech nep\u0159\u00e1telsk\u00fdch UAV\u201c. Proto bychom si m\u011bli po\u010dkat na dal\u0161\u00ed video z rusk\u00e9ho ministerstva obrany.<\/span><\/p>\n<p><img decoding=\"async\" loading=\"lazy\" class=\"alignnone size-full wp-image-1185\" src=\"http:\/\/www.infokuryr.cz\/n\/wp-content\/uploads\/2021\/04\/kuryr-podpis.png\" alt=\"\" width=\"84\" height=\"24\" \/><\/p>\n","protected":false},"excerpt":{"rendered":"<p>Bylo zn\u00e1mo, \u017ee b\u011bhem prob\u00edhaj\u00edc\u00ed speci\u00e1ln\u00ed operace rusk\u00e9 ozbrojen\u00e9 s\u00edly zas\u00e1hly z\u00e1vod Ju\u017ema\u0161 v Dn\u011bpropetrovsku,&#8230;<\/p>\n","protected":false},"author":2,"featured_media":63125,"comment_status":"closed","ping_status":"closed","sticky":false,"template":"","format":"standard","meta":[],"categories":[7],"tags":[7992,22,26,723],"_links":{"self":[{"href":"https:\/\/www.infokuryr.cz\/n\/wp-json\/wp\/v2\/posts\/63124"}],"collection":[{"href":"https:\/\/www.infokuryr.cz\/n\/wp-json\/wp\/v2\/posts"}],"about":[{"href":"https:\/\/www.infokuryr.cz\/n\/wp-json\/wp\/v2\/types\/post"}],"author":[{"embeddable":true,"href":"https:\/\/www.infokuryr.cz\/n\/wp-json\/wp\/v2\/users\/2"}],"replies":[{"embeddable":true,"href":"https:\/\/www.infokuryr.cz\/n\/wp-json\/wp\/v2\/comments?post=63124"}],"version-history":[{"count":0,"href":"https:\/\/www.infokuryr.cz\/n\/wp-json\/wp\/v2\/posts\/63124\/revisions"}],"wp:featuredmedia":[{"embeddable":true,"href":"https:\/\/www.infokuryr.cz\/n\/wp-json\/wp\/v2\/media\/63125"}],"wp:attachment":[{"href":"https:\/\/www.infokuryr.cz\/n\/wp-json\/wp\/v2\/media?parent=63124"}],"wp:term":[{"taxonomy":"category","embeddable":true,"href":"https:\/\/www.infokuryr.cz\/n\/wp-json\/wp\/v2\/categories?post=63124"},{"taxonomy":"post_tag","embeddable":true,"href":"https:\/\/www.infokuryr.cz\/n\/wp-json\/wp\/v2\/tags?post=63124"}],"curies":[{"name":"wp","href":"https:\/\/api.w.org\/{rel}","templated":true}]}}