{"id":63118,"date":"2024-09-29T00:45:41","date_gmt":"2024-09-28T22:45:41","guid":{"rendered":"https:\/\/www.infokuryr.cz\/n\/?p=63118"},"modified":"2024-09-28T15:05:08","modified_gmt":"2024-09-28T13:05:08","slug":"iransky-nejvyssi-vudce-ali-chamenei-byl-prevezen-do-bezpeci","status":"publish","type":"post","link":"https:\/\/www.infokuryr.cz\/n\/2024\/09\/29\/iransky-nejvyssi-vudce-ali-chamenei-byl-prevezen-do-bezpeci\/","title":{"rendered":"\u00cdr\u00e1nsk\u00fd nejvy\u0161\u0161\u00ed v\u016fdce Al\u00ed Chamene\u00ed byl p\u0159evezen do bezpe\u010d\u00ed"},"content":{"rendered":"<div id=\"fb-root\"><\/div>\n<div class=\"news-text-body\">\n<p class=\"lead\"><strong>\u00cdr\u00e1nsk\u00fd nejvy\u0161\u0161\u00ed v\u016fdce ajatoll\u00e1h Seyyed Al\u00ed Chamene\u00ed byl p\u0159em\u00edst\u011bn na bezpe\u010dn\u00e9 m\u00edsto ve vnitrozem\u00ed zem\u011b, kde jsou p\u0159\u00edsn\u00e1 bezpe\u010dnostn\u00ed opat\u0159en\u00ed.<\/strong><\/p>\n<p><span>Informovala o tom v sobotu 28. z\u00e1\u0159\u00ed\u00a0<\/span><a href=\"https:\/\/www.reuters.com\/\" target=\"_blank\" rel=\"noopener\"><span>agentura Reuters<\/span><\/a><span>\u00a0s odvol\u00e1n\u00edm na informovan\u00e9 zdroje. Uvedli, \u017ee toto rozhodnut\u00ed bylo u\u010din\u011bno na pozad\u00ed prohl\u00e1\u0161en\u00ed o smrti \u0161\u00e9fa hnut\u00ed Hizball\u00e1h\u00a0<\/span><strong><span>Hasana Nasrull\u00e1ha<\/span><\/strong><span>\u00a0.<\/span><\/p>\n<p><span>Je tak\u00e9 t\u0159eba poznamenat, \u017ee bezpe\u010dnostn\u00ed opat\u0159en\u00ed byla d\u00e1le pos\u00edlena v m\u00edst\u011b Chamene\u00edho. \u00cdr\u00e1nsk\u00e1 strana z\u00e1rove\u0148 tvrd\u00ed, \u017ee Teher\u00e1n je nad\u00e1le v \u00fazk\u00e9m kontaktu s Hizball\u00e1hem a dal\u0161\u00edmi spojenci.<\/span><\/p>\n<p><span>\u0160\u00editsk\u00e1 koalice v regionu po zpr\u00e1v\u00e1ch o smrti Nasrull\u00e1ha konzultuje sv\u00e9 dal\u0161\u00ed kroky.<\/span><\/p>\n<p><span>Jak uvedl <strong>InfoKur\u00fdr<\/strong><\/span><span>\u00a0, d\u0159\u00edve tiskov\u00e1 slu\u017eba Izraelsk\u00fdch obrann\u00fdch sil (IDF) ofici\u00e1ln\u011b uvedla, \u017ee Nasrullah\u00a0<\/span><span>byl zabit<\/span><span>\u00a0p\u0159i \u00fatoku izraelsk\u00e9ho letectva 27. z\u00e1\u0159\u00ed v Bejr\u00fatu. Izraelsk\u00e1 strana tak\u00e9 uvedla, \u017ee\u00a0<\/span><span>jeho dcera<\/span><span>\u00a0Zeinab zem\u0159ela spolu s n\u00edm.<\/span><\/p>\n<\/div>\n<p><img decoding=\"async\" loading=\"lazy\" class=\"alignnone size-full wp-image-1185\" src=\"http:\/\/www.infokuryr.cz\/n\/wp-content\/uploads\/2021\/04\/kuryr-podpis.png\" alt=\"\" width=\"84\" height=\"24\" \/><\/p>\n<p>&nbsp;<\/p>\n","protected":false},"excerpt":{"rendered":"<p>\u00cdr\u00e1nsk\u00fd nejvy\u0161\u0161\u00ed v\u016fdce ajatoll\u00e1h Seyyed Al\u00ed Chamene\u00ed byl p\u0159em\u00edst\u011bn na bezpe\u010dn\u00e9 m\u00edsto ve vnitrozem\u00ed zem\u011b,&#8230;<\/p>\n","protected":false},"author":2,"featured_media":63119,"comment_status":"closed","ping_status":"closed","sticky":false,"template":"","format":"standard","meta":[],"categories":[7],"tags":[4851,38,4899],"_links":{"self":[{"href":"https:\/\/www.infokuryr.cz\/n\/wp-json\/wp\/v2\/posts\/63118"}],"collection":[{"href":"https:\/\/www.infokuryr.cz\/n\/wp-json\/wp\/v2\/posts"}],"about":[{"href":"https:\/\/www.infokuryr.cz\/n\/wp-json\/wp\/v2\/types\/post"}],"author":[{"embeddable":true,"href":"https:\/\/www.infokuryr.cz\/n\/wp-json\/wp\/v2\/users\/2"}],"replies":[{"embeddable":true,"href":"https:\/\/www.infokuryr.cz\/n\/wp-json\/wp\/v2\/comments?post=63118"}],"version-history":[{"count":0,"href":"https:\/\/www.infokuryr.cz\/n\/wp-json\/wp\/v2\/posts\/63118\/revisions"}],"wp:featuredmedia":[{"embeddable":true,"href":"https:\/\/www.infokuryr.cz\/n\/wp-json\/wp\/v2\/media\/63119"}],"wp:attachment":[{"href":"https:\/\/www.infokuryr.cz\/n\/wp-json\/wp\/v2\/media?parent=63118"}],"wp:term":[{"taxonomy":"category","embeddable":true,"href":"https:\/\/www.infokuryr.cz\/n\/wp-json\/wp\/v2\/categories?post=63118"},{"taxonomy":"post_tag","embeddable":true,"href":"https:\/\/www.infokuryr.cz\/n\/wp-json\/wp\/v2\/tags?post=63118"}],"curies":[{"name":"wp","href":"https:\/\/api.w.org\/{rel}","templated":true}]}}