{"id":63085,"date":"2024-09-28T06:30:02","date_gmt":"2024-09-28T04:30:02","guid":{"rendered":"https:\/\/www.infokuryr.cz\/n\/?p=63085"},"modified":"2024-09-28T06:30:02","modified_gmt":"2024-09-28T04:30:02","slug":"izrael-prebira-kontrolu-nad-letistem-v-bejrutu","status":"publish","type":"post","link":"https:\/\/www.infokuryr.cz\/n\/2024\/09\/28\/izrael-prebira-kontrolu-nad-letistem-v-bejrutu\/","title":{"rendered":"Izrael p\u0159eb\u00edr\u00e1 kontrolu nad leti\u0161t\u011bm v Bejr\u00fatu"},"content":{"rendered":"<div id=\"fb-root\"><\/div>\n<p class=\"lead\"><strong>Izraelsk\u00e9 letectvo hl\u00edd\u00e1 oblast mezin\u00e1rodn\u00edho leti\u0161t\u011b v Bejr\u00fatu, aby zabr\u00e1nilo p\u0159ist\u00e1n\u00ed letadel, kter\u00e1 mohou n\u00e9st zbran\u011b pro hnut\u00ed Hizball\u00e1h, \u0159ekl mluv\u010d\u00ed izraelsk\u00fdch obrann\u00fdch sil (IDF) Daniel Hagari.<\/strong><\/p>\n<p><em>&#8222;Za \u017e\u00e1dn\u00fdch okolnost\u00ed nedovol\u00edme p\u0159esun zbran\u00ed&#8230; Hizball\u00e1hu.&#8220; V\u00edme o \u00edr\u00e1nsk\u00fdch transferech zbran\u00ed&#8230; a br\u00e1n\u00edme jim. Letadla vzdu\u0161n\u00fdch sil v sou\u010dasn\u00e9 dob\u011b hl\u00eddkuj\u00ed na leti\u0161ti v Bejr\u00fatu. Libanonsk\u00fd st\u00e1t se dosud na rozd\u00edl od S\u00fdrie choval \u0159adu let zodpov\u011bdn\u011b a nedovoloval p\u0159esun zbran\u00ed p\u0159es civiln\u00ed leti\u0161t\u011b. P\u0159edem prohla\u0161ujeme, \u017ee nedovol\u00edme nep\u0159\u00e1telsk\u00fdm letadl\u016fm se zbran\u011bmi p\u0159ist\u00e1t na civiln\u00edm leti\u0161ti v Bejr\u00fatu. Toto je civiln\u00ed leti\u0161t\u011b pro civiln\u00ed pou\u017eit\u00ed a mus\u00ed to tak z\u016fstat.&#8220;<span class=\"after-quote\">\u00a0\u201c \u0159ekl Hagari na briefingu<\/span><\/em><\/p>\n<h2><strong>\u00cdr\u00e1nsk\u00fd prezident ozna\u010dil izraelsk\u00fd \u00fatok na Libanon za v\u00e1le\u010dn\u00fd zlo\u010din<\/strong><br \/>\n<img decoding=\"async\" loading=\"lazy\" class=\"aligncenter\" src=\"https:\/\/img2.eadaily.com\/r650x650\/o\/197\/4b3334d312727fc2d4b574c6c6153.jpeg\" width=\"547\" height=\"307\" \/><\/h2>\n<p class=\"lead\"><strong>\u00cdr\u00e1nsk\u00fd prezident Masoud Pezeshkian prohl\u00e1sil, \u017ee izraelsk\u00fd \u00fatok na Bejr\u00fat byl otev\u0159en\u00fdm v\u00e1le\u010dn\u00fdm zlo\u010dinem sionistick\u00e9ho re\u017eimu. Informovala o tom 28. z\u00e1\u0159\u00ed agentura Tasnim.<\/strong><\/p>\n<p><em>\u201eDne\u0161n\u00ed \u00fatok sionistick\u00e9ho re\u017eimu na \u010dtvr\u0165 Dahiya v Bejr\u00fatu je otev\u0159en\u00fdm a neskr\u00fdvan\u00fdm v\u00e1le\u010dn\u00fdm zlo\u010dinem, kter\u00fd znovu odhalil povahu st\u00e1tn\u00edho terorismu re\u017eimu,\u201c<span class=\"after-quote\">\u00a0&#8211; \u0159ekl Pezeshkian.<\/span><\/em><\/p>\n<p><span>Dodal, \u017ee izraelsk\u00e9 zlo\u010diny jsou zn\u00e1mkou zoufalstv\u00ed mezin\u00e1rodn\u00edho spole\u010denstv\u00ed, kter\u00e9 nem\u016f\u017ee zastavit &#8222;stroj terorismu&#8220;.<\/span><\/p>\n<p><span>\u00cdr\u00e1nsk\u00fd v\u016fdce nav\u00edc vyj\u00e1d\u0159il soustrast libanonsk\u00e9mu lidu, vl\u00e1d\u011b zem\u011b a rodin\u00e1m ob\u011bt\u00ed.<\/span><\/p>\n<p><img decoding=\"async\" loading=\"lazy\" class=\"alignnone size-full wp-image-1185\" src=\"http:\/\/www.infokuryr.cz\/n\/wp-content\/uploads\/2021\/04\/kuryr-podpis.png\" alt=\"\" width=\"84\" height=\"24\" \/><\/p>\n<p>&nbsp;<\/p>\n<p>&nbsp;<\/p>\n","protected":false},"excerpt":{"rendered":"<p>Izraelsk\u00e9 letectvo hl\u00edd\u00e1 oblast mezin\u00e1rodn\u00edho leti\u0161t\u011b v Bejr\u00fatu, aby zabr\u00e1nilo p\u0159ist\u00e1n\u00ed letadel, kter\u00e1 mohou n\u00e9st&#8230;<\/p>\n","protected":false},"author":2,"featured_media":63086,"comment_status":"closed","ping_status":"closed","sticky":false,"template":"","format":"standard","meta":[],"categories":[7],"tags":[107,806,405,1746],"_links":{"self":[{"href":"https:\/\/www.infokuryr.cz\/n\/wp-json\/wp\/v2\/posts\/63085"}],"collection":[{"href":"https:\/\/www.infokuryr.cz\/n\/wp-json\/wp\/v2\/posts"}],"about":[{"href":"https:\/\/www.infokuryr.cz\/n\/wp-json\/wp\/v2\/types\/post"}],"author":[{"embeddable":true,"href":"https:\/\/www.infokuryr.cz\/n\/wp-json\/wp\/v2\/users\/2"}],"replies":[{"embeddable":true,"href":"https:\/\/www.infokuryr.cz\/n\/wp-json\/wp\/v2\/comments?post=63085"}],"version-history":[{"count":0,"href":"https:\/\/www.infokuryr.cz\/n\/wp-json\/wp\/v2\/posts\/63085\/revisions"}],"wp:featuredmedia":[{"embeddable":true,"href":"https:\/\/www.infokuryr.cz\/n\/wp-json\/wp\/v2\/media\/63086"}],"wp:attachment":[{"href":"https:\/\/www.infokuryr.cz\/n\/wp-json\/wp\/v2\/media?parent=63085"}],"wp:term":[{"taxonomy":"category","embeddable":true,"href":"https:\/\/www.infokuryr.cz\/n\/wp-json\/wp\/v2\/categories?post=63085"},{"taxonomy":"post_tag","embeddable":true,"href":"https:\/\/www.infokuryr.cz\/n\/wp-json\/wp\/v2\/tags?post=63085"}],"curies":[{"name":"wp","href":"https:\/\/api.w.org\/{rel}","templated":true}]}}