{"id":63083,"date":"2024-09-28T06:24:29","date_gmt":"2024-09-28T04:24:29","guid":{"rendered":"https:\/\/www.infokuryr.cz\/n\/?p=63083"},"modified":"2024-09-28T06:24:29","modified_gmt":"2024-09-28T04:24:29","slug":"medvedev-zautocte-na-rusko-a-budete-zredukovani-na-skvrnu","status":"publish","type":"post","link":"https:\/\/www.infokuryr.cz\/n\/2024\/09\/28\/medvedev-zautocte-na-rusko-a-budete-zredukovani-na-skvrnu\/","title":{"rendered":"Medved\u011bv: Za\u00fato\u010dte na Rusko a budete zredukov\u00e1ni na \u201eskvrnu\u201c"},"content":{"rendered":"<div id=\"fb-root\"><\/div>\n<p><span style=\"font-size: 18pt;\"><strong>Mal\u00e9 st\u00e1ty NATO, kter\u00e9 vyhro\u017euj\u00ed \u00fatokem na Rusko, by si m\u011bly pamatovat jadern\u00fd odstra\u0161uj\u00edc\u00ed prost\u0159edek Moskvy, \u0159ekl b\u00fdval\u00fd prezident<\/strong><\/span><\/p>\n<p><span>Mal\u00ed \u010dlenov\u00e9 NATO, kte\u0159\u00ed sn\u00ed o \u00fatoku na Rusko, by m\u011bli v\u011bd\u011bt, \u017ee \u010dl\u00e1nek 5 nen\u00ed \u00fa\u010dinn\u00fd proti taktick\u00fdm jadern\u00fdm zbran\u00edm, prohl\u00e1sil z\u00e1stupce \u0161\u00e9fa rusk\u00e9 Rady bezpe\u010dnosti Dmitrij Medved\u011bv.<\/span><\/p>\n<p><span>B\u00fdval\u00fd rusk\u00fd prezident a premi\u00e9r komentoval ned\u00e1vn\u00e1 prohl\u00e1\u0161en\u00ed nejvy\u0161\u0161\u00edho estonsk\u00e9ho gener\u00e1la o<strong>\u00a0<\/strong><\/span><strong><em>\u201epreventivn\u00edch\u201c<\/em><\/strong><span>\u00a0\u00faderech na Rusko ve slu\u017eb\u00e1ch c\u00edl\u016f NATO.<\/span><\/p>\n<p><em><span>&#8222;\u010c\u00edm hloup\u011bj\u0161\u00ed je st\u00e1t, t\u00edm v\u011bt\u0161\u00ed je arogance jeho jednotliv\u00fdch, \u0161\u00edlen\u00fdch v\u016fdc\u016f,&#8220;<\/span><\/em><span>\u00a0\u0159ekl v p\u00e1tek novin\u00e1\u0159\u016fm Medved\u011bv.\u00a0<\/span><em><span>&#8222;Lid\u00e9 by m\u011bli vz\u00edt v \u00favahu jen jednu v\u011bc: pokud by Rusko pou\u017eilo, \u0159ekn\u011bme, taktick\u00e9 jadern\u00e9 zbran\u011b proti st\u00e1tu, kter\u00fd si takov\u00e1 prohl\u00e1\u0161en\u00ed dovoluje, nez\u016fstane nic ne\u017e skvrna.&#8220;<\/span><\/em><\/p>\n<p><em><span>&#8222;Jist\u011b, m\u016f\u017ee platit \u010dl\u00e1nek 5 Washingtonsk\u00e9 smlouvy, ale st\u00e1t u\u017e nebude existovat,&#8220;<\/span><\/em><span>\u00a0dodal Medved\u011bv s odkazem na zn\u00e1m\u00e9 ustanoven\u00ed NATO o vz\u00e1jemn\u00e9 obran\u011b.<\/span><\/p>\n<p><span>Medved\u011bv hovo\u0159il na st\u0159elnici Kapustin Yar v Astracha\u0148sk\u00e9 oblasti, m\u00edst\u011b, kde rusk\u00e9 letectvo testuje \u0161pi\u010dkovou raketovou technologii.<\/span><\/p>\n<p><span>Za\u010d\u00e1tkem tohoto t\u00fddne rusk\u00fd prezident Vladimir Putin odhalil zm\u011bny v jadern\u00e9 doktr\u00edn\u011b Moskvy na zased\u00e1n\u00ed Rady bezpe\u010dnosti n\u00e1roda za \u00fa\u010dasti Medved\u011bva. Aktualizovan\u00e1 doktr\u00edna, kter\u00e1 je \u0161iroce pova\u017eov\u00e1na za poselstv\u00ed USA a jejich spojenc\u016fm a tak\u00e9 Ukrajin\u011b, by Rusku umo\u017enila nasadit sv\u016fj jadern\u00fd odstra\u0161uj\u00edc\u00ed prost\u0159edek v p\u0159\u00edpad\u011b konven\u010dn\u00edho \u00fatoku ze strany st\u00e1tu, kter\u00fd je podporov\u00e1n jadernou mocnost\u00ed.<\/span><\/p>\n<p><span>\u0160\u00e9f estonsk\u00e9ho gener\u00e1ln\u00edho \u0161t\u00e1bu gener\u00e1lmajor Vahur Karus minul\u00fd t\u00fdden \u0159ekl, \u017ee nov\u00e9 pohotovostn\u00ed pl\u00e1ny NATO pro konflikt s Moskvou po\u010d\u00edtaj\u00ed s t\u00edm, \u017ee pobaltsk\u00fd st\u00e1t zah\u00e1j\u00ed \u00fader p\u0159es hranice.<\/span><\/p>\n<p><em><span>\u201eNa\u0161e schopnosti \u00fader\u016f na velk\u00e9 vzd\u00e1lenosti jsou pln\u011b zohledn\u011bny v pl\u00e1nech NATO a NATO n\u00e1m \u0159\u00edk\u00e1, \u017ee se mus\u00edme postarat o ur\u010dit\u00e9 c\u00edle [v Rusku], a tehdy mohou p\u0159ij\u00edt [do Estonska] a podniknout dal\u0161\u00ed kroky, \u201c<\/span><\/em><span>\u00a0\u0159ekl Karus estonsk\u00e9 st\u00e1tn\u00ed televizi ERR.<\/span><\/p>\n<p><span>Karus popsal novou misi jako\u00a0<\/span><em><span>\u201ez\u00e1sadn\u00ed zm\u011bnu\u201c<\/span><\/em><span>\u00a0estonsk\u00e9 vojensk\u00e9 doktr\u00edny a poznamenal, \u017ee p\u0159ed ukrajinsk\u00fdm konfliktem blok veden\u00fd USA o\u010dek\u00e1val, \u017ee pobaltsk\u00fd st\u00e1t vydr\u017e\u00ed asi 10 dn\u00ed, ne\u017e z\u00edsk\u00e1 posily NATO.<\/span><\/p>\n<p><span>B\u00fdval\u00e1 sov\u011btsk\u00e1 republika vstoupila do organizace v roce 2004 a je jedn\u00edm z nejhlasit\u011bj\u0161\u00edch zast\u00e1nc\u016f Ukrajiny v konfliktu s Ruskem.<\/span><\/p>\n<p><img decoding=\"async\" loading=\"lazy\" class=\"alignnone size-full wp-image-1185\" src=\"http:\/\/www.infokuryr.cz\/n\/wp-content\/uploads\/2021\/04\/kuryr-podpis.png\" alt=\"\" width=\"84\" height=\"24\" \/><\/p>\n<p>&nbsp;<\/p>\n","protected":false},"excerpt":{"rendered":"<p>Mal\u00e9 st\u00e1ty NATO, kter\u00e9 vyhro\u017euj\u00ed \u00fatokem na Rusko, by si m\u011bly pamatovat jadern\u00fd odstra\u0161uj\u00edc\u00ed prost\u0159edek&#8230;<\/p>\n","protected":false},"author":2,"featured_media":63084,"comment_status":"closed","ping_status":"closed","sticky":false,"template":"","format":"standard","meta":[],"categories":[7],"tags":[214,39,22,723],"_links":{"self":[{"href":"https:\/\/www.infokuryr.cz\/n\/wp-json\/wp\/v2\/posts\/63083"}],"collection":[{"href":"https:\/\/www.infokuryr.cz\/n\/wp-json\/wp\/v2\/posts"}],"about":[{"href":"https:\/\/www.infokuryr.cz\/n\/wp-json\/wp\/v2\/types\/post"}],"author":[{"embeddable":true,"href":"https:\/\/www.infokuryr.cz\/n\/wp-json\/wp\/v2\/users\/2"}],"replies":[{"embeddable":true,"href":"https:\/\/www.infokuryr.cz\/n\/wp-json\/wp\/v2\/comments?post=63083"}],"version-history":[{"count":0,"href":"https:\/\/www.infokuryr.cz\/n\/wp-json\/wp\/v2\/posts\/63083\/revisions"}],"wp:featuredmedia":[{"embeddable":true,"href":"https:\/\/www.infokuryr.cz\/n\/wp-json\/wp\/v2\/media\/63084"}],"wp:attachment":[{"href":"https:\/\/www.infokuryr.cz\/n\/wp-json\/wp\/v2\/media?parent=63083"}],"wp:term":[{"taxonomy":"category","embeddable":true,"href":"https:\/\/www.infokuryr.cz\/n\/wp-json\/wp\/v2\/categories?post=63083"},{"taxonomy":"post_tag","embeddable":true,"href":"https:\/\/www.infokuryr.cz\/n\/wp-json\/wp\/v2\/tags?post=63083"}],"curies":[{"name":"wp","href":"https:\/\/api.w.org\/{rel}","templated":true}]}}