{"id":63081,"date":"2024-09-28T06:20:50","date_gmt":"2024-09-28T04:20:50","guid":{"rendered":"https:\/\/www.infokuryr.cz\/n\/?p=63081"},"modified":"2024-09-28T06:20:50","modified_gmt":"2024-09-28T04:20:50","slug":"nemecky-par-zatcen-za-ilegalni-vysilani-rt","status":"publish","type":"post","link":"https:\/\/www.infokuryr.cz\/n\/2024\/09\/28\/nemecky-par-zatcen-za-ilegalni-vysilani-rt\/","title":{"rendered":"N\u011bmeck\u00fd p\u00e1r zat\u010den za \u201eileg\u00e1ln\u00ed\u201c vys\u00edl\u00e1n\u00ed RT"},"content":{"rendered":"<div id=\"fb-root\"><\/div>\n<p><span style=\"font-size: 18pt;\"><strong>N\u011bmeck\u00fd mu\u017e a jeho ukrajinsk\u00e1 man\u017eelka \u00fadajn\u011b poskytovali zak\u00e1zan\u00e9 rusk\u00e9 kan\u00e1ly<\/strong><\/span><\/p>\n<p><span>N\u011bmeck\u00e9 \u00fa\u0159ady zadr\u017eely p\u00e1r podez\u0159el\u00fd z poskytov\u00e1n\u00ed RT a dal\u0161\u00edch rusk\u00fdch televizn\u00edch kan\u00e1l\u016f z\u00e1kazn\u00edk\u016fm p\u0159es internet, \u010d\u00edm\u017e poru\u0161uj\u00ed sankce EU.<\/span><\/p>\n<p><span>Blok v b\u0159eznu 2022 zak\u00e1zal t\u00e9m\u011b\u0159 v\u0161echna rusk\u00e1 m\u00e9dia, ozna\u010dil je za hrozbu pro demokracii a jako d\u016fvod uvedl konflikt na Ukrajin\u011b. Z\u00e1kazy EU pot\u00e9 celosv\u011btov\u011b uplat\u0148ovali n\u011bkte\u0159\u00ed giganti soci\u00e1ln\u00edch m\u00e9di\u00ed se s\u00eddlem v USA, jako je YouTube.<\/span><\/p>\n<p><em><span>&#8222;Podez\u0159el\u00ed jsou 37let\u00fd N\u011bmec a jeho 42let\u00e1 man\u017eelka ukrajinsk\u00e9 n\u00e1rodnosti,&#8220;\u00a0<\/span><\/em><a href=\"https:\/\/www.zoll.de\/SharedDocs\/Pressemitteilungen\/DE\/Sonstiges\/2024\/y82_streaming_zfas.html\" target=\"_blank\" rel=\"noopener noreferrer\"><span>ozn\u00e1mila<\/span><\/a><span>\u00a0v p\u00e1tek\u00a0n\u011bmeck\u00e1 celn\u00ed slu\u017eba (Zoll) . \u201e\u00a0\u0158\u00edk\u00e1\u00a0<\/span><em><span>se, \u017ee nab\u00eddli sv\u00fdm z\u00e1kazn\u00edk\u016fm n\u011bkolik sankcionovan\u00fdch rusk\u00fdch televizn\u00edch kan\u00e1l\u016f prost\u0159ednictv\u00edm slu\u017eby IP-TV p\u0159inejmen\u0161\u00edm od za\u010d\u00e1tku roku 2022\u201c.<\/span><\/em><\/p>\n<p><span>Policie ve m\u011bst\u011b Karlsruhe podle prohl\u00e1\u0161en\u00ed celn\u00edk\u016f provedla ve \u010dtvrtek razii v byt\u011b man\u017eel\u016f. Na\u0161li\u00a0<\/span><em><span>\u201erozs\u00e1hl\u00e9 technick\u00e9 vybaven\u00ed, p\u00edsemn\u00e9 d\u016fkazy a 40 000 eur (44 686 dolar\u016f) v hotovosti\u201c,<\/span><\/em><span>\u00a0co\u017e v\u0161e bylo zabaveno.<\/span><\/p>\n<p><span>Slu\u017eba p\u00e1ru\u00a0<\/span><em><span>\u201epravd\u011bpodobn\u011b zahrnovala zn\u00e1m\u00e9 kan\u00e1ly jako \u201aRossiya 1\u2018 a \u201aRussia Today\u2018,\u201c<\/span><\/em><span>\u00a0uvedly n\u011bmeck\u00e9 celn\u00edky.\u00a0<\/span><\/p>\n<p><span>Okresn\u00ed soud v Karlsruhe, m\u011bst\u011b v B\u00e1densku-W\u00fcrttembersku pobl\u00ed\u017e n\u011bmeck\u00fdch hranic s Franci\u00ed, tak\u00e9 vydal p\u0159\u00edkaz k zabaven\u00ed majetku ve v\u00fd\u0161i p\u0159ibli\u017en\u011b 120 000 EUR (134 000 USD) jako\u00a0<\/span><em><span>\u201enez\u00e1konn\u00fd p\u0159\u00edjem\u201c<\/span><\/em><span>\u00a0z \u00fadajn\u00e9 \u010dinnosti.<\/span><\/p>\n<p><span>\u017d\u00e1dn\u00fd z podez\u0159el\u00fdch nebyl identifikov\u00e1n jm\u00e9nem. V p\u0159\u00edpad\u011b odsouzen\u00ed jim podle z\u00e1kona o zahrani\u010dn\u00edm obchodu hroz\u00ed nejm\u00e9n\u011b jeden rok v\u011bzen\u00ed. \u00dadajn\u00fd p\u0159estupek je st\u00e1le v \u0161et\u0159en\u00ed celn\u00ed inspekce ve Stuttgartu, co\u017e m\u016f\u017ee p\u0159in\u00e9st dal\u0161\u00ed obvin\u011bn\u00ed.<\/span><\/p>\n<p><span>Za\u010d\u00e1tkem tohoto m\u011bs\u00edce USA tak\u00e9 sankcionovaly RT a obvinily kan\u00e1l, \u017ee\u00a0<\/span><em><span>\u201efunguje jako de facto odno\u017e [rusk\u00e9] rozv\u011bdky\u201c.<\/span><\/em><span>\u00a0\u00da\u0159edn\u00edk americk\u00e9ho ministerstva zahrani\u010d\u00ed Jamie Rubin obvinil zpravodajstv\u00ed RT ze skute\u010dnosti, \u017ee velk\u00e1 \u010d\u00e1st sv\u011bta se nep\u0159iklonila na stranu Ukrajiny, jak Washington o\u010dek\u00e1val.<\/span><\/p>\n<p><em><span>\u201eNajdeme zp\u016fsoby, jak tyto sankce obej\u00edt. Je to takov\u00e1 hra na ko\u010dku a my\u0161. A bude to pokra\u010dovat,\u201c<\/span><\/em><span>\u00a0\u0159ekla v reakci \u0161\u00e9fredaktorka RT Margarita Simonyanov\u00e1.<\/span><\/p>\n<p><em><span>&#8222;Nikam nejedeme,&#8220;<\/span><\/em><span>\u00a0uvedla RT ve zpr\u00e1v\u011b prom\u00edtan\u00e9 tento t\u00fdden na fas\u00e1d\u011b americk\u00e9 ambas\u00e1dy v Moskv\u011b.<\/span><\/p>\n<p><span style=\"font-size: 14pt;\"><strong>Za Hitlera poslech zahrani\u010dn\u00edch m\u00e9di\u00ed byl trest\u00e1n smrt\u00ed a je z\u0159ejm\u00e9, \u017ee se k tomu EU ji\u017e p\u0159ibl\u00ed\u017eila!<\/strong><\/span><\/p>\n<p><img decoding=\"async\" loading=\"lazy\" class=\"alignnone size-full wp-image-1185\" src=\"http:\/\/www.infokuryr.cz\/n\/wp-content\/uploads\/2021\/04\/kuryr-podpis.png\" alt=\"\" width=\"84\" height=\"24\" \/><\/p>\n<p>&nbsp;<\/p>\n","protected":false},"excerpt":{"rendered":"<p>N\u011bmeck\u00fd mu\u017e a jeho ukrajinsk\u00e1 man\u017eelka \u00fadajn\u011b poskytovali zak\u00e1zan\u00e9 rusk\u00e9 kan\u00e1ly N\u011bmeck\u00e9 \u00fa\u0159ady zadr\u017eely p\u00e1r&#8230;<\/p>\n","protected":false},"author":2,"featured_media":63082,"comment_status":"closed","ping_status":"closed","sticky":false,"template":"","format":"standard","meta":[],"categories":[7],"tags":[84,86,1265,2506],"_links":{"self":[{"href":"https:\/\/www.infokuryr.cz\/n\/wp-json\/wp\/v2\/posts\/63081"}],"collection":[{"href":"https:\/\/www.infokuryr.cz\/n\/wp-json\/wp\/v2\/posts"}],"about":[{"href":"https:\/\/www.infokuryr.cz\/n\/wp-json\/wp\/v2\/types\/post"}],"author":[{"embeddable":true,"href":"https:\/\/www.infokuryr.cz\/n\/wp-json\/wp\/v2\/users\/2"}],"replies":[{"embeddable":true,"href":"https:\/\/www.infokuryr.cz\/n\/wp-json\/wp\/v2\/comments?post=63081"}],"version-history":[{"count":0,"href":"https:\/\/www.infokuryr.cz\/n\/wp-json\/wp\/v2\/posts\/63081\/revisions"}],"wp:featuredmedia":[{"embeddable":true,"href":"https:\/\/www.infokuryr.cz\/n\/wp-json\/wp\/v2\/media\/63082"}],"wp:attachment":[{"href":"https:\/\/www.infokuryr.cz\/n\/wp-json\/wp\/v2\/media?parent=63081"}],"wp:term":[{"taxonomy":"category","embeddable":true,"href":"https:\/\/www.infokuryr.cz\/n\/wp-json\/wp\/v2\/categories?post=63081"},{"taxonomy":"post_tag","embeddable":true,"href":"https:\/\/www.infokuryr.cz\/n\/wp-json\/wp\/v2\/tags?post=63081"}],"curies":[{"name":"wp","href":"https:\/\/api.w.org\/{rel}","templated":true}]}}