{"id":63077,"date":"2024-09-28T06:08:49","date_gmt":"2024-09-28T04:08:49","guid":{"rendered":"https:\/\/www.infokuryr.cz\/n\/?p=63077"},"modified":"2024-09-28T06:08:49","modified_gmt":"2024-09-28T04:08:49","slug":"izraelsky-utok-byl-zacilen-na-sefa-hizballahu","status":"publish","type":"post","link":"https:\/\/www.infokuryr.cz\/n\/2024\/09\/28\/izraelsky-utok-byl-zacilen-na-sefa-hizballahu\/","title":{"rendered":"Izraelsk\u00fd \u00fatok byl zac\u00edlen na \u0161\u00e9fa Hizball\u00e1hu"},"content":{"rendered":"<div id=\"fb-root\"><\/div>\n<p><span style=\"font-size: 18pt;\"><strong>Hassan Nasrall\u00e1h je \u00fadajn\u011b na\u017eivu po \u201emasivn\u00edm\u201c n\u00e1letu na libanonskou metropoli, uvedla agentura Reuters<\/strong><\/span><\/p>\n<p><span>V\u016fdce \u0161\u00editsk\u00e9ho hnut\u00ed Hizball\u00e1h Hassan Nasrall\u00e1h \u017eije po\u00a0<\/span><em><span>\u201emasivn\u00edm\u201c<\/span><\/em><span>\u00a0n\u00e1letu na s\u00eddlo skupiny, uvedla agentura Reuters s odkazem na zdroj bl\u00edzk\u00fd hnut\u00ed. Z\u00e1padn\u00ed Jeruzal\u00e9m potvrdil bombardov\u00e1n\u00ed podzemn\u00edho komplexu pat\u0159\u00edc\u00edho militantn\u00ed skupin\u011b na p\u0159edm\u011bst\u00ed Dahiyeh v Bejr\u00fatu.<\/span><\/p>\n<p><span>Mluv\u010d\u00ed IDF kontradmir\u00e1l Daniel Hagari uvedl, \u017ee c\u00edlem \u00fatoku bylo hlavn\u00ed velitelstv\u00ed \u0161\u00editsk\u00fdch milic\u00ed, kter\u00e9 se nach\u00e1z\u00ed pod civiln\u00ed \u010dtvrt\u00ed.<\/span><\/p>\n<p><span>Axios v p\u00e1tek s odvol\u00e1n\u00edm na izraelsk\u00fd zdroj uvedl, \u017ee\u00a0<\/span><a href=\"https:\/\/www.axios.com\/2024\/09\/27\/israel-airstrike-hezbollah-hq-beirut\" target=\"_blank\" rel=\"noopener noreferrer\"><span>c\u00edlem<\/span><\/a><span>\u00a0operace byl Nasrall\u00e1h a \u017ee izraelsk\u00e1 arm\u00e1da prov\u011b\u0159uje, zda byl \u00faderem zasa\u017een. Z\u00e1padn\u00ed Jeruzal\u00e9m tuto informaci ofici\u00e1ln\u011b nepotvrdil. Izraelsk\u00e1 m\u00e9dia tvrd\u00ed, \u017ee v\u016fdce Hizball\u00e1hu byl pravd\u011bpodobn\u011b zabit p\u0159i \u00fatoku.<\/span><\/p>\n<p><span>\u00cdr\u00e1nsk\u00e1 tiskov\u00e1 agentura Tasnim tak\u00e9 uvedla, \u017ee Nasrall\u00e1h je\u00a0<\/span><a href=\"https:\/\/www.tasnimnews.com\/en\/news\/2024\/09\/27\/3166641\/hezbollah-s-leader-executive-council-chief-safe-informed-sources-tell-tasnim\" target=\"_blank\" rel=\"noopener noreferrer\"><span>v bezpe\u010d\u00ed<\/span><\/a><span>\u00a0. Agentura uvedla, \u017ee p\u0159i st\u00e1vce bylo zni\u010deno \u0161est budov. Libanonsk\u00fd zpravodajsk\u00fd server Al Manar uvedl, \u017ee \u00fatok na p\u0159edm\u011bst\u00ed si vy\u017e\u00e1dal nejm\u00e9n\u011b \u0161est ob\u011bt\u00ed a 76 zran\u011bn\u00fdch, ale Nasrall\u00e1ha nezm\u00ednil.<\/span><\/p>\n<p><span>Izraelsk\u00e1 arm\u00e1da za posledn\u00ed t\u00fdden \u010dty\u0159ikr\u00e1t ude\u0159ila na ji\u017en\u00ed p\u0159edm\u011bst\u00ed Bejr\u00fatu a zabila nejm\u00e9n\u011b t\u0159i nejvy\u0161\u0161\u00ed velitele Hizball\u00e1hu: Ibrahima Aqila, Ahmeda Wahbiho a Ibrahima Qubaisiho. Tyto \u00fatoky byly sou\u010d\u00e1st\u00ed izraelsk\u00e9 bombardovac\u00ed kampan\u011b zam\u011b\u0159en\u00e9 na Hizball\u00e1h a zasahuj\u00edc\u00ed r\u016fzn\u00e1 m\u00edsta v Libanonu. Podle libanonsk\u00e9ho ministerstva zdravotnictv\u00ed bylo p\u0159i izraelsk\u00fdch n\u00e1letech zabito nejm\u00e9n\u011b 1300 lid\u00ed.<\/span><\/p>\n<p><span>V\u00edce ne\u017e 100 000 lid\u00ed bylo evakuov\u00e1no z obou stran izraelsko-libanonsk\u00e9 hranice od t\u00e9 doby, co si izraelsk\u00e9 s\u00edly za\u010daly vym\u011b\u0148ovat palbu s bojovn\u00edky Hizball\u00e1hu na za\u010d\u00e1tku v\u00e1lky mezi Izraelem a Ham\u00e1sem t\u00e9m\u011b\u0159 p\u0159ed rokem.<\/span><\/p>\n<p><span>Hnut\u00ed se s\u00eddlem v Libanonu podporuje palestinskou v\u011bc sporadick\u00fdm odpalov\u00e1n\u00edm raket proti izraelsk\u00fdm vojensk\u00fdm za\u0159\u00edzen\u00edm od t\u00e9 doby, co Z\u00e1padn\u00ed Jeruzal\u00e9m zah\u00e1jil vojenskou kampa\u0148 proti militantn\u00ed skupin\u011b Hamas s\u00eddl\u00edc\u00ed v Gaze. Toto vojensk\u00e9 \u00fasil\u00ed bylo zah\u00e1jeno v reakci na smrt\u00edc\u00ed n\u00e1let Hamasu loni v \u0159\u00edjnu, kter\u00fd m\u011bl za n\u00e1sledek smrt p\u0159ibli\u017en\u011b 1200 Izraelc\u016f.<\/span><\/p>\n<p><span>Podle palestinsk\u00fdch zdravotnick\u00fdch \u00fa\u0159ad\u016f si izraelsk\u00e1 kampa\u0148 vy\u017e\u00e1dala p\u0159es 41 000 ob\u011bt\u00ed, v\u010detn\u011b t\u00e9m\u011b\u0159 16 500 d\u011bt\u00ed. Z\u00e1padn\u00ed Jeruzal\u00e9m tak\u00e9 za\u010d\u00e1tkem tohoto m\u011bs\u00edce drasticky eskaloval svou kampa\u0148 proti Hizball\u00e1hu, p\u0159i\u010dem\u017e p\u0159i sabot\u00e1\u017en\u00ed operaci zam\u011b\u0159en\u00e9 na ru\u010dn\u00ed komunika\u010dn\u00ed za\u0159\u00edzen\u00ed skupiny zranil tis\u00edce lid\u00ed a n\u00e1sledn\u011b od minul\u00e9ho t\u00fddne bombardoval ji\u017en\u00ed Libanon n\u00e1lety.<\/span><\/p>\n<p><img decoding=\"async\" loading=\"lazy\" class=\"alignnone size-full wp-image-1185\" src=\"http:\/\/www.infokuryr.cz\/n\/wp-content\/uploads\/2021\/04\/kuryr-podpis.png\" alt=\"\" width=\"84\" height=\"24\" \/><\/p>\n<p>&nbsp;<\/p>\n","protected":false},"excerpt":{"rendered":"<p>Hassan Nasrall\u00e1h je \u00fadajn\u011b na\u017eivu po \u201emasivn\u00edm\u201c n\u00e1letu na libanonskou metropoli, uvedla agentura Reuters V\u016fdce&#8230;<\/p>\n","protected":false},"author":2,"featured_media":63078,"comment_status":"closed","ping_status":"closed","sticky":false,"template":"","format":"standard","meta":[],"categories":[7],"tags":[6772,107,723],"_links":{"self":[{"href":"https:\/\/www.infokuryr.cz\/n\/wp-json\/wp\/v2\/posts\/63077"}],"collection":[{"href":"https:\/\/www.infokuryr.cz\/n\/wp-json\/wp\/v2\/posts"}],"about":[{"href":"https:\/\/www.infokuryr.cz\/n\/wp-json\/wp\/v2\/types\/post"}],"author":[{"embeddable":true,"href":"https:\/\/www.infokuryr.cz\/n\/wp-json\/wp\/v2\/users\/2"}],"replies":[{"embeddable":true,"href":"https:\/\/www.infokuryr.cz\/n\/wp-json\/wp\/v2\/comments?post=63077"}],"version-history":[{"count":0,"href":"https:\/\/www.infokuryr.cz\/n\/wp-json\/wp\/v2\/posts\/63077\/revisions"}],"wp:featuredmedia":[{"embeddable":true,"href":"https:\/\/www.infokuryr.cz\/n\/wp-json\/wp\/v2\/media\/63078"}],"wp:attachment":[{"href":"https:\/\/www.infokuryr.cz\/n\/wp-json\/wp\/v2\/media?parent=63077"}],"wp:term":[{"taxonomy":"category","embeddable":true,"href":"https:\/\/www.infokuryr.cz\/n\/wp-json\/wp\/v2\/categories?post=63077"},{"taxonomy":"post_tag","embeddable":true,"href":"https:\/\/www.infokuryr.cz\/n\/wp-json\/wp\/v2\/tags?post=63077"}],"curies":[{"name":"wp","href":"https:\/\/api.w.org\/{rel}","templated":true}]}}