{"id":63075,"date":"2024-09-28T06:06:24","date_gmt":"2024-09-28T04:06:24","guid":{"rendered":"https:\/\/www.infokuryr.cz\/n\/?p=63075"},"modified":"2024-09-28T06:06:24","modified_gmt":"2024-09-28T04:06:24","slug":"byvala-francouzska-kolonie-pozaduje-reparace","status":"publish","type":"post","link":"https:\/\/www.infokuryr.cz\/n\/2024\/09\/28\/byvala-francouzska-kolonie-pozaduje-reparace\/","title":{"rendered":"B\u00fdval\u00e1 francouzsk\u00e1 kolonie po\u017eaduje reparace"},"content":{"rendered":"<div id=\"fb-root\"><\/div>\n<p><span style=\"font-size: 18pt;\"><strong>Do\u010dasn\u00fd prezident Haiti mluvil o d\u016fstojnosti sv\u00e9 zem\u011b, ne\u017e si namo\u010dil oblek, kdy\u017e se pokusil nabrat vodu z d\u017eb\u00e1nu<\/strong><\/span><\/p>\n<p><span>Haitsk\u00fd prozat\u00edmn\u00ed v\u016fdce Edgard Leblanc Fils po\u017eadoval, aby Francie zaplatila\u00a0<\/span><em><span>\u201espravedliv\u00e9 a p\u0159im\u011b\u0159en\u00e9 reparace\u201c<\/span><\/em><span>\u00a0jako kompenzaci dluhu z koloni\u00e1ln\u00ed \u00e9ry, kter\u00fd byl jeho n\u00e1rodu vnucov\u00e1n. Jeho vol\u00e1n\u00ed po\u00a0<\/span><em><span>\u201erespektu\u201c<\/span><\/em><span>\u00a0se v\u0161ak\u00a0stalo vir\u00e1ln\u00edm z jin\u00fdch d\u016fvod\u016f pot\u00e9, co se b\u011bhem projevu namo\u010dil d\u017eb\u00e1nem vody.<\/span><\/p>\n<p><span>Leblanc, p\u0159edseda Haitsk\u00e9 prozat\u00edmn\u00ed prezidentsk\u00e9 rady, ve \u010dtvrtek na Valn\u00e9m shrom\u00e1\u017ed\u011bn\u00ed OSN v New Yorku popsal svou zemi jako\u00a0<\/span><em><span>\u201evelkou ob\u011b\u0165 historick\u00e9 nespravedlnosti, kter\u00e1 zpomalila jej\u00ed rozvoj a zat\u00ed\u017eila jej\u00ed obyvatele\u201c.\u00a0<\/span><\/em><\/p>\n<p><em><span>&#8222;Tento dluh byl nespravedliv\u00fdm trestem, kter\u00fd po cel\u00e9 generace potla\u010doval potenci\u00e1l haitsk\u00e9ho lidu,&#8220;<\/span><\/em><span>\u00a0\u0159ekl Leblanc na shrom\u00e1\u017ed\u011bn\u00ed OSN. Haiti, \u0159ekl,\u00a0<\/span><em><span>&#8222;nehled\u00e1 charitu, ale spravedlnost, respekt k jeho d\u016fstojnosti a jeho pr\u00e1vu na d\u016fstojnou a prosperuj\u00edc\u00ed existenci.&#8220;<\/span><\/em><\/p>\n<p><span>Kdy\u017e Leblanc \u0159ekl slovo\u00a0<\/span><em><span>\u201ed\u016fstojnost\u201c,<\/span><\/em><span>\u00a0zvedl velk\u00fd d\u017eb\u00e1n vody a pokusil se z n\u011bj nap\u00edt, p\u0159i\u010dem\u017e si vodu rozlil po cel\u00e9m obleku. Videoz\u00e1znam incidentu se rychle stal vir\u00e1ln\u00edm a Leblanc byl z\u0159ejm\u011b jedin\u00fdm \u0159e\u010dn\u00edkem na shrom\u00e1\u017ed\u011bn\u00ed, kter\u00fd pil p\u0159\u00edmo ze d\u017eb\u00e1nu, m\u00edsto aby si naplnil sklenici jako prvn\u00ed.<\/span><\/p>\n<div class=\"rtcode\">\n<div class=\"twitter-tweet twitter-tweet-rendered\"><iframe id=\"twitter-widget-0\" class=\"\" title=\"P\u0159\u00edsp\u011bvek X\" src=\"https:\/\/platform.twitter.com\/embed\/Tweet.html?creatorScreenName=RT_com&amp;dnt=false&amp;embedId=twitter-widget-0&amp;features=eyJ0ZndfdGltZWxpbmVfbGlzdCI6eyJidWNrZXQiOltdLCJ2ZXJzaW9uIjpudWxsfSwidGZ3X2ZvbGxvd2VyX2NvdW50X3N1bnNldCI6eyJidWNrZXQiOnRydWUsInZlcnNpb24iOm51bGx9LCJ0ZndfdHdlZXRfZWRpdF9iYWNrZW5kIjp7ImJ1Y2tldCI6Im9uIiwidmVyc2lvbiI6bnVsbH0sInRmd19yZWZzcmNfc2Vzc2lvbiI6eyJidWNrZXQiOiJvbiIsInZlcnNpb24iOm51bGx9LCJ0ZndfZm9zbnJfc29mdF9pbnRlcnZlbnRpb25zX2VuYWJsZWQiOnsiYnVja2V0Ijoib24iLCJ2ZXJzaW9uIjpudWxsfSwidGZ3X21peGVkX21lZGlhXzE1ODk3Ijp7ImJ1Y2tldCI6InRyZWF0bWVudCIsInZlcnNpb24iOm51bGx9LCJ0ZndfZXhwZXJpbWVudHNfY29va2llX2V4cGlyYXRpb24iOnsiYnVja2V0IjoxMjA5NjAwLCJ2ZXJzaW9uIjpudWxsfSwidGZ3X3Nob3dfYmlyZHdhdGNoX3Bpdm90c19lbmFibGVkIjp7ImJ1Y2tldCI6Im9uIiwidmVyc2lvbiI6bnVsbH0sInRmd19kdXBsaWNhdGVfc2NyaWJlc190b19zZXR0aW5ncyI6eyJidWNrZXQiOiJvbiIsInZlcnNpb24iOm51bGx9LCJ0ZndfdXNlX3Byb2ZpbGVfaW1hZ2Vfc2hhcGVfZW5hYmxlZCI6eyJidWNrZXQiOiJvbiIsInZlcnNpb24iOm51bGx9LCJ0ZndfdmlkZW9faGxzX2R5bmFtaWNfbWFuaWZlc3RzXzE1MDgyIjp7ImJ1Y2tldCI6InRydWVfYml0cmF0ZSIsInZlcnNpb24iOm51bGx9LCJ0ZndfbGVnYWN5X3RpbWVsaW5lX3N1bnNldCI6eyJidWNrZXQiOnRydWUsInZlcnNpb24iOm51bGx9LCJ0ZndfdHdlZXRfZWRpdF9mcm9udGVuZCI6eyJidWNrZXQiOiJvbiIsInZlcnNpb24iOm51bGx9fQ%3D%3D&amp;frame=false&amp;hideCard=false&amp;hideThread=false&amp;id=1839509564061847787&amp;lang=cs&amp;maxWidth=560px&amp;origin=https%3A%2F%2Fswentr.site%2Fnews%2F604808-haiti-un-reparations-water%2F&amp;sessionId=e9675d25623a29d7ea66f9f9fed63d8a39891078&amp;siteScreenName=RT_com&amp;theme=light&amp;widgetsVersion=2615f7e52b7e0%3A1702314776716&amp;width=550px\" frameborder=\"0\" scrolling=\"no\" allowfullscreen=\"allowfullscreen\" data-tweet-id=\"1839509564061847787\" data-mce-fragment=\"1\"><\/iframe><\/div>\n<\/div>\n<p><span>Rychle se v\u0161ak vzpamatoval a \u017e\u00e1dal pen\u00edze z Francie. Haiti se podle n\u011bj sna\u017e\u00ed\u00a0<\/span><em><span>\u201euplatnit spravedliv\u00e9 a p\u0159im\u011b\u0159en\u00e9 reparace, kter\u00e9 na\u0161im lidem umo\u017en\u00ed osvobodit se z neviditeln\u00fdch \u0159et\u011bz\u016f t\u00e9to nespravedliv\u00e9 minulosti\u201c.<\/span><\/em><\/p>\n<p><span>Leblanc m\u011bl na mysli dluh, kter\u00fd na Haiti uvalila Francie v roce 1825, dv\u011b desetilet\u00ed pot\u00e9, co povst\u00e1n\u00ed otrok\u016f ukon\u010dilo vl\u00e1du Pa\u0159\u00ed\u017ee nad karibsk\u00fdm st\u00e1tem. Podle dohody bylo Haiti na\u0159\u00edzeno zaplatit Francii 150 milion\u016f frank\u016f v p\u011bti ro\u010dn\u00edch platb\u00e1ch v\u00fdm\u011bnou za diplomatick\u00e9 uzn\u00e1n\u00ed a kompenzovat Pa\u0159\u00ed\u017e za ztr\u00e1tu jej\u00ed nejproduktivn\u011bj\u0161\u00ed kolonie.\u00a0<\/span><\/p>\n<p><span>Haiti si muselo p\u016fj\u010dit pen\u00edze od Francie a USA, aby zaplatilo by\u0165 jen jedinou instalaci, \u010d\u00edm\u017e ve skute\u010dnosti vznikl dvojn\u00e1sobn\u00fd dluh. Kdy\u017e Haiti v roce 1947 provedlo svou posledn\u00ed platbu, odhadovalo se, \u017ee zb\u00edda\u010den\u00fd n\u00e1rod odevzdal celkem 12 milion\u016f frank\u016f, tedy dnes v\u00edce ne\u017e 560 milion\u016f dolar\u016f.<\/span><\/p>\n<p><span>Leblanc neuvedl, kolik pen\u011bz po\u017eaduje, ale aktivist\u00e9 ji\u017e d\u0159\u00edve po\u017eadovali a\u017e 200 miliard dolar\u016f, pomoc\u00ed nepr\u016fhledn\u00fdch metod pro\u00a0<\/span><a href=\"https:\/\/www.theguardian.com\/world\/2024\/apr\/18\/haiti-france-reparations\" target=\"_blank\" rel=\"noopener noreferrer\"><span>v\u00fdpo\u010det<\/span><\/a><span>\u00a0\u00farok\u016f z 560 milion\u016f dolar\u016f placen\u00fdch Haiti plus potenci\u00e1ln\u00ed ekonomick\u00fd r\u016fst zbrzd\u011bn\u00fd stolet\u00edm spl\u00e1tek. Francie ji\u017e vylou\u010dila jakoukoli platbu reparac\u00ed.<\/span><\/p>\n<p><span>Haiti se v desetilet\u00edch od posledn\u00ed spl\u00e1tky dluhu pot\u00e1celo od krize ke krizi. Dikt\u00e1to\u0159i otce a syna Francois &#8218;Papa Doc&#8216; Duvalier a Jean-Claude &#8218;Baby Doc&#8216; Duvalier vl\u00e1dli zemi od roku 1957 do roku 1986, b\u011bhem t\u00e9to doby vzrostl st\u00e1tn\u00ed dluh a haitsk\u00e9 obyvatelstvo z\u016fstalo nejchud\u0161\u00ed na z\u00e1padn\u00ed polokouli. Ned\u00e1vno bylo Haiti zpusto\u0161eno zem\u011bt\u0159esen\u00edm v roce 2010, kter\u00e9 zabilo v\u00edce ne\u017e 220 000 lid\u00ed, a zem\u011b se po atent\u00e1tu na prezidenta Jovenela Moise v roce 2021 propadla do anarchie.<\/span><\/p>\n<p><span>Konfederace zlo\u010dineck\u00fdch gang\u016f slou\u017eila jako de facto vl\u00e1dci Haiti, dokud nebyla za\u010d\u00e1tkem tohoto roku ustavena P\u0159echodn\u00e1 prezidentsk\u00e1 rada, kter\u00e1 m\u011bla zemi \u0159\u00eddit, dokud nebude zvolen prezident.<\/span><\/p>\n<p><img decoding=\"async\" loading=\"lazy\" class=\"alignnone size-full wp-image-1185\" src=\"http:\/\/www.infokuryr.cz\/n\/wp-content\/uploads\/2021\/04\/kuryr-podpis.png\" alt=\"\" width=\"84\" height=\"24\" \/><\/p>\n<p>&nbsp;<\/p>\n","protected":false},"excerpt":{"rendered":"<p>Do\u010dasn\u00fd prezident Haiti mluvil o d\u016fstojnosti sv\u00e9 zem\u011b, ne\u017e si namo\u010dil oblek, kdy\u017e se pokusil&#8230;<\/p>\n","protected":false},"author":2,"featured_media":63076,"comment_status":"closed","ping_status":"closed","sticky":false,"template":"","format":"standard","meta":[],"categories":[7],"tags":[130,841,1715],"_links":{"self":[{"href":"https:\/\/www.infokuryr.cz\/n\/wp-json\/wp\/v2\/posts\/63075"}],"collection":[{"href":"https:\/\/www.infokuryr.cz\/n\/wp-json\/wp\/v2\/posts"}],"about":[{"href":"https:\/\/www.infokuryr.cz\/n\/wp-json\/wp\/v2\/types\/post"}],"author":[{"embeddable":true,"href":"https:\/\/www.infokuryr.cz\/n\/wp-json\/wp\/v2\/users\/2"}],"replies":[{"embeddable":true,"href":"https:\/\/www.infokuryr.cz\/n\/wp-json\/wp\/v2\/comments?post=63075"}],"version-history":[{"count":0,"href":"https:\/\/www.infokuryr.cz\/n\/wp-json\/wp\/v2\/posts\/63075\/revisions"}],"wp:featuredmedia":[{"embeddable":true,"href":"https:\/\/www.infokuryr.cz\/n\/wp-json\/wp\/v2\/media\/63076"}],"wp:attachment":[{"href":"https:\/\/www.infokuryr.cz\/n\/wp-json\/wp\/v2\/media?parent=63075"}],"wp:term":[{"taxonomy":"category","embeddable":true,"href":"https:\/\/www.infokuryr.cz\/n\/wp-json\/wp\/v2\/categories?post=63075"},{"taxonomy":"post_tag","embeddable":true,"href":"https:\/\/www.infokuryr.cz\/n\/wp-json\/wp\/v2\/tags?post=63075"}],"curies":[{"name":"wp","href":"https:\/\/api.w.org\/{rel}","templated":true}]}}