{"id":63060,"date":"2024-09-28T05:23:47","date_gmt":"2024-09-28T03:23:47","guid":{"rendered":"https:\/\/www.infokuryr.cz\/n\/?p=63060"},"modified":"2024-09-28T05:23:47","modified_gmt":"2024-09-28T03:23:47","slug":"petr-michalu-smutna-vzpominka","status":"publish","type":"post","link":"https:\/\/www.infokuryr.cz\/n\/2024\/09\/28\/petr-michalu-smutna-vzpominka\/","title":{"rendered":"Petr Michal\u016f: Smutn\u00e1 vzpom\u00ednka"},"content":{"rendered":"<div id=\"fb-root\"><\/div>\n<p>Dnes, to je <strong>28. z\u00e1\u0159\u00ed<\/strong>, jsou to p\u0159esn\u011b 2 roky, kdy padl n\u00e1\u0161 <strong><em>(tedy i m\u016fj) <\/em><\/strong>velitel odd\u00edlu kryc\u00edm jm\u00e9nem <strong>\u201eVOLHA (\u0412\u043e\u043b\u0433\u0430)\u201c<\/strong>. Padl spole\u010dn\u011b i s\u00a0na\u0161\u00edm velitelem pluku <strong>28. z\u00e1\u0159\u00ed 2022<\/strong> \u2013 podplukovn\u00edk a plukovn\u00edk.<\/p>\n<p><img decoding=\"async\" loading=\"lazy\" class=\"wp-image-63062 aligncenter\" src=\"http:\/\/www.infokuryr.cz\/n\/wp-content\/uploads\/2024\/09\/pohreb-donbas-300x169.jpg\" alt=\"\" width=\"554\" height=\"312\" srcset=\"https:\/\/www.infokuryr.cz\/n\/wp-content\/uploads\/2024\/09\/pohreb-donbas-300x169.jpg 300w, https:\/\/www.infokuryr.cz\/n\/wp-content\/uploads\/2024\/09\/pohreb-donbas-1024x576.jpg 1024w, https:\/\/www.infokuryr.cz\/n\/wp-content\/uploads\/2024\/09\/pohreb-donbas-768x432.jpg 768w, https:\/\/www.infokuryr.cz\/n\/wp-content\/uploads\/2024\/09\/pohreb-donbas.jpg 1103w\" sizes=\"(max-width: 554px) 100vw, 554px\" \/><\/p>\n<p><strong>Ten den<\/strong> m\u00e1m st\u00e1le v\u00a0\u017eiv\u00e9 pam\u011bti, r\u00e1no, jako v\u017edy jsme se pozdravili pod\u00e1n\u00edm ruky, m\u011bl jsem slu\u017ebu, ud\u011blal jsem mu tedy i rann\u00ed k\u00e1vu. Pot\u00e9 odjeli spole\u010dn\u011b s\u00a0velitelem pluku. Odjeli a\u2026 v\u00edce se ji\u017e nevr\u00e1tili. Ve\u010der na n\u00e1stupu odd\u00edlu jsme se dozv\u011bd\u011bli, \u017ee oba zahynuli. Byla to pro n\u00e1s t\u011b\u017ek\u00e1 r\u00e1na.<\/p>\n<p><strong>N\u00e1\u0161 velitel odd\u00edlu padl<\/strong> sotva jeden m\u011bs\u00edc po dovr\u0161en\u00ed a velice skromn\u00e9 oslav\u011b sv\u00fdch pades\u00e1t\u00fdch narozenin. Byl to voj\u00e1k t\u011blem i du\u0161\u00ed, \u00fa\u010dastnil se n\u011bkolika v\u00e1lek, v\u011brn\u011b a \u010destn\u011b slou\u017eil sv\u00e9 vlasti \u2013 Rusku. Tvrd\u00fd velitel, ale dobr\u00fd chlap. Pochov\u00e1n byl jen n\u011bkolik dn\u00ed po sv\u00e9 smrti na jednom z\u00a0moskevsk\u00fdch h\u0159bitov\u016f se v\u0161emi vojensk\u00fdmi poctami. M\u011bl 5 d\u011bt\u00ed, nejstar\u0161\u00ed jeho syn tak\u00e9 zahynul, tak\u00e9 ve vojensk\u00e9 uniform\u011b, &#8211; ten ale ji\u017e d\u0159\u00edve.<\/p>\n<p><img decoding=\"async\" loading=\"lazy\" class=\"wp-image-63063 aligncenter\" src=\"http:\/\/www.infokuryr.cz\/n\/wp-content\/uploads\/2024\/09\/hrob-donbas-225x300.jpg\" alt=\"\" width=\"417\" height=\"556\" srcset=\"https:\/\/www.infokuryr.cz\/n\/wp-content\/uploads\/2024\/09\/hrob-donbas-225x300.jpg 225w, https:\/\/www.infokuryr.cz\/n\/wp-content\/uploads\/2024\/09\/hrob-donbas-768x1024.jpg 768w, https:\/\/www.infokuryr.cz\/n\/wp-content\/uploads\/2024\/09\/hrob-donbas.jpg 867w\" sizes=\"(max-width: 417px) 100vw, 417px\" \/><\/p>\n<p>Takov\u00e1 je v\u00e1lka.<\/p>\n<p><strong>\u010cest Va\u0161\u00ed pam\u00e1tce! Jste hrdinov\u00e9!<\/strong><\/p>\n<p><em>Mgr. Petr Michal\u016f<\/em><\/p>\n<p><img decoding=\"async\" loading=\"lazy\" class=\"alignnone size-medium wp-image-35494\" src=\"http:\/\/www.infokuryr.cz\/n\/wp-content\/uploads\/2023\/09\/petr-michalu-300x251.jpg\" alt=\"\" width=\"300\" height=\"251\" srcset=\"https:\/\/www.infokuryr.cz\/n\/wp-content\/uploads\/2023\/09\/petr-michalu-300x251.jpg 300w, https:\/\/www.infokuryr.cz\/n\/wp-content\/uploads\/2023\/09\/petr-michalu-768x641.jpg 768w, https:\/\/www.infokuryr.cz\/n\/wp-content\/uploads\/2023\/09\/petr-michalu.jpg 801w\" sizes=\"(max-width: 300px) 100vw, 300px\" \/><\/p>\n<p>&nbsp;<\/p>\n","protected":false},"excerpt":{"rendered":"<p>Dnes, to je 28. z\u00e1\u0159\u00ed, jsou to p\u0159esn\u011b 2 roky, kdy padl n\u00e1\u0161 (tedy i&#8230;<\/p>\n","protected":false},"author":2,"featured_media":63061,"comment_status":"closed","ping_status":"closed","sticky":false,"template":"","format":"standard","meta":[],"categories":[6],"tags":[64,40,3526,801],"_links":{"self":[{"href":"https:\/\/www.infokuryr.cz\/n\/wp-json\/wp\/v2\/posts\/63060"}],"collection":[{"href":"https:\/\/www.infokuryr.cz\/n\/wp-json\/wp\/v2\/posts"}],"about":[{"href":"https:\/\/www.infokuryr.cz\/n\/wp-json\/wp\/v2\/types\/post"}],"author":[{"embeddable":true,"href":"https:\/\/www.infokuryr.cz\/n\/wp-json\/wp\/v2\/users\/2"}],"replies":[{"embeddable":true,"href":"https:\/\/www.infokuryr.cz\/n\/wp-json\/wp\/v2\/comments?post=63060"}],"version-history":[{"count":0,"href":"https:\/\/www.infokuryr.cz\/n\/wp-json\/wp\/v2\/posts\/63060\/revisions"}],"wp:featuredmedia":[{"embeddable":true,"href":"https:\/\/www.infokuryr.cz\/n\/wp-json\/wp\/v2\/media\/63061"}],"wp:attachment":[{"href":"https:\/\/www.infokuryr.cz\/n\/wp-json\/wp\/v2\/media?parent=63060"}],"wp:term":[{"taxonomy":"category","embeddable":true,"href":"https:\/\/www.infokuryr.cz\/n\/wp-json\/wp\/v2\/categories?post=63060"},{"taxonomy":"post_tag","embeddable":true,"href":"https:\/\/www.infokuryr.cz\/n\/wp-json\/wp\/v2\/tags?post=63060"}],"curies":[{"name":"wp","href":"https:\/\/api.w.org\/{rel}","templated":true}]}}