{"id":63034,"date":"2024-09-28T00:50:38","date_gmt":"2024-09-27T22:50:38","guid":{"rendered":"https:\/\/www.infokuryr.cz\/n\/?p=63034"},"modified":"2024-09-27T15:06:23","modified_gmt":"2024-09-27T13:06:23","slug":"americky-stat-popravil-druheho-vezne-pomoci-kontroverzni-metody-plynovani","status":"publish","type":"post","link":"https:\/\/www.infokuryr.cz\/n\/2024\/09\/28\/americky-stat-popravil-druheho-vezne-pomoci-kontroverzni-metody-plynovani\/","title":{"rendered":"Americk\u00fd st\u00e1t popravil druh\u00e9ho v\u011bzn\u011b pomoc\u00ed kontroverzn\u00ed metody plynov\u00e1n\u00ed"},"content":{"rendered":"<div id=\"fb-root\"><\/div>\n<p><span style=\"font-size: 18pt;\"><strong>Alan Eugene Miller byl usmrcen hypoxi\u00ed dus\u00edku, kter\u00e1 je podle n\u011bkter\u00fdch kritik\u016f srovnateln\u00e1 s mu\u010den\u00edm<\/strong><\/span><\/p>\n<p><span>Americk\u00fd st\u00e1t Alabama popravil v\u011bzn\u011b v cele smrti pomoc\u00ed plynn\u00e9ho dus\u00edku, co\u017e je druh\u00e9 pou\u017eit\u00ed kontroverzn\u00ed metody, o n\u00ed\u017e n\u011bkte\u0159\u00ed kritici tvrdili, \u017ee se rovn\u00e1 mu\u010den\u00ed.<\/span><\/p>\n<p><span>Proveden\u00ed hypoxi\u00ed dus\u00edku zahrnuje nahrazen\u00ed kysl\u00edku vdechovan\u00e9ho v\u011bzn\u011bm 100% dus\u00edkem. Zast\u00e1nci t\u00e9to metody tvrd\u00ed, \u017ee popravovan\u00e1 osoba pravd\u011bpodobn\u011b b\u011bhem procedury ztrat\u00ed v\u011bdom\u00ed, tak\u017ee je hum\u00e1nn\u011bj\u0161\u00ed ne\u017e jin\u00e9 metody. Jin\u00ed odborn\u00edci v\u0161ak vyj\u00e1d\u0159ili obavy, \u017ee by to mohlo v\u00e9st k nadm\u011brn\u00e9 bolesti a mu\u010den\u00ed, p\u0159i\u010dem\u017e tvrd\u00ed, \u017ee neexistuje zp\u016fsob, jak p\u0159esn\u011b ur\u010dit, zda nebo kdy osoba ztrat\u00ed v\u011bdom\u00ed, kdy\u017e je vystavena koncentrovan\u00e9mu plynn\u00e9mu dus\u00edku.<\/span><\/p>\n<p><span>Ve \u010dtvrtek komisa\u0159 Alabamsk\u00e9ho ministerstva pro n\u00e1pravy John Hamm na tiskov\u00e9 konferenci ozn\u00e1mil, \u017ee 59let\u00fd Alan Eugene Miller byl popraven touto metodou a byl prohl\u00e1\u0161en za mrtv\u00e9ho v 18:38 m\u00edstn\u00edho \u010dasu ve v\u011bznici Atmore.\u00a0<\/span><\/p>\n<p><span>Podle report\u00e9ra agentury Associated Press, kter\u00fd byl p\u0159\u00edtomen \u010dtvrte\u010dn\u00ed poprav\u011b, Miller\u00a0<\/span><em><span>\u201ese t\u0159\u00e1sl a t\u0159\u00e1sl na nos\u00edtku asi dv\u011b minuty, p\u0159i\u010dem\u017e jeho t\u011blo ob\u010das p\u0159itahovalo omezovac\u00ed prost\u0159edky. N\u00e1sledovalo asi \u0161est minut periodick\u00fdch dech\u016f, ne\u017e utichl.&#8220;<\/span><\/em><\/p>\n<p><span>Ve sv\u00fdch posledn\u00edch slovech Miller tak\u00e9 \u00fadajn\u011b tvrdil, \u017ee\u00a0<\/span><em><span>\u201eneud\u011blal nic, aby tu byl\u201c<\/span><\/em><span>\u00a0a po\u017e\u00e1dal svou rodinu a p\u0159\u00e1tele, aby se o n\u011bkoho\u00a0<\/span><em><span>\u201epostarali\u201c<\/span><\/em><span>\u00a0.<\/span><\/p>\n<p><span>Hamm ve sv\u00e9 zpr\u00e1v\u011b potvrdil dv\u011b minuty t\u0159esu a uvedl, \u017ee se daj\u00ed o\u010dek\u00e1vat mimovoln\u00ed pohyby t\u011bla, proto\u017ee t\u011blo bylo ochuzeno o kysl\u00edk.\u00a0<\/span><em><span>&#8222;To nen\u00ed nic, co jsme ne\u010dekali,&#8220;<\/span><\/em><span>\u00a0\u0159ekl komisa\u0159 a potvrdil, \u017ee\u00a0<\/span><em><span>&#8222;v\u0161e \u0161lo podle pl\u00e1nu a podle na\u0161eho protokolu.&#8220;<\/span><\/em><\/p>\n<p><span>Miller byl odsouzen za zabit\u00ed t\u0159\u00ed mu\u017e\u016f p\u0159i st\u0159elb\u011b na pracovi\u0161ti v roce 1999. V roce 2022 po\u017e\u00e1dal, aby byl usmrcen hypoxi\u00ed dus\u00edku, ale jeho \u017e\u00e1dost byla tehdy zam\u00edtnuta. M\u00edsto toho m\u011bl b\u00fdt Miller popraven smrt\u00edc\u00ed injekc\u00ed v z\u00e1\u0159\u00ed 2022, ale pokus byl odvol\u00e1n pot\u00e9, co \u00fa\u0159edn\u00edci uvedli, \u017ee se nemohli dostat do jeho \u017eil v\u010das.<\/span><\/p>\n<p><span>St\u00e1t nakonec souhlasil s jeho popravou hypoxi\u00ed dus\u00edku, ale Miller tuto metodu zpochybnil pot\u00e9, co byla v lednu poprv\u00e9 pou\u017eita k ukon\u010den\u00ed \u017eivota odsouzen\u00e9ho na smrt Kennetha Eugene Smithe. B\u011bhem Smithovy popravy ho sv\u011bdci vid\u011bli, jak se n\u011bkolik minut t\u0159\u00e1sl a sv\u00edjel na nos\u00edtk\u00e1ch, ne\u017e zem\u0159el.<\/span><\/p>\n<p><span>Ve feder\u00e1ln\u00edm soudn\u00edm sporu Miller napadl Alabamsk\u00fd protokol o hypoxii dus\u00edku a tvrdil, \u017ee by mu zp\u016fsobil nep\u0159im\u011b\u0159en\u00e9 utrpen\u00ed. Soudn\u00ed spor byl urovn\u00e1n minul\u00fd m\u011bs\u00edc, ale podm\u00ednky z\u016fstaly d\u016fv\u011brn\u00e9.<\/span><\/p>\n<p><img decoding=\"async\" loading=\"lazy\" class=\"alignnone size-full wp-image-1185\" src=\"http:\/\/www.infokuryr.cz\/n\/wp-content\/uploads\/2021\/04\/kuryr-podpis.png\" alt=\"\" width=\"84\" height=\"24\" \/><\/p>\n<p>&nbsp;<\/p>\n","protected":false},"excerpt":{"rendered":"<p>Alan Eugene Miller byl usmrcen hypoxi\u00ed dus\u00edku, kter\u00e1 je podle n\u011bkter\u00fdch kritik\u016f srovnateln\u00e1 s mu\u010den\u00edm&#8230;<\/p>\n","protected":false},"author":2,"featured_media":63035,"comment_status":"closed","ping_status":"closed","sticky":false,"template":"","format":"standard","meta":[],"categories":[7],"tags":[7985,993,37],"_links":{"self":[{"href":"https:\/\/www.infokuryr.cz\/n\/wp-json\/wp\/v2\/posts\/63034"}],"collection":[{"href":"https:\/\/www.infokuryr.cz\/n\/wp-json\/wp\/v2\/posts"}],"about":[{"href":"https:\/\/www.infokuryr.cz\/n\/wp-json\/wp\/v2\/types\/post"}],"author":[{"embeddable":true,"href":"https:\/\/www.infokuryr.cz\/n\/wp-json\/wp\/v2\/users\/2"}],"replies":[{"embeddable":true,"href":"https:\/\/www.infokuryr.cz\/n\/wp-json\/wp\/v2\/comments?post=63034"}],"version-history":[{"count":0,"href":"https:\/\/www.infokuryr.cz\/n\/wp-json\/wp\/v2\/posts\/63034\/revisions"}],"wp:featuredmedia":[{"embeddable":true,"href":"https:\/\/www.infokuryr.cz\/n\/wp-json\/wp\/v2\/media\/63035"}],"wp:attachment":[{"href":"https:\/\/www.infokuryr.cz\/n\/wp-json\/wp\/v2\/media?parent=63034"}],"wp:term":[{"taxonomy":"category","embeddable":true,"href":"https:\/\/www.infokuryr.cz\/n\/wp-json\/wp\/v2\/categories?post=63034"},{"taxonomy":"post_tag","embeddable":true,"href":"https:\/\/www.infokuryr.cz\/n\/wp-json\/wp\/v2\/tags?post=63034"}],"curies":[{"name":"wp","href":"https:\/\/api.w.org\/{rel}","templated":true}]}}