{"id":63032,"date":"2024-09-28T00:49:57","date_gmt":"2024-09-27T22:49:57","guid":{"rendered":"https:\/\/www.infokuryr.cz\/n\/?p=63032"},"modified":"2024-09-27T15:03:00","modified_gmt":"2024-09-27T13:03:00","slug":"sudanska-armada-zahajila-velkou-ofenzivu","status":"publish","type":"post","link":"https:\/\/www.infokuryr.cz\/n\/2024\/09\/28\/sudanska-armada-zahajila-velkou-ofenzivu\/","title":{"rendered":"S\u00fad\u00e1nsk\u00e1 arm\u00e1da zah\u00e1jila velkou ofenz\u00edvu"},"content":{"rendered":"<div id=\"fb-root\"><\/div>\n<p><span style=\"font-size: 18pt;\"><strong>Vl\u00e1da \u00fadajn\u011b provedla n\u00e1lety na hlavn\u00ed m\u011bsto v\u00e1lkou zni\u010den\u00e9 zem\u011b a p\u0159ilehl\u00e9 oblasti, aby je znovu dobyla od polovojensk\u00fdch sil<\/strong><\/span><\/p>\n<p><span>S\u00fad\u00e1nsk\u00e9 ozbrojen\u00e9 s\u00edly (SAF) zah\u00e1jily rozs\u00e1hlou ofenz\u00edvu v hlavn\u00edm m\u011bst\u011b zem\u011b Chart\u00famu, aby znovu z\u00edskaly \u00fazem\u00ed, kter\u00e9 p\u0159edt\u00edm ztratily polovojensk\u00e9 s\u00edly rychl\u00e9 podpory (RSF), kdy\u017e p\u0159ed v\u00edce ne\u017e rokem vypukla ob\u010dansk\u00e1 v\u00e1lka.<\/span><\/p>\n<p><span>N\u00e1lety na pozice RSF byly provedeny v hlavn\u00edm m\u011bst\u011b a p\u0159ilehl\u00fdch oblastech ve \u010dtvrtek za \u00fasvitu, uvedla Al-D\u017eaz\u00edra s odkazem na vojensk\u00e9 zdroje. Jde o nejv\u011bt\u0161\u00ed \u00fatok za posledn\u00ed m\u011bs\u00edce.<\/span><\/p>\n<p><span>Sv\u011bdci \u0159ekli agentu\u0159e Reuters o t\u011b\u017ek\u00e9m bombardov\u00e1n\u00ed a st\u0159etech, kdy\u017e se vl\u00e1dn\u00ed jednotky tla\u010dily k most\u016fm p\u0159es Nil a spojuj\u00edc\u00edm Chart\u00fam se sousedn\u00edmi m\u011bsty Omdurman a Bahri. Arm\u00e1dn\u00ed zdroje uvedly, \u017ee jejich s\u00edly ji\u017e p\u0159ekro\u010dily mosty v Chart\u00famu a Bahr\u00ed, ale RSF tvrdila, \u017ee pokusy odrazila, dodal v\u00fdstup.<\/span><\/p>\n<p><em><span>&#8222;Arm\u00e1da prov\u00e1d\u00ed t\u011b\u017ek\u00e9 d\u011blost\u0159eleck\u00e9 \u00fatoky a n\u00e1lety na Halfaya a Shambat [v Bahri],&#8220;<\/span><\/em><span>\u00a0\u0159ekl agentu\u0159e Reuters 48let\u00fd obyvatel Ahmed Abdalla.<\/span><\/p>\n<p><em><span>&#8222;Sed\u00edme se sousedy a o\u010dek\u00e1v\u00e1me dal\u0161\u00ed ud\u00e1lost,&#8220;<\/span><\/em><span>\u00a0\u0159ekl Al-D\u017eaz\u00ed\u0159e dal\u0161\u00ed obyvatel Chart\u00famu a dodal, \u017ee existuje nad\u011bje, \u017ee arm\u00e1da m\u011bsto z\u00edsk\u00e1 zp\u011bt, proto\u017ee\u00a0<\/span><em><span>&#8222;lid\u00e9 u\u017e maj\u00ed pln\u00e9 zuby milice.&#8220;<\/span><\/em><\/p>\n<p><span>Mluv\u010d\u00ed ministerstva zdravotnictv\u00ed st\u00e1tu Chart\u00fam Mohamed Ibrahim \u00fadajn\u011b \u0159ekl, \u017ee nejm\u00e9n\u011b \u010dty\u0159i lid\u00e9 byli ve \u010dtvrtek r\u00e1no zabiti a 14 dal\u0161\u00edch zran\u011bno p\u0159i ost\u0159elov\u00e1n\u00ed obytn\u00fdch \u010dtvrt\u00ed v guvernor\u00e1tu Karari severn\u011b od Omdurm\u00e1nu ze strany RSF.<\/span><\/p>\n<p><span>S\u00fad\u00e1n upadl do chaosu v polovin\u011b dubna lo\u0148sk\u00e9ho roku, kdy v hlavn\u00edm m\u011bst\u011b vypukly boje mezi arm\u00e1dou a RSF po m\u011bs\u00edc\u00edch nap\u011bt\u00ed ohledn\u011b kontroly nad zem\u00ed. Od t\u00e9 doby byly zabity a zran\u011bny des\u00edtky tis\u00edc civilist\u016f, t\u00e9m\u011b\u0159 osm milion\u016f lid\u00ed bylo vys\u00eddleno a dal\u0161\u00ed dva miliony byly nuceny uprchnout do sousedn\u00edch zem\u00ed, uv\u00e1d\u00ed ned\u00e1vn\u00e1 zpr\u00e1va vy\u0161et\u0159ovac\u00ed mise OSN. V\u00e1lkou zni\u010den\u00e1 zem\u011b \u010del\u00ed n\u011b\u010demu, co OSN ozna\u010dila za jednu z nejhor\u0161\u00edch sv\u011btov\u00fdch humanit\u00e1rn\u00edch kriz\u00ed.<\/span><\/p>\n<p><span>\u010ctvrte\u010dn\u00ed rozs\u00e1hl\u00e1 vojensk\u00e1 operace p\u0159ich\u00e1z\u00ed navzdory snah\u00e1m USA a Sa\u00fadsk\u00e9 Ar\u00e1bie zprost\u0159edkovat p\u0159\u00edm\u011b\u0159\u00ed, o kter\u00e9m se hovo\u0159ilo i na okraj 79. zased\u00e1n\u00ed Valn\u00e9ho shrom\u00e1\u017ed\u011bn\u00ed OSN v New Yorku.<\/span><\/p>\n<p><span>Rusk\u00fd ministr zahrani\u010d\u00ed Sergej Lavrov, kter\u00fd se \u00fa\u010dastn\u00ed zased\u00e1n\u00ed OSN, vedl bilater\u00e1ln\u00ed\u00a0<\/span><a href=\"https:\/\/x.com\/mfa_russia\/status\/1839429468861206807\" target=\"_blank\" rel=\"noopener noreferrer\"><span>rozhovory<\/span><\/a><span>\u00a0se s\u00fad\u00e1nsk\u00fdm de facto v\u016fdcem a velitelem SAF gener\u00e1lem Abdalem Fatt\u00e1hem al-Burhanem o zp\u016fsobech, jak ukon\u010dit 17m\u011bs\u00ed\u010dn\u00ed v\u00e1lku.<\/span><\/p>\n<p><span>Podle tiskov\u00e9 zpr\u00e1vy rusk\u00e9ho ministerstva zahrani\u010d\u00ed Lavrov b\u011bhem setk\u00e1n\u00ed zd\u016fraznil\u00a0<\/span><em><span>\u201epot\u0159ebu brzk\u00e9ho ukon\u010den\u00ed nep\u0159\u00e1telstv\u00ed\u201c<\/span><\/em><span>\u00a0a zah\u00e1jen\u00ed \u0161irok\u00e9ho n\u00e1rodn\u00edho dialogu.<\/span><\/p>\n<p><span>Mezit\u00edm al-Burhan ve \u010dtvrte\u010dn\u00edm\u00a0<\/span><a href=\"https:\/\/webtv.un.org\/en\/asset\/k1z\/k1z1s8kk0x\" target=\"_blank\" rel=\"noopener noreferrer\"><span>projevu<\/span><\/a><span>\u00a0ke shrom\u00e1\u017ed\u011bn\u00ed \u0159ekl, \u017ee a\u010dkoli podporuje m\u00edrov\u00e9 \u00fasil\u00ed, p\u0159\u00edm\u011b\u0159\u00ed lze dos\u00e1hnout pouze tehdy, pokud se RSF st\u00e1hne z oblast\u00ed, kter\u00e9 okupuje.<\/span><\/p>\n<p><span>Obvinil nejmenovan\u00e9 zem\u011b, \u017ee dod\u00e1vaj\u00ed RSF \u017eold\u00e1ky, finan\u010dn\u00ed prost\u0159edky a zbran\u011b, p\u0159i\u010dem\u017e varoval, \u017ee arm\u00e1da\u00a0<\/span><em><span>\u201epostupuje k por\u00e1\u017ece a vytla\u010dov\u00e1n\u00ed t\u011bchto agresor\u016f, bez ohledu na to, jakou pomoc a podporu najdou\u201c.<\/span><\/em><\/p>\n<p><img decoding=\"async\" loading=\"lazy\" class=\"alignnone size-full wp-image-1185\" src=\"http:\/\/www.infokuryr.cz\/n\/wp-content\/uploads\/2021\/04\/kuryr-podpis.png\" alt=\"\" width=\"84\" height=\"24\" \/><\/p>\n<p>&nbsp;<\/p>\n","protected":false},"excerpt":{"rendered":"<p>Vl\u00e1da \u00fadajn\u011b provedla n\u00e1lety na hlavn\u00ed m\u011bsto v\u00e1lkou zni\u010den\u00e9 zem\u011b a p\u0159ilehl\u00e9 oblasti, aby je&#8230;<\/p>\n","protected":false},"author":2,"featured_media":63033,"comment_status":"closed","ping_status":"closed","sticky":false,"template":"","format":"standard","meta":[],"categories":[7],"tags":[80,570,40],"_links":{"self":[{"href":"https:\/\/www.infokuryr.cz\/n\/wp-json\/wp\/v2\/posts\/63032"}],"collection":[{"href":"https:\/\/www.infokuryr.cz\/n\/wp-json\/wp\/v2\/posts"}],"about":[{"href":"https:\/\/www.infokuryr.cz\/n\/wp-json\/wp\/v2\/types\/post"}],"author":[{"embeddable":true,"href":"https:\/\/www.infokuryr.cz\/n\/wp-json\/wp\/v2\/users\/2"}],"replies":[{"embeddable":true,"href":"https:\/\/www.infokuryr.cz\/n\/wp-json\/wp\/v2\/comments?post=63032"}],"version-history":[{"count":0,"href":"https:\/\/www.infokuryr.cz\/n\/wp-json\/wp\/v2\/posts\/63032\/revisions"}],"wp:featuredmedia":[{"embeddable":true,"href":"https:\/\/www.infokuryr.cz\/n\/wp-json\/wp\/v2\/media\/63033"}],"wp:attachment":[{"href":"https:\/\/www.infokuryr.cz\/n\/wp-json\/wp\/v2\/media?parent=63032"}],"wp:term":[{"taxonomy":"category","embeddable":true,"href":"https:\/\/www.infokuryr.cz\/n\/wp-json\/wp\/v2\/categories?post=63032"},{"taxonomy":"post_tag","embeddable":true,"href":"https:\/\/www.infokuryr.cz\/n\/wp-json\/wp\/v2\/tags?post=63032"}],"curies":[{"name":"wp","href":"https:\/\/api.w.org\/{rel}","templated":true}]}}