{"id":63031,"date":"2024-09-28T00:48:11","date_gmt":"2024-09-27T22:48:11","guid":{"rendered":"https:\/\/www.infokuryr.cz\/n\/?p=63031"},"modified":"2024-09-27T14:59:33","modified_gmt":"2024-09-27T12:59:33","slug":"hizballah-zverejnil-zabery-nedavnych-utoku-na-severni-izrael","status":"publish","type":"post","link":"https:\/\/www.infokuryr.cz\/n\/2024\/09\/28\/hizballah-zverejnil-zabery-nedavnych-utoku-na-severni-izrael\/","title":{"rendered":"Hizball\u00e1h zve\u0159ejnil z\u00e1b\u011bry ned\u00e1vn\u00fdch \u00fatok\u016f na severn\u00ed Izrael"},"content":{"rendered":"<div id=\"fb-root\"><\/div>\n<p><strong><span>Vojensk\u00e1 m\u00e9dia Hizball\u00e1hu zve\u0159ejnila videa ukazuj\u00edc\u00ed n\u011bkter\u00e9 z \u00fatok\u016f, kter\u00e9 zas\u00e1hly severn\u00ed Izrael 23. a 24. z\u00e1\u0159\u00ed.<\/span><\/strong><\/p>\n<p><span>\u00datoky byly zam\u011b\u0159eny na leti\u0161t\u011b Megiddo, t\u00e1bor Elyakim, vojensko-pr\u016fmyslov\u00fd komplex Zikhron, z\u00e1kladny Nimra, Atlit, Amos, Naftali a Shimshon a tak\u00e9 na osady Kiryat Shmona a Rosh Pina. V\u011bt\u0161ina \u00fatok\u016f byla provedena pomoc\u00ed t\u011b\u017ek\u00fdch d\u011blost\u0159eleck\u00fdch raket a sebevra\u017eedn\u00fdch dron\u016f.<\/span><\/p>\n<p><span>I kdy\u017e \u017e\u00e1dn\u00fd z t\u011bchto \u00fatok\u016f nem\u011bl za n\u00e1sledek \u00famrt\u00ed, zp\u016fsobily v\u00e1\u017en\u00e9 materi\u00e1ln\u00ed ztr\u00e1ty a za\u017eehly \u0159adu po\u017e\u00e1r\u016f.<\/span><\/p>\n<p><iframe loading=\"lazy\" src=\"https:\/\/s5.cdnstatic.space\/wp-content\/uploads\/2024\/09\/majido.mp4\" width=\"600\" height=\"338\" data-mce-fragment=\"1\"><\/iframe><\/p>\n<p><iframe loading=\"lazy\" src=\"https:\/\/s5.cdnstatic.space\/wp-content\/uploads\/2024\/09\/shamshon.mp4\" width=\"600\" height=\"338\" data-mce-fragment=\"1\"><\/iframe><\/p>\n<p><iframe loading=\"lazy\" src=\"https:\/\/s5.cdnstatic.space\/wp-content\/uploads\/2024\/09\/atilit.mp4\" width=\"600\" height=\"338\" data-mce-fragment=\"1\"><\/iframe><\/p>\n<p><iframe loading=\"lazy\" src=\"https:\/\/s5.cdnstatic.space\/wp-content\/uploads\/2024\/09\/nemra.mp4\" width=\"600\" height=\"338\" data-mce-fragment=\"1\"><\/iframe><\/p>\n<p><iframe loading=\"lazy\" src=\"https:\/\/s5.cdnstatic.space\/wp-content\/uploads\/2024\/09\/shmona.mp4\" width=\"600\" height=\"338\" data-mce-fragment=\"1\"><\/iframe><\/p>\n<p><span>Konfrontace mezi Izraelem a Libanonem vypukla po za\u010d\u00e1tku v\u00e1lky v p\u00e1smu Gazy loni v \u0159\u00edjnu, kdy Hizball\u00e1h a jeho spojenci podnikali t\u00e9m\u011b\u0159 ka\u017edodenn\u00ed \u00fatoky proti izraelsk\u00fdm obrann\u00fdm sil\u00e1m (IDF) na podporu palestinsk\u00e9 enkl\u00e1vy.<\/span><\/p>\n<p><span>IDF eskalovaly sv\u00e9 \u00fatoky proti Libanonu 23. z\u00e1\u0159\u00ed na \u00farove\u0148, kter\u00e1 nebyla zaznamen\u00e1na od v\u00e1lky v roce 2006. Leteck\u00e1 kampa\u0148 si dosud vy\u017e\u00e1dala \u017eivoty v\u00edce ne\u017e 700 lid\u00ed.<\/span><\/p>\n<p><span>V reakci na to Hizball\u00e1h roz\u0161\u00ed\u0159il sv\u00e9 \u00fatoky hluboko do severn\u00edho Izraele a zas\u00e1hl c\u00edle vzd\u00e1len\u00e9 v\u00edce ne\u017e 50 kilometr\u016f od libanonsk\u00fdch hranic.<\/span><\/p>\n<p><span>Celkem vzato, konfrontace zat\u00edm vy\u00fastila v 26 mrtv\u00fdch civilist\u016f v Izraeli a na okupovan\u00fdch syrsk\u00fdch Golansk\u00fdch v\u00fd\u0161in\u00e1ch, stejn\u011b jako smrt nejm\u00e9n\u011b 22 voj\u00e1k\u016f a bezpe\u010dnostn\u00edch d\u016fstojn\u00edk\u016f. Na libanonsk\u00e9 stran\u011b bylo zabito v\u00edce ne\u017e 1900 lid\u00ed, v\u010detn\u011b v\u00edce ne\u017e 500 \u010dlen\u016f Hizball\u00e1hu.<\/span><\/p>\n<p><img decoding=\"async\" loading=\"lazy\" class=\"alignnone size-full wp-image-1185\" src=\"http:\/\/www.infokuryr.cz\/n\/wp-content\/uploads\/2021\/04\/kuryr-podpis.png\" alt=\"\" width=\"84\" height=\"24\" \/><\/p>\n<p>&nbsp;<\/p>\n","protected":false},"excerpt":{"rendered":"<p>Vojensk\u00e1 m\u00e9dia Hizball\u00e1hu zve\u0159ejnila videa ukazuj\u00edc\u00ed n\u011bkter\u00e9 z \u00fatok\u016f, kter\u00e9 zas\u00e1hly severn\u00ed Izrael 23. a&#8230;<\/p>\n","protected":false},"author":2,"featured_media":59862,"comment_status":"closed","ping_status":"closed","sticky":false,"template":"","format":"standard","meta":[],"categories":[7],"tags":[6772,107,5135],"_links":{"self":[{"href":"https:\/\/www.infokuryr.cz\/n\/wp-json\/wp\/v2\/posts\/63031"}],"collection":[{"href":"https:\/\/www.infokuryr.cz\/n\/wp-json\/wp\/v2\/posts"}],"about":[{"href":"https:\/\/www.infokuryr.cz\/n\/wp-json\/wp\/v2\/types\/post"}],"author":[{"embeddable":true,"href":"https:\/\/www.infokuryr.cz\/n\/wp-json\/wp\/v2\/users\/2"}],"replies":[{"embeddable":true,"href":"https:\/\/www.infokuryr.cz\/n\/wp-json\/wp\/v2\/comments?post=63031"}],"version-history":[{"count":0,"href":"https:\/\/www.infokuryr.cz\/n\/wp-json\/wp\/v2\/posts\/63031\/revisions"}],"wp:featuredmedia":[{"embeddable":true,"href":"https:\/\/www.infokuryr.cz\/n\/wp-json\/wp\/v2\/media\/59862"}],"wp:attachment":[{"href":"https:\/\/www.infokuryr.cz\/n\/wp-json\/wp\/v2\/media?parent=63031"}],"wp:term":[{"taxonomy":"category","embeddable":true,"href":"https:\/\/www.infokuryr.cz\/n\/wp-json\/wp\/v2\/categories?post=63031"},{"taxonomy":"post_tag","embeddable":true,"href":"https:\/\/www.infokuryr.cz\/n\/wp-json\/wp\/v2\/tags?post=63031"}],"curies":[{"name":"wp","href":"https:\/\/api.w.org\/{rel}","templated":true}]}}