{"id":63029,"date":"2024-09-28T00:47:49","date_gmt":"2024-09-27T22:47:49","guid":{"rendered":"https:\/\/www.infokuryr.cz\/n\/?p=63029"},"modified":"2024-09-27T14:50:10","modified_gmt":"2024-09-27T12:50:10","slug":"poboureni-ve-vidni-luxusni-byty-pro-uprchliky-vyvolaly-protesty","status":"publish","type":"post","link":"https:\/\/www.infokuryr.cz\/n\/2024\/09\/28\/poboureni-ve-vidni-luxusni-byty-pro-uprchliky-vyvolaly-protesty\/","title":{"rendered":"Pobou\u0159en\u00ed ve V\u00eddni: luxusn\u00ed byty pro uprchl\u00edky vyvolaly protesty"},"content":{"rendered":"<div id=\"fb-root\"><\/div>\n<h3 class=\"s-tagline fw-tagline\">&#8222;Zat\u00edmco bezpo\u010det V\u00edde\u0148an\u016f mus\u00ed \u017e\u00edt v plesniv\u00fdch obecn\u00edch bytech a nedostanou ani nov\u00e1 okna, \u017eadatel\u00e9 o azyl, kte\u0159\u00ed zde nikdy nepracovali ani den, dost\u00e1vaj\u00ed zcela nov\u00e9 luxusn\u00ed byty!&#8220; zu\u0159ili opozi\u010dn\u00ed politici FP\u00d6<\/h3>\n<div class=\"e-ct-outer\">\n<div class=\"entry-content rbct clearfix is-highlight-shares\">\n<p>V 10. v\u00edde\u0148sk\u00e9m obvodu Favoriten roste nap\u011bt\u00ed, kdy\u017e m\u00edstn\u00ed obyvatel\u00e9 vyjad\u0159uj\u00ed hn\u011bv nad projektem ubytov\u00e1n\u00ed uprchl\u00edk\u016f ve 110 nov\u011b postaven\u00fdch luxusn\u00edch apartm\u00e1nech.<\/p>\n<p>Apartm\u00e1ny vybaven\u00e9 klimatizac\u00ed, balkony a modern\u00ed kuchyn\u011b vyvolaly kontroverzi, proto\u017ee m\u00edstn\u00ed ob\u010dan\u00e9 a politi\u010dt\u00ed \u010dinitel\u00e9 zpochyb\u0148uj\u00ed rozhodnut\u00ed p\u0159id\u011blit takov\u00e9 ubytov\u00e1n\u00ed uprchl\u00edk\u016fm, zat\u00edmco mnoho V\u00edde\u0148an\u016f bojuje s nevyhovuj\u00edc\u00edm bydlen\u00edm.<\/p>\n<p>Spole\u010dn\u00e1 iniciativa mezi m\u011bstskou vl\u00e1dou a protestantskou charitativn\u00ed organizac\u00ed Diakonie je navr\u017eena tak, aby ubytovala uprchl\u00edky a jejich rodiny a p\u0159ipravila je na trh pr\u00e1ce. Rozhodnut\u00ed nab\u00eddnout takov\u00e9 modern\u00ed ubytov\u00e1n\u00ed \u017eadatel\u016fm o azyl v\u0161ak vyvolalo pobou\u0159en\u00ed, zejm\u00e9na po odhalen\u00ed p\u0159\u00edpadu syrsk\u00e9 rodiny, kter\u00e1 ve V\u00eddni dost\u00e1vala 4 600 eur jako soci\u00e1ln\u00ed pomoc. Mnoz\u00ed maj\u00ed pocit, \u017ee prost\u0159edky m\u011bsta jsou nespravedliv\u011b p\u0159id\u011blov\u00e1ny lidem, kte\u0159\u00ed nejsou ob\u010dany.<\/p>\n<p>Asi 30 m\u00edstn\u00edch obyvatel uspo\u0159\u00e1dalo ve st\u0159edu r\u00e1no spont\u00e1nn\u00ed protest p\u0159ed bytov\u00fdm domem a dr\u017eelo cedule s hesly jako: \u201eN\u00e1jemn\u00ed \u0161\u00edlenstv\u00ed pro V\u00edde\u0148any, luxusn\u00ed budova pro \u017eadatele o azyl!<\/p>\n<p>Vedle protestu se p\u0159i podpisov\u00e9 kampani shrom\u00e1\u017edilo kolem 200 p\u0159\u00edznivc\u016f.<\/p>\n<p>Jeden z demonstrant\u016f \u0159ekl: &#8222;Pro\u010d by lid\u00e9, kte\u0159\u00ed t\u00e9to zemi nep\u0159isp\u011bli, m\u011bli dost\u00e1vat luxusn\u00ed byty, zat\u00edmco mnoz\u00ed z n\u00e1s uv\u00edzli ve star\u00fdch, plesniv\u00fdch domech?&#8220;<\/p>\n<p>\u010ctvr\u0165 Favoriten, ji\u017e hotspot pro komunity migrant\u016f, zaznamenala zv\u00fd\u0161en\u00e9 obavy z integrace nov\u00fdch obyvatel. N\u011bkte\u0159\u00ed m\u00edstn\u00ed se ob\u00e1vaj\u00ed, \u017ee by projekt mohl je\u0161t\u011b v\u00edce zat\u00ed\u017eit zdroje a soci\u00e1ln\u00ed soudr\u017enost oblasti.<\/p>\n<p>M\u00edstn\u00ed pobo\u010dka Strany svobody (FP\u00d6) v rakousk\u00e9m hlavn\u00edm m\u011bst\u011b, kter\u00e1 byla v pr\u016fzkumu nejlep\u0161\u00ed, toto rozhodnut\u00ed ost\u0159e kritizovala, p\u0159i\u010dem\u017e l\u00eddr Dominik Nepp obvinil socialistick\u00e9ho starostu Michaela Ludwiga, \u017ee up\u0159ednost\u0148uje uprchl\u00edky p\u0159ed m\u00edstn\u00edmi Raku\u0161any.<\/p>\n<p>\u201eZat\u00edmco bezpo\u010det V\u00edde\u0148an\u016f mus\u00ed \u017e\u00edt v plesniv\u00fdch obecn\u00edch bytech a nedost\u00e1vaj\u00ed ani nov\u00e1 okna, \u017eadatel\u00e9 o azyl, kte\u0159\u00ed zde nikdy nepracovali ani den, dost\u00e1vaj\u00ed zcela nov\u00e9 luxusn\u00ed byty s klimatizac\u00ed,\u201c \u0159ekl Nepp.<\/p>\n<p>\u201eNa renovace zch\u00e1tral\u00fdch obecn\u00edch budov nejsou pen\u00edze, ale jsou tu luxusn\u00ed byty s podkrov\u00edm a soukrom\u00fdmi zahradami pro uprchl\u00edky,\u201c dodal.<\/p>\n<p>Men\u0161inov\u00e1 kohorta FP\u00d6 v m\u011bstsk\u00e9 rad\u011b podala n\u00e1vrh na vysloven\u00ed ned\u016fv\u011bry Ludwigovi, kter\u00fd se vzhledem k politick\u00e9 aritmetice neo\u010dek\u00e1v\u00e1, \u017ee projde.<\/p>\n<p>Incident vyvolal ve V\u00eddni \u0161ir\u0161\u00ed debatu o nerovnosti bydlen\u00ed. Mnoho obyvatel poukazuje na to, \u017ee minim\u00e1ln\u00ed d\u016fchodci a rodiny s n\u00edzk\u00fdmi p\u0159\u00edjmy \u010dasto \u017eij\u00ed v nevyhovuj\u00edc\u00edch obecn\u00edch bytech a \u010dekaj\u00ed roky na vylep\u0161en\u00ed, jako jsou nov\u00e1 okna nebo sanace pl\u00edsn\u00ed.<\/p>\n<p>To v\u0161ak nen\u00ed ojedin\u011bl\u00e1 situace v Rakousku. Ob\u010dan\u00e9 obvi\u0148uj\u00ed vl\u00e1dy v mnoha evropsk\u00fdch zem\u00edch, \u017ee up\u0159ednost\u0148uj\u00ed nov\u011b p\u0159\u00edchoz\u00ed p\u0159ed m\u00edstn\u00edmi.<\/p>\n<p>Loni bytov\u00e9 dru\u017estvo Wohnungsbaugesellschaft Berlin-Mitte (WBM) ozn\u00e1milo, \u017ee komplex 128 byt\u016f na Askanierringu v berl\u00ednsk\u00e9 \u010dtvrti Spandau bude\u00a0<a href=\"https:\/\/rmx.news\/germany\/berlins-new-social-housing-complex-to-be-exclusively-reserved-for-asylum-seekers\/\">vyhrazen v\u00fdhradn\u011b pro \u017eadatele o azyl<\/a>\u00a0.<\/p>\n<p>Krom\u011b toho Remix News obs\u00e1hle pokrylo mno\u017estv\u00ed p\u0159\u00edb\u011bh\u016f, zejm\u00e9na v N\u011bmecku, o n\u00e1jemn\u00edc\u00edch s cenov\u011b dostupn\u00fdm bydlen\u00edm a seniorech, kte\u0159\u00ed byli vyst\u011bhov\u00e1ni ze sv\u00e9ho ubytov\u00e1n\u00ed, aby uvolnili m\u00edsto pro \u017eadatele o azyl.<\/p>\n<p>N\u00e1jemn\u00edci ve m\u011bst\u011b L\u00f6rrach v ji\u017en\u00edm N\u011bmecku byli loni informov\u00e1ni, \u017ee jejich\u00a0<a href=\"https:\/\/rmx.news\/germany\/its-an-early-death-notice-poor-and-elderly-tenants-forced-from-apartments-to-house-migrants-as-horror-case-makes-headlines-across-germany\/\">smlouvy o bytech budou ukon\u010deny, aby uvolnili m\u00edsto ukrajinsk\u00fdm uprchl\u00edk\u016fm<\/a>\u00a0, zat\u00edmco v Berl\u00edn\u011b potkal stejn\u00fd osud mnoho obyvatel pe\u010dovatelsk\u00fdch dom\u016f.<\/p>\n<p><img decoding=\"async\" loading=\"lazy\" class=\"alignnone size-full wp-image-1185\" src=\"http:\/\/www.infokuryr.cz\/n\/wp-content\/uploads\/2021\/04\/kuryr-podpis.png\" alt=\"\" width=\"84\" height=\"24\" \/><\/p>\n<p>&nbsp;<\/p>\n<\/div>\n<\/div>\n","protected":false},"excerpt":{"rendered":"<p>&#8222;Zat\u00edmco bezpo\u010det V\u00edde\u0148an\u016f mus\u00ed \u017e\u00edt v plesniv\u00fdch obecn\u00edch bytech a nedostanou ani nov\u00e1 okna, \u017eadatel\u00e9&#8230;<\/p>\n","protected":false},"author":2,"featured_media":63030,"comment_status":"closed","ping_status":"closed","sticky":false,"template":"","format":"standard","meta":[],"categories":[7],"tags":[2245,119,95,354],"_links":{"self":[{"href":"https:\/\/www.infokuryr.cz\/n\/wp-json\/wp\/v2\/posts\/63029"}],"collection":[{"href":"https:\/\/www.infokuryr.cz\/n\/wp-json\/wp\/v2\/posts"}],"about":[{"href":"https:\/\/www.infokuryr.cz\/n\/wp-json\/wp\/v2\/types\/post"}],"author":[{"embeddable":true,"href":"https:\/\/www.infokuryr.cz\/n\/wp-json\/wp\/v2\/users\/2"}],"replies":[{"embeddable":true,"href":"https:\/\/www.infokuryr.cz\/n\/wp-json\/wp\/v2\/comments?post=63029"}],"version-history":[{"count":0,"href":"https:\/\/www.infokuryr.cz\/n\/wp-json\/wp\/v2\/posts\/63029\/revisions"}],"wp:featuredmedia":[{"embeddable":true,"href":"https:\/\/www.infokuryr.cz\/n\/wp-json\/wp\/v2\/media\/63030"}],"wp:attachment":[{"href":"https:\/\/www.infokuryr.cz\/n\/wp-json\/wp\/v2\/media?parent=63029"}],"wp:term":[{"taxonomy":"category","embeddable":true,"href":"https:\/\/www.infokuryr.cz\/n\/wp-json\/wp\/v2\/categories?post=63029"},{"taxonomy":"post_tag","embeddable":true,"href":"https:\/\/www.infokuryr.cz\/n\/wp-json\/wp\/v2\/tags?post=63029"}],"curies":[{"name":"wp","href":"https:\/\/api.w.org\/{rel}","templated":true}]}}