{"id":63028,"date":"2024-09-28T00:46:49","date_gmt":"2024-09-27T22:46:49","guid":{"rendered":"https:\/\/www.infokuryr.cz\/n\/?p=63028"},"modified":"2024-09-27T14:45:32","modified_gmt":"2024-09-27T12:45:32","slug":"tvrdy-projev-argentinsky-prezident-milei-odhaluje-pakt-osn-jako-socialisticke-spiknuti","status":"publish","type":"post","link":"https:\/\/www.infokuryr.cz\/n\/2024\/09\/28\/tvrdy-projev-argentinsky-prezident-milei-odhaluje-pakt-osn-jako-socialisticke-spiknuti\/","title":{"rendered":"Tvrd\u00fd projev: Argentinsk\u00fd prezident Milei odhaluje pakt OSN jako \u201esocialistick\u00e9 spiknut\u00ed\u201c"},"content":{"rendered":"<div id=\"fb-root\"><\/div>\n<p><strong><span>Zd\u00e1 se, \u017ee Javier Milei byl jedinou hlavou st\u00e1tu, kter\u00e1 m\u011bla \u201ecojones\u201c k \u0159e\u0161en\u00ed dystopick\u00e9 agendy globalist\u016f v \u201eBudouc\u00edm paktu OSN\u201c. Zaujal tak\u00e9 nemilosrdn\u00fd postoj proti opat\u0159en\u00edm Corona, kter\u00e1 popsal jako \u201ezlo\u010diny proti lidskosti\u201c.<\/span><\/strong><\/p>\n<p><span>Argentinsk\u00fd libertari\u00e1nsk\u00fd prezident Javier Milei v\u00a0<\/span><a href=\"https:\/\/www.americanrhetoric.com\/speeches\/javiermileiunga79.htm\"><span>plamenn\u00e9m projevu<\/span><\/a><span> p\u0159ed Valn\u00fdm shrom\u00e1\u017ed\u011bn\u00edm OSN strhl masku globalistick\u00e9 elity a odhalil skute\u010dnou povahu takzvan\u00e9 \u201eAgendy 2045\u201c. S kousavou kritikou a nekompromisn\u00ed jasnost\u00ed Milei odhalil pl\u00e1ny Organizace spojen\u00fdch n\u00e1rod\u016f o tom, \u010d\u00edm skute\u010dn\u011b jsou: drz\u00fdm pokusem o nastolen\u00ed socialistick\u00e9ho sv\u011btov\u00e9ho \u0159\u00e1du pod rou\u0161kou \u201eudr\u017eitelnosti\u201c a \u201erovnosti\u201c.<\/span><\/p>\n<figure class=\"wp-block-embed is-type-rich is-provider-twitter wp-block-embed-twitter\">\n<div class=\"wp-block-embed__wrapper\">\n<div class=\"twitter-tweet twitter-tweet-rendered\"><iframe id=\"twitter-widget-0\" class=\"\" title=\"X p\u0159\u00edsp\u011bvek\" src=\"https:\/\/platform.twitter.com\/embed\/Tweet.html?dnt=true&amp;embedId=twitter-widget-0&amp;features=eyJ0ZndfdGltZWxpbmVfbGlzdCI6eyJidWNrZXQiOltdLCJ2ZXJzaW9uIjpudWxsfSwidGZ3X2ZvbGxvd2VyX2NvdW50X3N1bnNldCI6eyJidWNrZXQiOnRydWUsInZlcnNpb24iOm51bGx9LCJ0ZndfdHdlZXRfZWRpdF9iYWNrZW5kIjp7ImJ1Y2tldCI6Im9uIiwidmVyc2lvbiI6bnVsbH0sInRmd19yZWZzcmNfc2Vzc2lvbiI6eyJidWNrZXQiOiJvbiIsInZlcnNpb24iOm51bGx9LCJ0ZndfZm9zbnJfc29mdF9pbnRlcnZlbnRpb25zX2VuYWJsZWQiOnsiYnVja2V0Ijoib24iLCJ2ZXJzaW9uIjpudWxsfSwidGZ3X21peGVkX21lZGlhXzE1ODk3Ijp7ImJ1Y2tldCI6InRyZWF0bWVudCIsInZlcnNpb24iOm51bGx9LCJ0ZndfZXhwZXJpbWVudHNfY29va2llX2V4cGlyYXRpb24iOnsiYnVja2V0IjoxMjA5NjAwLCJ2ZXJzaW9uIjpudWxsfSwidGZ3X3Nob3dfYmlyZHdhdGNoX3Bpdm90c19lbmFibGVkIjp7ImJ1Y2tldCI6Im9uIiwidmVyc2lvbiI6bnVsbH0sInRmd19kdXBsaWNhdGVfc2NyaWJlc190b19zZXR0aW5ncyI6eyJidWNrZXQiOiJvbiIsInZlcnNpb24iOm51bGx9LCJ0ZndfdXNlX3Byb2ZpbGVfaW1hZ2Vfc2hhcGVfZW5hYmxlZCI6eyJidWNrZXQiOiJvbiIsInZlcnNpb24iOm51bGx9LCJ0ZndfdmlkZW9faGxzX2R5bmFtaWNfbWFuaWZlc3RzXzE1MDgyIjp7ImJ1Y2tldCI6InRydWVfYml0cmF0ZSIsInZlcnNpb24iOm51bGx9LCJ0ZndfbGVnYWN5X3RpbWVsaW5lX3N1bnNldCI6eyJidWNrZXQiOnRydWUsInZlcnNpb24iOm51bGx9LCJ0ZndfdHdlZXRfZWRpdF9mcm9udGVuZCI6eyJidWNrZXQiOiJvbiIsInZlcnNpb24iOm51bGx9fQ%3D%3D&amp;frame=false&amp;hideCard=false&amp;hideThread=false&amp;id=1838898757355679925&amp;lang=de&amp;origin=https%3A%2F%2Freport24.news%2Fargentiniens-praesident-milei-bezeichnet-un-pakt-als-sozialistisches-komplott%2F&amp;sessionId=b5ea5c18e5024aa070bef8b4d1cf3a2da6019237&amp;theme=light&amp;widgetsVersion=2615f7e52b7e0%3A1702314776716&amp;width=550px\" frameborder=\"0\" scrolling=\"no\" allowfullscreen=\"allowfullscreen\" data-tweet-id=\"1838898757355679925\" data-mce-fragment=\"1\"><\/iframe><\/div>\n<\/div>\n<\/figure>\n<p><strong><span>\u201eAgenda 2030 je ve skute\u010dnosti socialistick\u00e1 a kolektivistick\u00e1 agenda tla\u010den\u00e1 glob\u00e1ln\u00ed elitou, aby podkopala svobodu jednotlivce a nastolila totalitn\u00ed kontrolu<\/span><\/strong><span>\u00a0,\u201c h\u0159\u00edmal Milei z \u0159e\u010dnick\u00e9ho pult\u00edku.\u00a0<\/span><a href=\"https:\/\/buenosairesherald.com\/world\/international-relations\/milei-accuses-un-of-imposing-socialist-and-collectivist-Agenda\"><span>Jeho slova<\/span><\/a><span>\u00a0odhalila skryt\u00e9 machinace, kter\u00e9 se skr\u00fdvaj\u00ed za dob\u0159e zn\u011bj\u00edc\u00edmi fr\u00e1zemi byrokrat\u016f OSN.<\/span><\/p>\n<p><span>Milei tak\u00e9 zhodnotil opat\u0159en\u00ed Corona: Popsal je jako \u201ezlo\u010diny proti lidskosti\u201c.\u00a0<\/span><strong><span>&#8222;Uzam\u010den\u00ed a nucen\u00e9 o\u010dkov\u00e1n\u00ed nebyly nic jin\u00e9ho ne\u017e masivn\u00ed \u00fatok na z\u00e1kladn\u00ed pr\u00e1va a fyzickou integritu ob\u010dan\u016f<\/span><\/strong><span>\u00a0,&#8220; \u0159ekl argentinsk\u00fd prezident.\u00a0<\/span><strong><span>&#8222;Pod z\u00e1minkou ochrany zdrav\u00ed byly miliony lid\u00ed zbaveny svobody a zahn\u00e1ny do ekonomick\u00e9ho krachu.&#8220;<\/span><\/strong><\/p>\n<figure class=\"wp-block-embed is-type-rich is-provider-twitter wp-block-embed-twitter\">\n<div class=\"wp-block-embed__wrapper\">\n<div class=\"twitter-tweet twitter-tweet-rendered\"><iframe id=\"twitter-widget-1\" class=\"\" title=\"X p\u0159\u00edsp\u011bvek\" src=\"https:\/\/platform.twitter.com\/embed\/Tweet.html?dnt=true&amp;embedId=twitter-widget-1&amp;features=eyJ0ZndfdGltZWxpbmVfbGlzdCI6eyJidWNrZXQiOltdLCJ2ZXJzaW9uIjpudWxsfSwidGZ3X2ZvbGxvd2VyX2NvdW50X3N1bnNldCI6eyJidWNrZXQiOnRydWUsInZlcnNpb24iOm51bGx9LCJ0ZndfdHdlZXRfZWRpdF9iYWNrZW5kIjp7ImJ1Y2tldCI6Im9uIiwidmVyc2lvbiI6bnVsbH0sInRmd19yZWZzcmNfc2Vzc2lvbiI6eyJidWNrZXQiOiJvbiIsInZlcnNpb24iOm51bGx9LCJ0ZndfZm9zbnJfc29mdF9pbnRlcnZlbnRpb25zX2VuYWJsZWQiOnsiYnVja2V0Ijoib24iLCJ2ZXJzaW9uIjpudWxsfSwidGZ3X21peGVkX21lZGlhXzE1ODk3Ijp7ImJ1Y2tldCI6InRyZWF0bWVudCIsInZlcnNpb24iOm51bGx9LCJ0ZndfZXhwZXJpbWVudHNfY29va2llX2V4cGlyYXRpb24iOnsiYnVja2V0IjoxMjA5NjAwLCJ2ZXJzaW9uIjpudWxsfSwidGZ3X3Nob3dfYmlyZHdhdGNoX3Bpdm90c19lbmFibGVkIjp7ImJ1Y2tldCI6Im9uIiwidmVyc2lvbiI6bnVsbH0sInRmd19kdXBsaWNhdGVfc2NyaWJlc190b19zZXR0aW5ncyI6eyJidWNrZXQiOiJvbiIsInZlcnNpb24iOm51bGx9LCJ0ZndfdXNlX3Byb2ZpbGVfaW1hZ2Vfc2hhcGVfZW5hYmxlZCI6eyJidWNrZXQiOiJvbiIsInZlcnNpb24iOm51bGx9LCJ0ZndfdmlkZW9faGxzX2R5bmFtaWNfbWFuaWZlc3RzXzE1MDgyIjp7ImJ1Y2tldCI6InRydWVfYml0cmF0ZSIsInZlcnNpb24iOm51bGx9LCJ0ZndfbGVnYWN5X3RpbWVsaW5lX3N1bnNldCI6eyJidWNrZXQiOnRydWUsInZlcnNpb24iOm51bGx9LCJ0ZndfdHdlZXRfZWRpdF9mcm9udGVuZCI6eyJidWNrZXQiOiJvbiIsInZlcnNpb24iOm51bGx9fQ%3D%3D&amp;frame=false&amp;hideCard=false&amp;hideThread=false&amp;id=1838813267126554715&amp;lang=de&amp;origin=https%3A%2F%2Freport24.news%2Fargentiniens-praesident-milei-bezeichnet-un-pakt-als-sozialistisches-komplott%2F&amp;sessionId=b5ea5c18e5024aa070bef8b4d1cf3a2da6019237&amp;theme=light&amp;widgetsVersion=2615f7e52b7e0%3A1702314776716&amp;width=550px\" frameborder=\"0\" scrolling=\"no\" allowfullscreen=\"allowfullscreen\" data-tweet-id=\"1838813267126554715\" data-mce-fragment=\"1\"><\/iframe><\/div>\n<\/div>\n<\/figure>\n<p><span>Milei \u0161el je\u0161t\u011b d\u00e1le a odhalil souvislosti mezi politikou Corony a dlouhodob\u00fdmi c\u00edli globalistick\u00e9 agendy:\u00a0<\/span><strong><span>\u201ePandemie byla pou\u017eita jako z\u00e1minka k tomu, aby si obyvatelstvo zvyklo na dohled a kontrolu. To byla jen p\u0159edzv\u011bst dystopick\u00e9 budoucnosti, kter\u00e1 n\u00e1s ohro\u017euje Agendou 2030.\u201c<\/span><\/strong><\/p>\n<p><strong><span>\u201eZa z\u00e1vojem \u201aochrany klimatu\u2018 a \u201asoci\u00e1ln\u00ed spravedlnosti\u2018 se skr\u00fdv\u00e1 pokus o zaveden\u00ed nov\u00e9 formy socialismu \u2013 tentokr\u00e1t na glob\u00e1ln\u00ed \u00farovni,\u201c<\/span><\/strong><span>\u00a0varoval Milei.\u00a0<\/span><strong><span>&#8222;Pokud se neprobud\u00edme a neodol\u00e1me, skon\u010d\u00edme ve sv\u011bt\u011b, ve kter\u00e9m mal\u00e1 elita ovl\u00e1d\u00e1 v\u0161echny na\u0161e \u017eivoty.&#8220;<\/span><\/strong><\/p>\n<p><span>Javier Milei sv\u00fdm odv\u00e1\u017en\u00fdm projevem odhalil pokrytectv\u00ed a l\u017eivost syst\u00e9mu OSN. Nezb\u00fdv\u00e1 ne\u017e doufat, \u017ee jeho slova poskytnou impuls k \u0161irok\u00e9mu hnut\u00ed proti pl\u00ed\u017eiv\u00e9 neschopnosti nadn\u00e1rodn\u00edch organizac\u00ed.<\/span><\/p>\n<p><span>V dob\u011b, kdy jsou kritick\u00e9 hlasy st\u00e1le v\u00edce uml\u010dov\u00e1ny, je Mileiino vystoupen\u00ed paprskem nad\u011bje pro v\u0161echny, kte\u0159\u00ed tou\u017e\u00ed po skute\u010dn\u00e9 svobod\u011b a sebeur\u010den\u00ed. Ot\u00e1zka nyn\u00ed zn\u00ed: Budou ostatn\u00ed hlavy st\u00e1t\u016f n\u00e1sledovat jeho p\u0159\u00edkladu a m\u00edt tak\u00e9 odvahu mluvit pravdu?<\/span><\/p>\n<p><img decoding=\"async\" loading=\"lazy\" class=\"alignnone size-full wp-image-1185\" src=\"http:\/\/www.infokuryr.cz\/n\/wp-content\/uploads\/2021\/04\/kuryr-podpis.png\" alt=\"\" width=\"84\" height=\"24\" \/><\/p>\n<p>&nbsp;<\/p>\n","protected":false},"excerpt":{"rendered":"<p>Zd\u00e1 se, \u017ee Javier Milei byl jedinou hlavou st\u00e1tu, kter\u00e1 m\u011bla \u201ecojones\u201c k \u0159e\u0161en\u00ed dystopick\u00e9&#8230;<\/p>\n","protected":false},"author":2,"featured_media":41115,"comment_status":"closed","ping_status":"closed","sticky":false,"template":"","format":"standard","meta":[],"categories":[7],"tags":[2344,7949,186,165,710],"_links":{"self":[{"href":"https:\/\/www.infokuryr.cz\/n\/wp-json\/wp\/v2\/posts\/63028"}],"collection":[{"href":"https:\/\/www.infokuryr.cz\/n\/wp-json\/wp\/v2\/posts"}],"about":[{"href":"https:\/\/www.infokuryr.cz\/n\/wp-json\/wp\/v2\/types\/post"}],"author":[{"embeddable":true,"href":"https:\/\/www.infokuryr.cz\/n\/wp-json\/wp\/v2\/users\/2"}],"replies":[{"embeddable":true,"href":"https:\/\/www.infokuryr.cz\/n\/wp-json\/wp\/v2\/comments?post=63028"}],"version-history":[{"count":0,"href":"https:\/\/www.infokuryr.cz\/n\/wp-json\/wp\/v2\/posts\/63028\/revisions"}],"wp:featuredmedia":[{"embeddable":true,"href":"https:\/\/www.infokuryr.cz\/n\/wp-json\/wp\/v2\/media\/41115"}],"wp:attachment":[{"href":"https:\/\/www.infokuryr.cz\/n\/wp-json\/wp\/v2\/media?parent=63028"}],"wp:term":[{"taxonomy":"category","embeddable":true,"href":"https:\/\/www.infokuryr.cz\/n\/wp-json\/wp\/v2\/categories?post=63028"},{"taxonomy":"post_tag","embeddable":true,"href":"https:\/\/www.infokuryr.cz\/n\/wp-json\/wp\/v2\/tags?post=63028"}],"curies":[{"name":"wp","href":"https:\/\/api.w.org\/{rel}","templated":true}]}}