{"id":63025,"date":"2024-09-28T00:44:28","date_gmt":"2024-09-27T22:44:28","guid":{"rendered":"https:\/\/www.infokuryr.cz\/n\/?p=63025"},"modified":"2024-09-27T14:40:17","modified_gmt":"2024-09-27T12:40:17","slug":"smrtelne-rozsireni-vetrnych-turbin-znecisteni-zivotniho-prostredi-jemnym-prachem-a-toxiny-se-zvysuje","status":"publish","type":"post","link":"https:\/\/www.infokuryr.cz\/n\/2024\/09\/28\/smrtelne-rozsireni-vetrnych-turbin-znecisteni-zivotniho-prostredi-jemnym-prachem-a-toxiny-se-zvysuje\/","title":{"rendered":"Smrteln\u00e9 roz\u0161\u00ed\u0159en\u00ed v\u011btrn\u00fdch turb\u00edn: zne\u010di\u0161t\u011bn\u00ed \u017eivotn\u00edho prost\u0159ed\u00ed jemn\u00fdm prachem a toxiny se zvy\u0161uje"},"content":{"rendered":"<div id=\"fb-root\"><\/div>\n<p><strong><span>St\u00e1le v\u00edce a\u00a0<\/span><\/strong><strong><span>v\u00edce ekologicky \u0161kodliv\u00fdch a zdrav\u00ed ohro\u017euj\u00edc\u00edch aspekt\u016f v\u011btrn\u00e9 energie vych\u00e1z\u00ed najevo. Ale vl\u00e1dn\u00ed politika v \u0161\u00edlenstv\u00ed v\u011btrn\u00fdch turb\u00edn se o to nestar\u00e1: z\u016fst\u00e1v\u00e1 nezastra\u0161ena na cest\u011b masivn\u00ed expanze. I kdy\u017e v\u00fdsledky nejnov\u011bj\u0161\u00ed studie ukazuj\u00ed, \u017ee zne\u010di\u0161t\u011bn\u00ed \u017eivotn\u00edho prost\u0159ed\u00ed jemn\u00fdm prachem a toxick\u00fdmi chemik\u00e1liemi se nyn\u00ed zvy\u0161uje.<\/span><\/strong><\/p>\n<p><span>V\u011btrn\u00e9 turb\u00edny jsou neust\u00e1le vystaveny v\u011btru, kroup\u00e1m, sn\u011bhu a de\u0161ti. V\u00fdsledek: Ochrann\u00e9 t\u011bsn\u011bn\u00ed sto\u017e\u00e1r\u016f a rotor\u016f je odstran\u011bno a lopatky rotor\u016f vyroben\u00e9 z polyesteru se neust\u00e1le opot\u0159ebov\u00e1vaj\u00ed. Dopad tohoto opot\u0159eben\u00ed na \u017eivotn\u00ed prost\u0159ed\u00ed je obrovsk\u00fd: 4 megawattov\u00e1 v\u011btrn\u00e1 turb\u00edna vyprodukuje 180 kilogram\u016f jemn\u00e9ho prachu ro\u010dn\u011b. Ale nejen to\u00a0<\/span><strong><span>studie Harvardsk\u00e9 univerzity v roce 2018 uk\u00e1zala, \u017ee v\u011btrn\u00fd pr\u016fmysl vede k masivn\u00edm zm\u011bn\u00e1m mikroklimatu v d\u016fsledku zv\u00fd\u0161en\u00ed teploty v oblasti kolem v\u011btrn\u00e9 farmy.<\/span><\/strong><span>\u00a0V sou\u010dasn\u00e9 dob\u011b prob\u00edhaj\u00ed metastudie t\u00fdkaj\u00edc\u00ed se ot\u00e1zky, do jak\u00e9 m\u00edry rostouc\u00ed po\u010det v\u011btrn\u00fdch turb\u00edn m\u011bn\u00ed p\u0159\u00edzemn\u00ed atmosf\u00e9rickou cirkulaci a m\u016f\u017ee m\u00edt v\u00e1\u017en\u00e9 d\u016fsledky pro pov\u011btrnostn\u00ed jevy (sucha, uklidn\u011bn\u00ed).<\/span><\/p>\n<h3 id=\"h-windrader-zerstoren-gesunde-okosysteme\" class=\"wp-block-heading\"><span style=\"font-size: 18pt;\">V\u011btrn\u00e9 turb\u00edny ni\u010d\u00ed zdrav\u00e9 ekosyst\u00e9my<\/span><\/h3>\n<p><span>Vlivu v\u011btrn\u00fdch elektr\u00e1ren na slo\u017eit\u00e9 ekologick\u00e9 syst\u00e9my si politici nev\u0161\u00edmaj\u00ed a provozovatel\u00e9 v\u011btrn\u00fdch elektr\u00e1ren je pop\u00edraj\u00ed. Studie z Nizozemska ukazuj\u00ed, \u017ee b\u011bhem pou\u017e\u00edv\u00e1n\u00ed syst\u00e9m\u016f jsou des\u00edtky kilogram\u016f mikroplast\u016f vymr\u0161t\u011bny stovky metr\u016f vysoko do atmosf\u00e9ry jako \u00falomky a jemn\u00fd prach v d\u016fsledku opot\u0159eben\u00ed a n\u011bkdy klesaj\u00ed k zemi nebo do mo\u0159e na velk\u00e9 vzd\u00e1lenosti. . V Evrop\u011b se ro\u010dn\u011b vyrob\u00ed kolem 1,141 milionu tun kompozitn\u00edho materi\u00e1lu. Nejv\u011bt\u0161\u00ed pod\u00edl m\u00e1 N\u011bmecko s 225 000 tunami.<\/span><\/p>\n<h3 id=\"h-schwerste-schaden-bei-kindern-moglich\" class=\"wp-block-heading\"><span style=\"font-size: 18pt;\">U d\u011bt\u00ed mo\u017en\u00e9 v\u00e1\u017en\u00e9 po\u0161kozen\u00ed<\/span><\/h3>\n<p><span>Mikro- a nano\u010d\u00e1stice obsa\u017een\u00e9 v abrazi obsahuj\u00ed mimo jin\u00e9\u00a0<\/span><strong><span>vysoce karcinogenn\u00ed l\u00e1tku bisfenol A. I toto mal\u00e9 mno\u017estv\u00ed m\u016f\u017ee v\u00e1\u017en\u011b po\u0161kodit j\u00e1tra, metabolismus, imunitn\u00ed syst\u00e9m a t\u00edm i v\u00fdvoj d\u011bt\u00ed.<\/span><\/strong><span>\u00a0Vzd\u00e1lenost mezi v\u011btrn\u00fdmi p\u0159\u00ed\u0161erami a vesnicemi je p\u0159\u00edli\u0161 mal\u00e1! Stanoven\u00ed limit\u016f minim\u00e1ln\u00ed vzd\u00e1lenosti k obytn\u00fdm oblastem 1200 metr\u016f nebylo nikdy vylep\u0161eno. Plat\u00ed pouze pro v\u011btrn\u00e9 turb\u00edny s v\u00fd\u0161kou n\u00e1boje 60 metr\u016f. Nov\u00e9 modely maj\u00ed v\u00fd\u0161ku 285 metr\u016f v\u010detn\u011b listu rotoru. Nepoda\u0159ilo se jim opravit limity vzd\u00e1lenosti podle v\u00fd\u0161ky. Z\u00e1va\u017en\u00e1 chyba politik\u016f, kte\u0159\u00ed nad\u00e1le tvrd\u00ed, \u017ee v\u011btrn\u00e1 energie je technologie \u0161etrn\u00e1 k \u017eivotn\u00edmu prost\u0159ed\u00ed. Nejen v Doln\u00edm Rakousku jsou lid\u00e9 vystaveni zdravotn\u00edmu riziku, kter\u00e9 je nevy\u010d\u00edsliteln\u00e9 a je z\u00e1m\u011brn\u011b ignorov\u00e1no a utajov\u00e1no.<\/span><\/p>\n<h3 id=\"h-schlafstorungen-und-unruhe\" class=\"wp-block-heading\"><span style=\"font-size: 18pt;\">Poruchy sp\u00e1nku a neklid<\/span><\/h3>\n<p><span>V b\u0159eznu 2012 byla v British Medical Tribune zve\u0159ejn\u011bna studie, \u017ee ka\u017ed\u00fd p\u00e1t\u00fd \u010dlov\u011bk trp\u00ed poruchami sp\u00e1nku v bl\u00edzkosti v\u011btrn\u00fdch turb\u00edn. Zvl\u00e1\u0161tn\u00ed sousedstv\u00ed m\u016f\u017ee tak\u00e9 v\u00e9st ke \u0161patn\u00e9 koncentraci a probl\u00e9m\u016fm s u\u010den\u00edm. I kdy\u017e hluk rotor\u016f nen\u00ed v dom\u011b t\u00e9m\u011b\u0159 sly\u0161et, turbulence vzduchu mezi sousedn\u00edmi rotory zp\u016fsobuje tup\u00e9 sk\u0159\u00edp\u00e1n\u00ed a bouch\u00e1n\u00ed. Ty do\u0161ly zvl\u00e1\u0161t\u011b daleko, ale nebyly zohledn\u011bny v p\u0159edchoz\u00edch m\u011b\u0159en\u00edch (viz \u201eDie Zeit\u201c z 15. b\u0159ezna 2012).<\/span><\/p>\n<h3 id=\"h-getaktete-druckimpulse\" class=\"wp-block-heading\"><span style=\"font-size: 18pt;\">Taktovan\u00e9 tlakov\u00e9 pulsy<\/span><\/h3>\n<p><span>Vzhledem k tomu, \u017ee rotor z\u00edsk\u00e1v\u00e1 energii z taktovan\u00e9ho brzd\u011bn\u00ed v\u011btrn\u00e9ho proudu, vznikaj\u00ed\u00a0<\/span><strong><span>velmi siln\u00e9 pulsy tlaku vzduchu , zejm\u00e9na p\u0159i siln\u00e9m v\u011btru.\u00a0<\/span><\/strong><strong><span>Trag\u00e9di\u00ed je, \u017ee lid\u00e9 mohou takov\u00e9 zm\u011bny tlaku vn\u00edmat velk\u00fdm po\u010dtem receptor\u016f citliv\u00fdch na tlak; Tyto receptory, kter\u00e9 jsou citliv\u00e9 na st\u0159\u00eddav\u00fd tlak, \u0159\u00edd\u00ed na\u0161e t\u011blesn\u00e9 funkce od krevn\u00edho ob\u011bhu a\u017e po hmat.<\/span><\/strong><span>\u00a0V bl\u00edzkosti rotor\u016f jsou tyto pulzy tlaku vzduchu tak siln\u00e9, \u017ee pl\u00edce netop\u00fdr\u016f kolabuj\u00ed. Projektanti syst\u00e9m\u016f se t\u011bchto zm\u011bn tlaku vzduchu ka\u017edou sekundu velmi ob\u00e1vaj\u00ed, proto\u017ee mohou p\u0159ed\u010dasn\u011b po\u0161kodit lopatky n\u00e1sleduj\u00edc\u00ed v\u011btrn\u00e9 turb\u00edny v d\u016fsledku generovan\u00fdch st\u0159\u00eddav\u00fdch pohyb\u016f. Proto pl\u00e1nova\u010di dodr\u017euj\u00ed mezi jednotliv\u00fdmi v\u011btrn\u00fdmi turb\u00ednami v syst\u00e9mech dne\u0161n\u00ed velikosti v r\u00e1mci v\u011btrn\u00e9 farmy bezpe\u010dnostn\u00ed vzd\u00e1lenost 900 metr\u016f.\u00a0<\/span><strong><span>Zavr\u017een\u00edhodn\u00e9 je, \u017ee existuje ochrann\u00e1 vzd\u00e1lenost pro stroje, ale politici se nedok\u00e1zali dohodnout na ochrann\u00e9 vzd\u00e1lenosti pro lidi; lid\u00e9 jsou vystaveni stroji bez jak\u00e9koli ochrany, aby uskute\u010dnili politicky deklarovan\u00fd c\u00edl expanze a vyd\u011blali spoustu pen\u011bz.<\/span><\/strong><\/p>\n<h3 id=\"h-schallwellen-infraschall\" class=\"wp-block-heading\"><span style=\"font-size: 18pt;\">Zvukov\u00e9 vlny, infrazvuk<\/span><\/h3>\n<p><strong><span>Klinika kardiotorak\u00e1ln\u00ed a c\u00e9vn\u00ed chirurgie na univerzit\u011b v Mainzu provedla studii o vlivu infrazvuku z v\u011btrn\u00fdch turb\u00edn. Zde jsou n\u011bkter\u00e9 \u00faryvky z n\u00ed:<\/span><\/strong><span> \u201eU lid\u00ed vibra\u010dn\u00ed senzory v k\u016f\u017ei reaguj\u00ed na hlubok\u00e9 zvukov\u00e9 vlny a spou\u0161t\u00ed podprahov\u00fd poplachov\u00fd sign\u00e1l. Pokud jsou lid\u00e9 vystaveni hlubok\u00fdm zvukov\u00fdm vln\u00e1m o vysok\u00fdch frekvenc\u00edch po dlouhou dobu, m\u016f\u017ee to m\u00edt v\u00e1\u017en\u00e9 n\u00e1sledky. \u201eInfrazvuk m\u00e1 jasn\u00fd, m\u011b\u0159iteln\u00fd fyzick\u00fd \u00fa\u010dinek na srdce \u2013 ani\u017e bychom ho mohli sly\u0161et,\u201c \u0159\u00edk\u00e1 profesor Christian-Friedrich Vahl, \u0159editel Kliniky srde\u010dn\u00ed, hrudn\u00ed a c\u00e9vn\u00ed chirurgie na Mainz University Medicine.<\/span><\/p>\n<h3 id=\"h-krank-durch-schall-den-man-nicht-hort\" class=\"wp-block-heading\"><span style=\"font-size: 18pt;\">Nemocn\u00fd ze zvuk\u016f, kter\u00e9 nesly\u0161\u00edte<\/span><\/h3>\n<p><span>Je dob\u0159e zn\u00e1mo, \u017ee v\u011btrn\u00e9 turb\u00edny generuj\u00ed infrazvuk. Obyvatel\u00e9 si \u010dasto st\u011b\u017euj\u00ed na hlubok\u00e9 hu\u010den\u00ed. To je zp\u016fsobeno t\u00edm, \u017ee lopatky v\u011btrn\u00e9 turb\u00edny p\u0159i ot\u00e1\u010den\u00ed p\u0159itla\u010duj\u00ed vzduch proti sto\u017e\u00e1ru, vysv\u011btluje Vahl. Bylo prok\u00e1z\u00e1no, \u017ee to produkuje hladinu akustick\u00e9ho tlaku a\u017e 100 decibel\u016f, a to i z jedin\u00e9 v\u011btrn\u00e9 turb\u00edny \u2013 co\u017e je hlasit\u011bj\u0161\u00ed ne\u017e hluk letadla, kter\u00fd je obvykle vn\u00edm\u00e1n jako v\u00e1\u017en\u00e1 porucha p\u0159i 60 a\u017e 70 decibelech. Na rozd\u00edl od hluku letadel lid\u00e9 infrazvuk nesly\u0161\u00ed. Je t\u0159eba poznamenat, \u017ee pr\u016fzkumy obvykle braly v \u00favahu pouze\u00a0<\/span><strong><span>jednu<\/span><\/strong><span>\u00a0v\u011btrnou turb\u00ednu s celkovou v\u00fd\u0161kou men\u0161\u00ed ne\u017e 250 m. Pokud se postav\u00ed n\u011bkolik v\u011btrn\u00fdch turb\u00edn o celkov\u00e9 v\u00fd\u0161ce t\u00e9m\u011b\u0159 300 m, lze p\u0159edpokl\u00e1dat, \u017ee se zde zm\u00edn\u011bn\u00e1 \u201erizika\u201c zn\u00e1sob\u00ed. Proto je ostra\u017eitost a vzd\u011bl\u00e1n\u00ed nejd\u016fle\u017eit\u011bj\u0161\u00ed, aby se zabr\u00e1nilo dal\u0161\u00edmu roz\u0161i\u0159ov\u00e1n\u00ed technologie, kter\u00e1 zp\u016fsobuje nesm\u00edrn\u00e9 \u0161kody lidem, zv\u00ed\u0159at\u016fm a rostlin\u00e1m.<\/span><\/p>\n<p><em>Koment\u00e1\u0159 Angeliky Starkl<\/em><\/p>\n<p><span style=\"font-size: 18pt;\"><strong>Zdroje:<\/strong><\/span><\/p>\n<ul class=\"wp-block-list\">\n<li><a href=\"https:\/\/www.forschung-und-lehre.de\/forschung\/fraunhofer-identifiziert-quellen-von-mikroplastik-983\"><span>https:\/\/www.forschung-und-lehre.de\/forschung\/fraunhofer-identified-quelle-von-microplastik-983<\/span><\/a><\/li>\n<li><a href=\"https:\/\/www.bundestag.de\/resource\/blob\/817020\/27cf214cfbeaac330d3b731cbbd8610b\/WD-8-077-20-pdf-data.pdf\"><span>https:\/\/www.bundestag.de\/resource\/blob\/817020\/27cf214cfbeaac330d3b731cbbd8610b\/WD-8-077-20-pdf-data.pdf<\/span><\/a><\/li>\n<li><a href=\"https:\/\/www.gegenwind-kraftgruppe.de\/windkraft-nein-danke\/naturzerst%C3%B6rung\"><span>https:\/\/www.gegenwind-kraftgruppe.de\/windkraft-nein-danke\/naturzerst%C3%B6rung<\/span><\/a><\/li>\n<li><a href=\"https:\/\/www.energie-und-management.de\/nachrichten\/technik\/detail\/rotoren-verlieren-mikroplastik-und-gewinnen-schuh-vergleich-221774\"><span>https:\/\/www.energie-und-management.de\/nachrichten\/technik\/detail\/rotoren-verlieren-mikroplastik-und-gewinnen-schuh-vergleich-221774<\/span><\/a><\/li>\n<li><a href=\"https:\/\/bremn.info\/windkraft\/\"><span>https:\/\/bremn.info\/windkraft\/<\/span><\/a><\/li>\n<\/ul>\n<p>&nbsp;<\/p>\n","protected":false},"excerpt":{"rendered":"<p>St\u00e1le v\u00edce a\u00a0v\u00edce ekologicky \u0161kodliv\u00fdch a zdrav\u00ed ohro\u017euj\u00edc\u00edch aspekt\u016f v\u011btrn\u00e9 energie vych\u00e1z\u00ed najevo. Ale vl\u00e1dn\u00ed&#8230;<\/p>\n","protected":false},"author":2,"featured_media":37840,"comment_status":"closed","ping_status":"closed","sticky":false,"template":"","format":"standard","meta":[],"categories":[7],"tags":[67,2625,21],"_links":{"self":[{"href":"https:\/\/www.infokuryr.cz\/n\/wp-json\/wp\/v2\/posts\/63025"}],"collection":[{"href":"https:\/\/www.infokuryr.cz\/n\/wp-json\/wp\/v2\/posts"}],"about":[{"href":"https:\/\/www.infokuryr.cz\/n\/wp-json\/wp\/v2\/types\/post"}],"author":[{"embeddable":true,"href":"https:\/\/www.infokuryr.cz\/n\/wp-json\/wp\/v2\/users\/2"}],"replies":[{"embeddable":true,"href":"https:\/\/www.infokuryr.cz\/n\/wp-json\/wp\/v2\/comments?post=63025"}],"version-history":[{"count":0,"href":"https:\/\/www.infokuryr.cz\/n\/wp-json\/wp\/v2\/posts\/63025\/revisions"}],"wp:featuredmedia":[{"embeddable":true,"href":"https:\/\/www.infokuryr.cz\/n\/wp-json\/wp\/v2\/media\/37840"}],"wp:attachment":[{"href":"https:\/\/www.infokuryr.cz\/n\/wp-json\/wp\/v2\/media?parent=63025"}],"wp:term":[{"taxonomy":"category","embeddable":true,"href":"https:\/\/www.infokuryr.cz\/n\/wp-json\/wp\/v2\/categories?post=63025"},{"taxonomy":"post_tag","embeddable":true,"href":"https:\/\/www.infokuryr.cz\/n\/wp-json\/wp\/v2\/tags?post=63025"}],"curies":[{"name":"wp","href":"https:\/\/api.w.org\/{rel}","templated":true}]}}