{"id":63022,"date":"2024-09-28T00:43:11","date_gmt":"2024-09-27T22:43:11","guid":{"rendered":"https:\/\/www.infokuryr.cz\/n\/?p=63022"},"modified":"2024-09-27T14:36:47","modified_gmt":"2024-09-27T12:36:47","slug":"nebezpeci-pozaru-pozary-elektrickych-aut-ve-velke-britanii-dramaticky-narustaji","status":"publish","type":"post","link":"https:\/\/www.infokuryr.cz\/n\/2024\/09\/28\/nebezpeci-pozaru-pozary-elektrickych-aut-ve-velke-britanii-dramaticky-narustaji\/","title":{"rendered":"Nebezpe\u010d\u00ed po\u017e\u00e1ru: Po\u017e\u00e1ry elektrick\u00fdch aut ve Velk\u00e9 Brit\u00e1nii dramaticky nar\u016fstaj\u00ed"},"content":{"rendered":"<div id=\"fb-root\"><\/div>\n<p><strong><span>Jen za posledn\u00ed rok se po\u017e\u00e1ry elektrick\u00fdch aut ve Spojen\u00e9m kr\u00e1lovstv\u00ed zv\u00fd\u0161ily t\u00e9m\u011b\u0159 o polovinu, co\u017e je znepokojiv\u00fd n\u00e1r\u016fst oproti p\u0159edchoz\u00edmu roku. Takov\u00e9 po\u017e\u00e1ry jsou kritick\u00e9, proto\u017ee uvol\u0148uj\u00ed toxick\u00e9 v\u00fdpary a je obt\u00ed\u017en\u00e9 je uhasit.<\/span><\/strong><\/p>\n<p><span>V lo\u0148sk\u00e9m roce vzrostl po\u010det po\u017e\u00e1r\u016f elektrick\u00fdch aut ve Spojen\u00e9m kr\u00e1lovstv\u00ed o \u0161okuj\u00edc\u00edch 46 procent. Tato znepokojiv\u00e1 statistika,\u00a0<\/span><a href=\"https:\/\/qbeeurope.com\/news-and-events\/press-releases\/uk-fire-services-face-46-increase-in-fires-linked-to-lithium-ion-batteries\/\"><span>odhalen\u00e1<\/span><\/a><span> na z\u00e1klad\u011b \u017e\u00e1dosti o informace od poji\u0161\u0165ovny QBE , odhaluje temnou str\u00e1nku \u00fadajn\u011b \u201ezelen\u00e9\u201c technologie. \u010c\u00edsla hovo\u0159\u00ed sama za sebe: ka\u017ed\u00fd den nyn\u00ed doch\u00e1z\u00ed ke t\u0159em po\u017e\u00e1r\u016fm bateri\u00ed ve srovn\u00e1n\u00ed se dv\u011bma v roce 2022. \u010cty\u0159n\u00e1sobn\u00fd n\u00e1r\u016fst po\u017e\u00e1r\u016f elektrick\u00fdch n\u00e1kladn\u00edch vozidel je obzvl\u00e1\u0161t\u011b znepokojiv\u00fd, i kdy\u017e tato data poch\u00e1zej\u00ed pouze ze sedmi hasi\u010dsk\u00fdch sbor\u016f.<\/span><\/p>\n<p><a href=\"https:\/\/www.ttclub.com\/news-and-resources\/news\/press-releases\/2023\/fire-not-the-only-danger-with-lithium-ion-batteries\/#:~:text=Although%20HF%20is%20lighter%20than,weeks)%20to%20develop%20following%20exposure.\"><span>Mnoho lid\u00ed nev\u00ed,<\/span><\/a><span>\u00a0\u017ee tyto po\u017e\u00e1ry nejsou oby\u010dejn\u00e9 po\u017e\u00e1ry. Exploduj\u00ed silou bomby, vrhaj\u00ed 2000 \u00b0C \u017ehav\u00e9 plameny do okol\u00ed a uvol\u0148uj\u00ed vysoce toxick\u00e9 v\u00fdpary. Pokusy uhasit ohe\u0148 sv\u00e9pomoc\u00ed jsou vesm\u011bs marn\u00e9 \u2013 jedinou mo\u017enost\u00ed je \u00fat\u011bk. A dokonce i hasi\u010dsk\u00e9 sbory \u010dasto bojuj\u00ed cel\u00e9 hodiny, aby dostaly takov\u00e9 po\u017e\u00e1ry vozidel pod kontrolu.<\/span><\/p>\n<p><span>Poji\u0161\u0165ovnictv\u00ed u\u017e bije na poplach. P\u0159edn\u00ed n\u00e1mo\u0159n\u00ed poji\u0161\u0165ovna GARD\u00a0<\/span><a href=\"https:\/\/gard.no\/articles\/lithium-ion-battery-fires-industry-guidance-conference-address-risks\/\"><span>varuje p\u0159ed \u201etepeln\u00fdm \u00fanikem\u201c<\/span><\/a><span>\u00a0lithium-iontov\u00fdch bateri\u00ed, kter\u00fd m\u016f\u017ee v\u00e9st k nekontrolovateln\u00fdm velk\u00fdm po\u017e\u00e1r\u016fm. V mnoha zem\u00edch ji\u017e byly elektromobily zak\u00e1z\u00e1ny v podzemn\u00edch parkovi\u0161t\u00edch pot\u00e9, co do\u0161lo k n\u011bkolika intenzivn\u00edm po\u017e\u00e1r\u016fm bateri\u00ed.<\/span><\/p>\n<p><span>Nebezpe\u010d\u00ed ale nep\u0159edstavuje jen po\u017e\u00e1r a v\u00fdbuchy Pojistitel n\u00e1kladn\u00ed dopravy TT Club upozor\u0148uje na \u010dasto p\u0159ehl\u00ed\u017eenou hrozbu emis\u00ed toxick\u00fdch plyn\u016f. Plyny jako fluorovod\u00edk mohou zab\u00edt b\u011bhem n\u011bkolika sekund.<\/span><\/p>\n<p><span>Zat\u00edmco \u0159ada politik\u016f v Evrop\u011b nad\u00e1le prosazuje agendu elektromobil\u016f, odpor mezi obyvatelstvem roste. Prodeje elektromobil\u016f na cel\u00e9m kontinentu prudce klesly. Ve\u0159ejnost si st\u00e1le v\u00edce uv\u011bdomuje, \u017ee elektromobily p\u0159edstavuj\u00ed ekologickou a bezpe\u010dnostn\u00ed hrozbu.<\/span><\/p>\n<p><span>Je to st\u00e1le jasn\u011bj\u0161\u00ed: nucen\u00fd p\u0159echod na elektromobilitu je dal\u0161\u00ed n\u00e1kladnou a nebezpe\u010dnou \u0161patnou cestou, kterou \u0159\u00edd\u00ed politici pron\u00e1sleduj\u00edc\u00ed fantazii Net Zero \u2013 na \u00fakor bezpe\u010dnosti, pracovn\u00edch m\u00edst a ekonomick\u00e9ho rozumu.<\/span><\/p>\n<p><img decoding=\"async\" loading=\"lazy\" class=\"alignnone size-full wp-image-1185\" src=\"http:\/\/www.infokuryr.cz\/n\/wp-content\/uploads\/2021\/04\/kuryr-podpis.png\" alt=\"\" width=\"84\" height=\"24\" \/><\/p>\n<p>&nbsp;<\/p>\n","protected":false},"excerpt":{"rendered":"<p>Jen za posledn\u00ed rok se po\u017e\u00e1ry elektrick\u00fdch aut ve Spojen\u00e9m kr\u00e1lovstv\u00ed zv\u00fd\u0161ily t\u00e9m\u011b\u0159 o polovinu,&#8230;<\/p>\n","protected":false},"author":2,"featured_media":63023,"comment_status":"closed","ping_status":"closed","sticky":false,"template":"","format":"standard","meta":[],"categories":[7],"tags":[61,7956,2323,3533],"_links":{"self":[{"href":"https:\/\/www.infokuryr.cz\/n\/wp-json\/wp\/v2\/posts\/63022"}],"collection":[{"href":"https:\/\/www.infokuryr.cz\/n\/wp-json\/wp\/v2\/posts"}],"about":[{"href":"https:\/\/www.infokuryr.cz\/n\/wp-json\/wp\/v2\/types\/post"}],"author":[{"embeddable":true,"href":"https:\/\/www.infokuryr.cz\/n\/wp-json\/wp\/v2\/users\/2"}],"replies":[{"embeddable":true,"href":"https:\/\/www.infokuryr.cz\/n\/wp-json\/wp\/v2\/comments?post=63022"}],"version-history":[{"count":1,"href":"https:\/\/www.infokuryr.cz\/n\/wp-json\/wp\/v2\/posts\/63022\/revisions"}],"predecessor-version":[{"id":63024,"href":"https:\/\/www.infokuryr.cz\/n\/wp-json\/wp\/v2\/posts\/63022\/revisions\/63024"}],"wp:featuredmedia":[{"embeddable":true,"href":"https:\/\/www.infokuryr.cz\/n\/wp-json\/wp\/v2\/media\/63023"}],"wp:attachment":[{"href":"https:\/\/www.infokuryr.cz\/n\/wp-json\/wp\/v2\/media?parent=63022"}],"wp:term":[{"taxonomy":"category","embeddable":true,"href":"https:\/\/www.infokuryr.cz\/n\/wp-json\/wp\/v2\/categories?post=63022"},{"taxonomy":"post_tag","embeddable":true,"href":"https:\/\/www.infokuryr.cz\/n\/wp-json\/wp\/v2\/tags?post=63022"}],"curies":[{"name":"wp","href":"https:\/\/api.w.org\/{rel}","templated":true}]}}