{"id":62992,"date":"2024-09-27T00:46:00","date_gmt":"2024-09-26T22:46:00","guid":{"rendered":"https:\/\/www.infokuryr.cz\/n\/?p=62992"},"modified":"2024-09-26T16:54:18","modified_gmt":"2024-09-26T14:54:18","slug":"miroslav-petr-rakusane-pujdes","status":"publish","type":"post","link":"https:\/\/www.infokuryr.cz\/n\/2024\/09\/27\/miroslav-petr-rakusane-pujdes\/","title":{"rendered":"Miroslav Petr: Raku\u0161ane p\u016fjde\u0161!"},"content":{"rendered":"<div id=\"fb-root\"><\/div>\n<p><em><strong>Ivana Turkov\u00e1-PRO ve sn\u011bmovn\u011b \u0159ekla:<\/strong><\/em><\/p>\n<p>&#8222;EP schv\u00e1lila definitivn\u00ed zm\u011bny tzv. imigra\u010dn\u00edho paktu a my jsme zjistili u\u017e po n\u011bkolik\u00e1t\u00e9, \u017ee n\u00e1m l\u017eibaron Raku\u0161an op\u011bt lhal, kdy\u017e st\u00e1le tvrdil, \u017ee zajistil v\u00fdjimku z tzv. povinn\u00e9 solidarity, proto\u017ee \u010cR p\u0159ijala dostatek uprchl\u00edk\u016f z Ukrajiny. Nen\u00ed to pravda, proto\u017ee se Ukrajinci nezapo\u010d\u00edt\u00e1vaj\u00ed. Mysl\u00ed-li si n\u011bkdo, \u017ee tento migra\u010dn\u00ed akt \u0159e\u0161\u00ed vyho\u0161\u0165ov\u00e1n\u00ed, civiliza\u010dn\u011b a kulturn\u011b nep\u0159izp\u016fsobiv\u00fdch lid\u00ed, tak je na velk\u00e9m omylu. Nejen, \u017ee nep\u0159edch\u00e1z\u00ed migraci, ale on ji podporuje a podn\u011bcuje migranty k tomu, aby p\u0159ich\u00e1zeli v hojn\u00e9m mno\u017estv\u00ed do Evropy. Pl\u00e1n globalist\u016f na likvidaci a islamizaci Evropy je z\u0159ejm\u00fd. Na tom nen\u00ed nic tajn\u00e9ho. J\u00e1 se Raku\u0161ana pt\u00e1m, za prv\u00e9, je pravdou, \u017ee n\u00e1m bude ur\u010dena tzv. t\u0159et\u00ed zem\u011b, ve kter\u00e9 budeme nuceni financovat p\u0159\u00edpravu t\u011bchto migrant\u016f na cestu do Evropy?<\/p>\n<p><img decoding=\"async\" loading=\"lazy\" class=\"size-medium wp-image-31991 alignleft\" src=\"http:\/\/www.infokuryr.cz\/n\/wp-content\/uploads\/2023\/07\/rakusan-1-300x228.jpg\" alt=\"\" width=\"300\" height=\"228\" srcset=\"https:\/\/www.infokuryr.cz\/n\/wp-content\/uploads\/2023\/07\/rakusan-1-300x228.jpg 300w, https:\/\/www.infokuryr.cz\/n\/wp-content\/uploads\/2023\/07\/rakusan-1.jpg 388w\" sizes=\"(max-width: 300px) 100vw, 300px\" \/><\/p>\n<p>Za druh\u00e9, je pravdou, \u017ee je stanovena hranice 60%, z n\u00ed\u017e se nebudeme moci vyv\u00e1zat ani vykoupit? To znamen\u00e1, \u017ee z 30 tis\u00edc migrant\u016f jich mus\u00edme povinn\u011b p\u0159ijmout 18 tis\u00edc? A za t\u0159et\u00ed, je pravda, \u017ee za jednoho nep\u0159ijat\u00e9ho migranta d\u00e1me p\u016fl milionu korun? Co\u017e je v\u00edc ne\u017e si zde hodn\u011b lid\u00ed vyd\u011bl\u00e1\u00a0 za cel\u00fd rok. Naopak za jednoho Ukrajince dostaneme sm\u011b\u0161n\u00fdch p\u011bt tis\u00edc? My v\u00edme, \u017ee v\u0161echno toto je pravda. A vy n\u00e1m po\u0159\u00e1d l\u017eete. Jste zr\u00e1dci nejen n\u00e1roda, ale i Evropy. A j\u00e1 jsem p\u0159esv\u011bd\u010dena o tom, \u017ee v\u00e1s stihne spravedliv\u00fd soud. Proto\u017ee m\u011b ani nep\u0159eslechnou ani neuml\u010d\u00ed. A ty Raku\u0161ane p\u016fjde\u0161!<\/p>\n<p>V\u00fdzkumn\u00edci ve \u0160v\u00e9dsku zjistili, \u017ee nov\u00e9 chytr\u00e9 elektrom\u011bry jsou stejn\u011b \u0161kodliv\u00e9 jako vys\u00edla\u010de 5G. Vyza\u0159uj\u00ed pulzn\u00ed mikrovlnn\u00e9 z\u00e1\u0159en\u00ed, kter\u00e9 tak\u00e9 po\u0161kozuj\u00ed zdrav\u00ed lid\u00ed brzo po mont\u00e1\u017ei, \u010dasto tak velmi z\u00e1va\u017en\u011b, \u017ee museli opustit sv\u00e9 obydl\u00ed.<\/p>\n<p>V N\u011bmecku byli pr\u016fvod\u010d\u00ed vyzv\u00e1ni, aby nekontrolovali j\u00edzdenky cizinc\u016f. H\u00e1dejte pro\u010d.<\/p>\n<p>Na Irsk\u00e9 vojensk\u00e9 z\u00e1kladny jsou tajn\u011b dod\u00e1v\u00e1ny velk\u00e9 kontejnery a jsou p\u0159\u00edsn\u011b hl\u00edd\u00e1ny. Kontejnery jsou spojov\u00e1ny s invaz\u00ed d\u017eih\u00e1dist\u016f do Irska. I do dal\u0161\u00edch evropsk\u00fdch zem\u00ed byli z\u00e1m\u011brn\u011b dovezeni zku\u0161en\u00ed voj\u00e1ci z isl\u00e1msk\u00fdch boj\u016fvek, kte\u0159\u00ed \u010dekaj\u00ed jen na povel. Kolik zbran\u00ed dod\u00e1van\u00fdch Z\u00e1padem se ztratilo za dva roky ukrajinsk\u00e9 v\u00e1lky? Kam asi sm\u011b\u0159ovaly? Dejte si dohromady d\u011bn\u00ed v Irsku a ostatn\u00edch zem\u00edch z\u00e1padn\u00ed Evropy. U kontejner\u016f chyb\u00ed jak\u00e9koli doklady, jsou zape\u010det\u011bn\u00e9 speci\u00e1ln\u00edmi z\u00e1mky, kter\u00e9 v p\u0159\u00edpad\u011b neopr\u00e1vn\u011bn\u00e9 manipulace spust\u00ed poplach a ka\u017ed\u00fd je vybaven kamerov\u00fdm syst\u00e9mem. Vy\u0161\u0161\u00ed pracovn\u00edci obrann\u00fdch sil byli varov\u00e1ni, aby zastavili ve\u0161ker\u00e1 vy\u0161et\u0159ov\u00e1n\u00ed\u00a0 pod hrozbou v\u00e1le\u010dn\u00e9ho soudu.<\/p>\n<p>Nefal\u0161ovan\u00fd pr\u016fzkum v USA zjistil, \u017ee Kamala m\u00e1 pouh\u00fdch deset procent hlas\u016f. Pr\u016fzkum\u016fm v\u011b\u0159\u00ed jen \u010dlov\u011bk bez mozku.<\/p>\n<p>V N\u011bmecku zalo\u017eil gay \u010di gender gayfarmu. Homosexu\u00e1ln\u00ed berani si u\u017e\u00edvaj\u00ed \u0161\u0165astn\u00fd a dlouh\u00fd \u017eivot. Farma vyr\u00e1b\u00ed vlnu pro queer modn\u00ed zna\u010dku a podporuj\u00ed tak LGBTQIA+.<\/p>\n<p>OSN b\u011bhem summitu budoucnosti m\u00e1 b\u00fdt podeps\u00e1n \u010dlensk\u00fdmi zem\u011bmi OSN Pakt budoucnosti. C\u00edlem OSN je nejen urychlit pln\u011bn\u00ed c\u00edl\u016f Agenda 2030, ale i vytvo\u0159it z OSN glob\u00e1ln\u00ed sv\u011btovl\u00e1du \/spolu s WHO\/. Koncem z\u00e1\u0159i v New Yorku budou sv\u011btov\u00ed l\u00edd\u0159i jednat o zaveden\u00ed glob\u00e1ln\u00ed digit\u00e1ln\u00ed ID, on line cenzu\u0159e, a poskytnou gener\u00e1ln\u00edmu tajemn\u00edkovi OSN bezprecedentn\u00ed nouzov\u00e9 pravomoci, tak jako \u0161\u00e9fovi WHO, st\u00e1lou pravomoc vyhl\u00e1sit nouzovou platformu v p\u0159\u00edpad\u011b budouc\u00edho komplexn\u00edho glob\u00e1ln\u00edho \u0161oku dostate\u010dn\u00e9ho rozsahu a z\u00e1va\u017enosti. P\u016fjde o vytvo\u0159en\u00ed &#8222;lep\u0161\u00ed sou\u010dasnosti a zaji\u0161t\u011bn\u00ed budoucnosti&#8220;. Podle F. Boyle se gener\u00e1ln\u00ed tajemn\u00edk sna\u017e\u00ed obej\u00edt chartu OSN a ud\u011blit si ve\u0161kerou pravomoc.\u00a0 Mimo\u0159\u00e1dn\u00e9 pravomoci a dal\u0161\u00ed n\u00e1vrhy v paktu mohou m\u00edt pro lidstvo hroziv\u00e9 d\u016fsledky. Mezi nejhor\u0161\u00ed pat\u0159\u00ed povinn\u00e9 o\u010dkov\u00e1n\u00ed a cenzura pro ka\u017ed\u00e9ho, kdo nesouhlas\u00ed.<\/p>\n<p>Du\u0161evn\u011b nemocn\u00e1 woke \u017ealuje N\u011bmecko za pou\u017eit\u00ed souslov\u00ed &#8222;bab\u00ed l\u00e9to&#8220;, proto\u017ee podle n\u00ed je to diskriminuj\u00edc\u00ed. Soud shodil \u017ealobu ze stolu. Tento term\u00edn podle n\u00ed ji diskriminuje jako star\u0161\u00ed \u017eenu.<\/p>\n<p>V\u00edte, \u017ee v USA se zvy\u0161uje po\u010det autistick\u00fdch d\u011bt\u00ed po o\u010dkov\u00e1n\u00ed?<\/p>\n<p><a href=\"https:\/\/www.czechfreepress.cz\/dalsi-blogy\/rakusane-pujdes.html\">Miroslav Petr<\/a><\/p>\n<p>&nbsp;<\/p>\n","protected":false},"excerpt":{"rendered":"<p>Ivana Turkov\u00e1-PRO ve sn\u011bmovn\u011b \u0159ekla: &#8222;EP schv\u00e1lila definitivn\u00ed zm\u011bny tzv. imigra\u010dn\u00edho paktu a my jsme&#8230;<\/p>\n","protected":false},"author":2,"featured_media":20824,"comment_status":"closed","ping_status":"closed","sticky":false,"template":"","format":"standard","meta":[],"categories":[6],"tags":[119,1503,7984,122,1032],"_links":{"self":[{"href":"https:\/\/www.infokuryr.cz\/n\/wp-json\/wp\/v2\/posts\/62992"}],"collection":[{"href":"https:\/\/www.infokuryr.cz\/n\/wp-json\/wp\/v2\/posts"}],"about":[{"href":"https:\/\/www.infokuryr.cz\/n\/wp-json\/wp\/v2\/types\/post"}],"author":[{"embeddable":true,"href":"https:\/\/www.infokuryr.cz\/n\/wp-json\/wp\/v2\/users\/2"}],"replies":[{"embeddable":true,"href":"https:\/\/www.infokuryr.cz\/n\/wp-json\/wp\/v2\/comments?post=62992"}],"version-history":[{"count":0,"href":"https:\/\/www.infokuryr.cz\/n\/wp-json\/wp\/v2\/posts\/62992\/revisions"}],"wp:featuredmedia":[{"embeddable":true,"href":"https:\/\/www.infokuryr.cz\/n\/wp-json\/wp\/v2\/media\/20824"}],"wp:attachment":[{"href":"https:\/\/www.infokuryr.cz\/n\/wp-json\/wp\/v2\/media?parent=62992"}],"wp:term":[{"taxonomy":"category","embeddable":true,"href":"https:\/\/www.infokuryr.cz\/n\/wp-json\/wp\/v2\/categories?post=62992"},{"taxonomy":"post_tag","embeddable":true,"href":"https:\/\/www.infokuryr.cz\/n\/wp-json\/wp\/v2\/tags?post=62992"}],"curies":[{"name":"wp","href":"https:\/\/api.w.org\/{rel}","templated":true}]}}