{"id":62990,"date":"2024-09-27T00:42:57","date_gmt":"2024-09-26T22:42:57","guid":{"rendered":"https:\/\/www.infokuryr.cz\/n\/?p=62990"},"modified":"2024-09-26T16:45:31","modified_gmt":"2024-09-26T14:45:31","slug":"podekovani-dsz-za-prava-zvirat-svym-volicum-za-podporu-ve-volbach-do-krajskych-zastupitelstev","status":"publish","type":"post","link":"https:\/\/www.infokuryr.cz\/n\/2024\/09\/27\/podekovani-dsz-za-prava-zvirat-svym-volicum-za-podporu-ve-volbach-do-krajskych-zastupitelstev\/","title":{"rendered":"Pod\u011bkov\u00e1n\u00ed DSZ &#8211; ZA PR\u00c1VA ZV\u00cd\u0158AT sv\u00fdm voli\u010d\u016fm za podporu ve volb\u00e1ch do krajsk\u00fdch zastupitelstev"},"content":{"rendered":"<div id=\"fb-root\"><\/div>\n<p>Demokratick\u00e1 strana zelen\u00fdch &#8211; ZA PR\u00c1VA ZV\u00cd\u0158AT d\u011bkuje v\u0161em voli\u010d\u016fm, kte\u0159\u00ed ji odevzdali sv\u016fj hlas v pr\u00e1v\u011b skon\u010den\u00fdch volb\u00e1ch do zastupitelstev kraj\u016f. DSZ &#8211; ZA PR\u00c1VA ZV\u00cd\u0158AT si t\u00e9to podpory velice v\u00e1\u017e\u00ed a je pro ni z\u00e1vazkem k dal\u0161\u00ed pr\u00e1ci pro ochranu zv\u00ed\u0159at, ale i p\u0159\u00edrody a \u017eivotn\u00edho prost\u0159ed\u00ed.<\/p>\n<p>DSZ &#8211; ZA PR\u00c1VA ZV\u00cd\u0158AT d\u011bkuje i sv\u00fdm kandid\u00e1t\u016fm a p\u0159\u00edznivc\u016fm za pr\u00e1ci odvedenou ve volebn\u00ed kampani.<\/p>\n<p>DSZ &#8211; ZA PR\u00c1VA ZV\u00cd\u0158AT konstatuje, \u017ee dostala od voli\u010d\u016f 10 646 hlas\u016f, tzn. 0,44 %, a skon\u010dila celkov\u011b v krajsk\u00fdch volb\u00e1ch na 31. m\u00edst\u011b z 95 kandiduj\u00edc\u00edch subjekt\u016f &#8211; stran, hnut\u00ed a koalic, kter\u00fdch bylo nejv\u00edce. Nejl\u00e9pe strana dopadla v Plze\u0148sk\u00e9m kraji s 0,89 %. P\u0159itom podle pr\u016fzkumu dvou agentur (Kantar CZ a Data Collect), kter\u00fd si v m\u011bs\u00edci srpnu zadala \u010cesk\u00e1 televize, dos\u00e1hla DSZ &#8211; ZA PR\u00c1VA ZV\u00cd\u0158AT 6 a\u017e 10 % volebn\u00edho potenci\u00e1lu. Pr\u016fzkum prob\u00edhal od 6. srpna do 27. srpna 2024 a ukazoval, kolik procent by strany, hnut\u00ed a koalice z\u00edskaly, kdyby obdr\u017eely hlasy voli\u010d\u016f, kte\u0159\u00ed jejich volbu zva\u017euj\u00ed. Ve v\u011bt\u0161in\u011b kraj\u016f odpov\u00eddalo 1000 respondent\u016f, resp. opr\u00e1vn\u011bn\u00fdch voli\u010d\u016f v dan\u00e9m kraji star\u0161\u00edch 18 let. Jednalo se o tedy reprezentativn\u00ed vzorek voli\u010d\u016f. K samotn\u00fdm volb\u00e1m pak p\u0159i\u0161la jen necel\u00e1 jedna t\u0159etina v\u0161ech voli\u010d\u016f, tedy pouze 3 voli\u010di z 10, tzn. \u017ee p\u011bt milion\u016f voli\u010d\u016f z\u016fstalo doma a k volebn\u00edm urn\u00e1m v\u016fbec nedorazilo. Bohu\u017eel t\u00e9mata ochrany zv\u00ed\u0159at, p\u0159\u00edrody a krajiny potencion\u00e1ln\u00ed voli\u010de nakonec nezaujala natolik, aby kv\u016fli nim p\u0159i\u0161li k volb\u00e1m a volili, jak p\u0159edem zva\u017eovali.<\/p>\n<p>K volebn\u00edm urn\u00e1m do\u0161la pouh\u00e1 necel\u00e1 t\u0159etina voli\u010d\u016f, tzn. sedm voli\u010d\u016f z deseti\u00a0 se voleb v\u016fbec nez\u00fa\u010dastnilo.<\/p>\n<p>DSZ &#8211; ZA PR\u00c1VA ZV\u00cd\u0158AT bude v boji za pr\u00e1va a ochranu zv\u00ed\u0159at, resp. v boji za jejich lep\u0161\u00ed \u017eivot pokra\u010dovat d\u00e1l a usilovat o prosazen\u00ed priorit sv\u00e9ho programu: nap\u0159. z\u00e1kaz pokus\u016f a testov\u00e1n\u00ed na zv\u00ed\u0159atech, p\u0159\u00edsn\u011bj\u0161\u00ed tresty za t\u00fdr\u00e1n\u00ed zv\u00ed\u0159at \u2013 nepodm\u00edn\u011bn\u00e9 odn\u011bt\u00ed svobody; z\u00e1kaz dlouh\u00fdch transport\u016f zv\u00ed\u0159at \u2013 nap\u0159. v\u00fdvozu \u017eiv\u00fdch hospod\u00e1\u0159sk\u00fdch zv\u00ed\u0159at z \u010cR do Turecka i dal\u0161\u00edch zem\u00ed; zaveden\u00ed kamer na jatk\u00e1ch; z\u00e1kaz mno\u017e\u00edren, tzv. tov\u00e1ren na \u0161t\u011b\u0148ata \u010di ko\u0165ata; z\u00e1kaz tzv. norov\u00e1n\u00ed, v\u010detn\u011b zkou\u0161ek loveck\u00fdch ps\u016f z norov\u00e1n\u00ed; z\u00e1kaz pou\u017e\u00edv\u00e1n\u00ed z\u00e1bavn\u00ed pyrotechniky z d\u016fvodu ochrany lid\u00ed, zv\u00ed\u0159at, majetku a \u017eivotn\u00edho prost\u0159ed\u00ed; zru\u0161en\u00ed v\u00fdjimky zab\u00edjen\u00ed zv\u00ed\u0159at bez omr\u00e1\u010den\u00ed &#8211; zejm\u00e9na p\u0159i ritu\u00e1ln\u00edch por\u00e1\u017ek\u00e1ch, z\u00e1kaz zv\u00ed\u0159ec\u00edch ritu\u00e1ln\u00edch ob\u011bt\u00ed; zaveden\u00ed zv\u00ed\u0159ec\u00ed policie; zlep\u0161en\u00ed podm\u00ednek chovu zv\u00ed\u0159at, nap\u0159. z\u00e1kaz klecov\u00fdch chov\u016f; z\u00e1kaz dovozu prav\u00fdch ko\u017ee\u0161in do \u010cR &#8211; z chovu tzv. ko\u017ee\u0161inov\u00fdch zv\u00ed\u0159at z jin\u00fdch zem\u00ed &#8211; nepodporovat chov zv\u00ed\u0159at na ko\u017ee\u0161iny; maxim\u00e1ln\u00ed podporu, zejm\u00e9na finan\u010dn\u00ed \u2013 na pokryt\u00ed v\u0161ech n\u00e1klad\u016f, st\u00e1tu (kraj\u016f i m\u011bst) \u00fatulk\u016fm, azyl\u016fm a spolk\u016fm zab\u00fdvaj\u00edc\u00edm se pomoc\u00ed opu\u0161t\u011bn\u00fdm, toulav\u00fdm, t\u00fdran\u00fdm, poran\u011bn\u00fdm \u010di hendikepovan\u00fdm zv\u00ed\u0159at\u016fm ad.<\/p>\n<p>DSZ &#8211; ZA PR\u00c1VA ZV\u00cd\u0158AT kandidovala v prob\u011bhnuv\u0161\u00edch volb\u00e1ch do zastupitelstev kraj\u016f s volebn\u00edm \u010d\u00edslem 15, kter\u00e9 j\u00ed vylosovala St\u00e1tn\u00ed volebn\u00ed komise. Celkem v nadch\u00e1zej\u00edc\u00edch krajsk\u00fdch volb\u00e1ch kandidovalo 95 stran, hnut\u00ed a koalic.<\/p>\n<p>DSZ &#8211; ZA PR\u00c1VA ZV\u00cd\u0158AT pat\u0159ila spolu s hnut\u00edm ANO 2011 k jedin\u00fdm dv\u011bma volebn\u00edm subjekt\u016fm z devades\u00e1tip\u011bti, kter\u00e9 kandidovaly ve v\u0161ech kraj\u00edch \/St\u0159edo\u010desk\u00fd, Jiho\u010desk\u00fd, Plze\u0148sk\u00fd, Karlovarsk\u00fd, \u00dasteck\u00fd, Libereck\u00fd, Kr\u00e1lov\u00e9hradeck\u00fd, Pardubick\u00fd, Vyso\u010dina, Jihomoravsk\u00fd, Olomouck\u00fd, Zl\u00ednsk\u00fd, Moravskoslezsk\u00fd\/.<\/p>\n<p>DSZ &#8211; ZA PR\u00c1VA ZV\u00cd\u0158AT slo\u017eila kandid\u00e1tku ze sv\u00fdch \u010dlen\u016f a dal\u0161\u00edch osobnost\u00ed z \u0159ad ochr\u00e1nc\u016f zv\u00ed\u0159at, kte\u0159\u00ed se dlouhodob\u011b a aktivn\u011b v\u011bnuj\u00ed z\u00e1chran\u011b a ochran\u011b zv\u00ed\u0159at, pop\u0159. i p\u0159\u00edrody a \u017eivotn\u00edho prost\u0159ed\u00ed.<\/p>\n<p>DSZ &#8211; ZA PR\u00c1VA ZV\u00cd\u0158AT m\u011bla na sv\u00fdch kandid\u00e1tn\u00edch listin\u00e1ch v\u00edce jak t\u0159i \u010dtvrtiny \u017een, tj. 76 %, a 24 % mu\u017e\u016f.<br \/>\nDSZ &#8211; ZA PR\u00c1VA ZV\u00cd\u0158AT je politickou stranou, kter\u00e1 zapojuje do politiky nejv\u00edce \u017een a to bez um\u011ble vytvo\u0159en\u00fdch tzv. kv\u00f3t. T\u011bchto kv\u00f3t n\u011bkter\u00e9 strany vyu\u017e\u00edvaj\u00ed, aby opticky vylep\u0161ily sv\u00e9 kandid\u00e1tky o \u017eeny, ani\u017e by se tyto kandid\u00e1tky aktivn\u011b zab\u00fdvaly politikou takov\u00e9 strany. K DSZ &#8211; ZA PR\u00c1VA ZV\u00cd\u0158AT se \u017eeny hl\u00e1s\u00ed i bez t\u011bchto kv\u00f3t, nebo\u0165 DSZ &#8211; ZA PR\u00c1VA ZV\u00cd\u0158AT vn\u00edmaj\u00ed jako modern\u00ed stranu, kter\u00e1 nab\u00edz\u00ed mo\u017enost ovlivnit d\u011bn\u00ed v tomto st\u00e1t\u011b, resp. v t\u011bchto volb\u00e1ch i EU a jako stranu, j\u00ed\u017e nen\u00ed lhostejn\u00e9, jak se \u017eije nejen lidem, ale i zv\u00ed\u0159at\u016fm.<\/p>\n<p>DSZ &#8211; ZA PR\u00c1VA ZV\u00cd\u0158AT kandidovala ve volb\u00e1ch do krajsk\u00fdch zastupitelstev se z\u00e1m\u011brem bojovat za ochranu zv\u00ed\u0159at, lid\u00ed, p\u0159\u00edrody, \u017eivotn\u00edho prost\u0159ed\u00ed, ovzdu\u0161\u00ed a podneb\u00ed, resp. klimatu, krajiny a kulturn\u00edho d\u011bdictv\u00ed.<\/p>\n<p>DSZ &#8211; ZA PR\u00c1VA ZV\u00cd\u0158AT si klade za c\u00edl prosadit d\u016fsledn\u011bj\u0161\u00ed ochranu zv\u00ed\u0159at, lid\u00ed, p\u0159\u00edrody, vody, ovzdu\u0161\u00ed, podneb\u00ed, \u017eivotn\u00edho prost\u0159ed\u00ed, ale t\u00e9\u017e v\u011bt\u0161\u00ed pr\u00e1va pro zv\u00ed\u0159ata, resp. jejich v\u011bt\u0161\u00ed pr\u00e1vn\u00ed ochranu.<\/p>\n<p>DSZ &#8211; ZA PR\u00c1VA ZV\u00cd\u0158AT vystupuje proti v\u0161em druh\u016fm t\u00fdr\u00e1n\u00ed zv\u00ed\u0159at \u010di krut\u00e9mu zach\u00e1zen\u00ed s nimi. Odsuzuje ka\u017edou \u010dinnost, kter\u00e1 zp\u016fsobuje utrpen\u00ed zv\u00ed\u0159at.<\/p>\n<p>DSZ &#8211; ZA PR\u00c1VA ZV\u00cd\u0158AT se zasazuje o d\u016fsledn\u011bj\u0161\u00ed ochranu zv\u00ed\u0159at, p\u0159\u00edsn\u011bj\u0161\u00ed tresty za t\u00fdr\u00e1n\u00ed a zlep\u0161en\u00ed podm\u00ednek chovu.<\/p>\n<p>DSZ &#8211; ZA PR\u00c1VA ZV\u00cd\u0158AT je dvac\u00e1tou registrovanou politickou stranou za pr\u00e1va zv\u00ed\u0159at ve sv\u011bt\u011b, resp. \u010cesk\u00e1 republika je dvac\u00e1tou zem\u00ed, ve kter\u00e9 existuje strana zam\u011b\u0159en\u00e1 prim\u00e1rn\u011b na obranu pr\u00e1v zv\u00ed\u0159at.<\/p>\n<p>NEP\u0158IHL\u00cd\u017dEJME UTRPEN\u00cd, ZV\u00cd\u0158E NEN\u00cd V\u011aC!<br \/>\nMLUV\u00cdME ZA TY, KTE\u0158\u00cd SAMI NEMOHOU.<br \/>\nBR\u00c1N\u00cdME TY, KTE\u0158\u00cd SE BR\u00c1NIT SAMI NEDOK\u00c1\u017d\u00cd<br \/>\nCHR\u00c1N\u00cdME ZV\u00cd\u0158ATA A JEJICH PR\u00c1VA.<\/p>\n<p>\u0158V DSZ &#8211; ZA PR\u00c1VA ZV\u00cd\u0158AT<\/p>\n<p>V Doma\u017elic\u00edch 25. 9. 2024<\/p>\n<p><img decoding=\"async\" loading=\"lazy\" class=\"alignnone size-medium wp-image-14353\" src=\"http:\/\/www.infokuryr.cz\/n\/wp-content\/uploads\/2022\/08\/demokraticka-strana-zelenych-300x172.jpg\" alt=\"\" width=\"300\" height=\"172\" srcset=\"https:\/\/www.infokuryr.cz\/n\/wp-content\/uploads\/2022\/08\/demokraticka-strana-zelenych-300x172.jpg 300w, https:\/\/www.infokuryr.cz\/n\/wp-content\/uploads\/2022\/08\/demokraticka-strana-zelenych-768x441.jpg 768w, https:\/\/www.infokuryr.cz\/n\/wp-content\/uploads\/2022\/08\/demokraticka-strana-zelenych.jpg 838w\" sizes=\"(max-width: 300px) 100vw, 300px\" \/><\/p>\n<p>&nbsp;<\/p>\n","protected":false},"excerpt":{"rendered":"<p>Demokratick\u00e1 strana zelen\u00fdch &#8211; ZA PR\u00c1VA ZV\u00cd\u0158AT d\u011bkuje v\u0161em voli\u010d\u016fm, kte\u0159\u00ed ji odevzdali sv\u016fj hlas&#8230;<\/p>\n","protected":false},"author":2,"featured_media":51436,"comment_status":"closed","ping_status":"closed","sticky":false,"template":"","format":"standard","meta":[],"categories":[6],"tags":[645,4159,27],"_links":{"self":[{"href":"https:\/\/www.infokuryr.cz\/n\/wp-json\/wp\/v2\/posts\/62990"}],"collection":[{"href":"https:\/\/www.infokuryr.cz\/n\/wp-json\/wp\/v2\/posts"}],"about":[{"href":"https:\/\/www.infokuryr.cz\/n\/wp-json\/wp\/v2\/types\/post"}],"author":[{"embeddable":true,"href":"https:\/\/www.infokuryr.cz\/n\/wp-json\/wp\/v2\/users\/2"}],"replies":[{"embeddable":true,"href":"https:\/\/www.infokuryr.cz\/n\/wp-json\/wp\/v2\/comments?post=62990"}],"version-history":[{"count":0,"href":"https:\/\/www.infokuryr.cz\/n\/wp-json\/wp\/v2\/posts\/62990\/revisions"}],"wp:featuredmedia":[{"embeddable":true,"href":"https:\/\/www.infokuryr.cz\/n\/wp-json\/wp\/v2\/media\/51436"}],"wp:attachment":[{"href":"https:\/\/www.infokuryr.cz\/n\/wp-json\/wp\/v2\/media?parent=62990"}],"wp:term":[{"taxonomy":"category","embeddable":true,"href":"https:\/\/www.infokuryr.cz\/n\/wp-json\/wp\/v2\/categories?post=62990"},{"taxonomy":"post_tag","embeddable":true,"href":"https:\/\/www.infokuryr.cz\/n\/wp-json\/wp\/v2\/tags?post=62990"}],"curies":[{"name":"wp","href":"https:\/\/api.w.org\/{rel}","templated":true}]}}