{"id":62989,"date":"2024-09-27T00:39:59","date_gmt":"2024-09-26T22:39:59","guid":{"rendered":"https:\/\/www.infokuryr.cz\/n\/?p=62989"},"modified":"2024-09-26T16:38:23","modified_gmt":"2024-09-26T14:38:23","slug":"jiri-paroubek-koryta-koryta-hejbejte-se","status":"publish","type":"post","link":"https:\/\/www.infokuryr.cz\/n\/2024\/09\/27\/jiri-paroubek-koryta-koryta-hejbejte-se\/","title":{"rendered":"Ji\u0159\u00ed Paroubek: Koryta, koryta, hejbejte se"},"content":{"rendered":"<div id=\"fb-root\"><\/div>\n<p><strong>Vl\u00e1da pro\u017e\u00edv\u00e1 prvn\u00ed vleklej\u0161\u00ed person\u00e1ln\u00ed krizi za t\u0159i roky sv\u00e9 existence. Na jednu stranu to nen\u00ed p\u0159ekvapiv\u00e9, proto\u017ee m\u00e1 de facto dosud k dispozici 108 hlas\u016f v Poslaneck\u00e9 sn\u011bmovn\u011b a tedy bezpe\u010dnou v\u011bt\u0161inu. P\u0159ekvapiv\u00e9 je to potud, nebo\u0165 vl\u00e1da byla slo\u017eena z p\u011bti politick\u00fdch stran, kter\u00e9 ve volb\u00e1ch spojil pravicov\u011b liber\u00e1ln\u00ed politick\u00fd n\u00e1zor a odpor k Andreji Babi\u0161ovi a jeho stran\u011b. A tak\u00e9 k jeho potenci\u00e1ln\u00edm spojenc\u016fm.<\/strong><\/p>\n<p>V\u00a0posledn\u00edch t\u00fddnech se ov\u0161em schylovalo ke zjevn\u00e9 krizi na Ministerstvu pro m\u00edstn\u00ed rozvoj, na kter\u00e9m Pir\u00e1ti &#8211; sami sebe deklaruj\u00edc\u00ed coby odborn\u00edky na digitalizaci &#8211; nezvl\u00e1dli projekt digitalizace stavebn\u00edho \u0159\u00edzen\u00ed. Je z\u0159ejm\u00e9, \u017ee v d\u016fsledku toho dojde k\u00a0velk\u00fdm n\u00e1rodohospod\u00e1\u0159sk\u00fdm \u0161kod\u00e1m. Je\u0161t\u011b ta nejmen\u0161\u00ed \u0161koda ve v\u00fd\u0161i 200-300 milion\u016f K\u010d (to mus\u00ed MMR je\u0161t\u011b up\u0159esnit), vznikla zpracov\u00e1n\u00edm zcela nefunk\u010dn\u00edho projektu digitalizace stavebn\u00edho \u0159\u00edzen\u00ed.<\/p>\n<p>Pir\u00e1ti metodou, kterou je obecn\u011b charakteristick\u00e1 jejich strana, tedy kutilstv\u00edm, p\u0159istoupili k \u0159e\u0161en\u00ed tohoto n\u00e1ro\u010dn\u00e9ho projektu. A na jistou dobu zdiskreditovali spr\u00e1vnou my\u0161lenku digitalizace. Ukazuje se, \u017ee Barto\u0161 a spol. nejen, \u017ee nerozum\u00ed modern\u00edm IT technologi\u00edm, ale vzhledem k tomu, \u017ee nemaj\u00ed \u017e\u00e1dn\u00e9 mana\u017eersk\u00e9 zku\u0161enosti, jsou pro veden\u00ed ministerstev zcela nevhodn\u00ed.<\/p>\n<p>Je tak\u00e9 pot\u0159eba p\u0159edeslat, \u017ee premi\u00e9r Fiala v\u00a0situaci, kdy vl\u00e1da je slo\u017eena z\u00a0p\u011bti do zna\u010dn\u00e9 m\u00edry r\u016fznorod\u00fdch stran, provedl jeden pom\u011brn\u011b podstatn\u00fd i \u00fasp\u011b\u0161n\u00fd man\u00e9vr. P\u011bt stran m\u00e1 ministerstva, v\u00a0jejich\u017e \u010dele maj\u00ed tyto strany sv\u00e9 exponenty, coby pa\u0161al\u00edky, do kter\u00fdch jin\u00e1 vl\u00e1dn\u00ed strana v\u016fbec nezasahuje. A u\u017e v\u016fbec do nich nezasahuje premi\u00e9r. Ten je jen jak\u00fdmsi moder\u00e1torem vl\u00e1dy, jej\u00edm speakerem.<\/p>\n<p>A tak se mohlo zd\u00e1t, \u017ee pir\u00e1tsk\u00fd Barto\u0161 premi\u00e9rovi v\u011b\u0161el bul\u00edky na nos s\u00a0t\u00edm, \u017ee digitalizace stavebn\u00edho \u0159\u00edzen\u00ed prob\u00edh\u00e1 v\u00edce m\u00e9n\u011b \u00fasp\u011b\u0161n\u011b. A pokud jsou v\u00a0n\u00ed drobn\u00e9 nedostatky, tak je mo\u017en\u00e9 je odstranit. Respektive, sv\u00e1d\u011bl nefunk\u010dnost projektu digitalizace na rigidnost a neschopnost pracovn\u00edk\u016f stavebn\u00edch \u00fa\u0159ad\u016f, kte\u0159\u00ed nejsou ochotni p\u0159ijmout cokoliv nov\u00e9ho.<\/p>\n<p>To je mo\u017en\u00e1 v obecn\u00e9 rovin\u011b pravda, ale v\u00a0tomto p\u0159\u00edpad\u011b vypad\u00e1 pravda jinak. A tak premi\u00e9r, aby nebyl vta\u017een do ba\u017einy pir\u00e1tsk\u00e9 neschopnosti, se sna\u017e\u00ed vyb\u0159ednout z\u00a0jej\u00edho sam\u00e9ho okraje. A tak nech\u00e1 utopit sv\u00e9ho pir\u00e1tsk\u00e9ho m\u00edstop\u0159edsedu vl\u00e1dy. Je to konec politika klohn\u00edc\u00edho n\u011bkolik z\u00e1va\u017en\u00fdch projekt\u016f (digitalizace, bytov\u00e1 politika atd.) ji\u017e \u0159e\u010denou metodou politick\u00e9ho kutilstv\u00ed a tedy ne\u00fasp\u011b\u0161n\u011b.<\/p>\n<p>Jak se zd\u00e1, ministr Lipavsk\u00fd, kter\u00fd svoj\u00ed proamerickou konformitou vyhovuje cel\u00e9 vl\u00e1dn\u00ed koalici, jako reprezentant servilnosti v\u016f\u010di mocn\u00e9mu protektorovi z\u00a0Washingtonu i z Bruselu, zm\u011bn\u00ed brzo sv\u00e9 politick\u00e9 barvy. A tak m\u00edsto pir\u00e1ta Lipavsk\u00e9ho budeme m\u00edt nap\u0159. TOP\u00e1ka Lipavsk\u00e9ho a ministerstvo zahrani\u010d\u00ed pojede d\u00e1l mo\u010d\u00e1lem kaln\u00e9 modr\u00e9 nebe nad hlavou.<\/p>\n<p>Bude pou\u010dovat jin\u00e9 st\u00e1ty, ba i n\u011bkter\u00e9 velmoci, jak to maj\u00ed d\u011blat, aby se zal\u00edbili progresivistick\u00fdm politik\u016fm, a to bez ohledu na z\u00e1jmy jejich vlastn\u00edch obyvatel. Bude tak\u00e9 pokra\u010dovat bezuzdn\u00e1 podpora neefektivn\u00edho boje Ukrajiny proti Rusku a zejm\u00e9na bude pokra\u010dovat politika naprost\u00e9 servilnosti a oddanosti na\u0161im imperi\u00e1ln\u00edm p\u00e1n\u016fm.<\/p>\n<p>Ministerstvo pr\u016fmyslu, kter\u00e9 opust\u00ed ministr S\u00edkela, aby se vrhnul do politick\u00e9ho povianu, coby \u010dlen nov\u00e9 evropsk\u00e9 komise, m\u00e1 obsadit zcela nekvalifikovan\u00fd exponent STANU, m\u00edstop\u0159edseda t\u00e9to strany Vl\u010dek. Vl\u00e1da prost\u011b pokra\u010duje d\u00e1l ve sv\u00e9 hluboce chybn\u00e9 person\u00e1ln\u00ed politice, kter\u00e1 j\u00ed, jak pevn\u011b douf\u00e1m, p\u0159inese do roka a do dne zdrcuj\u00edc\u00ed por\u00e1\u017eku ve volb\u00e1ch do Poslaneck\u00e9 sn\u011bmovny.<\/p>\n<p><a href=\"https:\/\/vasevec.info\/domaci-politika\/koryta-koryta-hejbejte-se\">Ji\u0159\u00ed Paroubek<\/a><\/p>\n<p><img decoding=\"async\" loading=\"lazy\" class=\"alignnone size-medium wp-image-2342\" src=\"http:\/\/www.infokuryr.cz\/n\/wp-content\/uploads\/2021\/06\/paroubek-300x208.jpg\" alt=\"\" width=\"300\" height=\"208\" srcset=\"https:\/\/www.infokuryr.cz\/n\/wp-content\/uploads\/2021\/06\/paroubek-300x208.jpg 300w, https:\/\/www.infokuryr.cz\/n\/wp-content\/uploads\/2021\/06\/paroubek.jpg 318w\" sizes=\"(max-width: 300px) 100vw, 300px\" \/><\/p>\n<p>&nbsp;<\/p>\n","protected":false},"excerpt":{"rendered":"<p>Vl\u00e1da pro\u017e\u00edv\u00e1 prvn\u00ed vleklej\u0161\u00ed person\u00e1ln\u00ed krizi za t\u0159i roky sv\u00e9 existence. Na jednu stranu to&#8230;<\/p>\n","protected":false},"author":2,"featured_media":8164,"comment_status":"closed","ping_status":"closed","sticky":false,"template":"","format":"standard","meta":[],"categories":[6],"tags":[7458,1486,137,7983,99],"_links":{"self":[{"href":"https:\/\/www.infokuryr.cz\/n\/wp-json\/wp\/v2\/posts\/62989"}],"collection":[{"href":"https:\/\/www.infokuryr.cz\/n\/wp-json\/wp\/v2\/posts"}],"about":[{"href":"https:\/\/www.infokuryr.cz\/n\/wp-json\/wp\/v2\/types\/post"}],"author":[{"embeddable":true,"href":"https:\/\/www.infokuryr.cz\/n\/wp-json\/wp\/v2\/users\/2"}],"replies":[{"embeddable":true,"href":"https:\/\/www.infokuryr.cz\/n\/wp-json\/wp\/v2\/comments?post=62989"}],"version-history":[{"count":0,"href":"https:\/\/www.infokuryr.cz\/n\/wp-json\/wp\/v2\/posts\/62989\/revisions"}],"wp:featuredmedia":[{"embeddable":true,"href":"https:\/\/www.infokuryr.cz\/n\/wp-json\/wp\/v2\/media\/8164"}],"wp:attachment":[{"href":"https:\/\/www.infokuryr.cz\/n\/wp-json\/wp\/v2\/media?parent=62989"}],"wp:term":[{"taxonomy":"category","embeddable":true,"href":"https:\/\/www.infokuryr.cz\/n\/wp-json\/wp\/v2\/categories?post=62989"},{"taxonomy":"post_tag","embeddable":true,"href":"https:\/\/www.infokuryr.cz\/n\/wp-json\/wp\/v2\/tags?post=62989"}],"curies":[{"name":"wp","href":"https:\/\/api.w.org\/{rel}","templated":true}]}}