{"id":62982,"date":"2024-09-27T00:50:28","date_gmt":"2024-09-26T22:50:28","guid":{"rendered":"https:\/\/www.infokuryr.cz\/n\/?p=62982"},"modified":"2024-09-26T16:19:33","modified_gmt":"2024-09-26T14:19:33","slug":"biden-oznamil-presun-rizenych-bomb-do-kyjeva-pro-utoky-na-velke-vzdalenosti","status":"publish","type":"post","link":"https:\/\/www.infokuryr.cz\/n\/2024\/09\/27\/biden-oznamil-presun-rizenych-bomb-do-kyjeva-pro-utoky-na-velke-vzdalenosti\/","title":{"rendered":"Biden ozn\u00e1mil p\u0159esun \u0159\u00edzen\u00fdch bomb do Kyjeva pro \u00fatoky na velk\u00e9 vzd\u00e1lenosti"},"content":{"rendered":"<div id=\"fb-root\"><\/div>\n<p class=\"lead\"><strong>B\u00edl\u00fd d\u016fm se rozhodl p\u0159ev\u00e9zt \u0159\u00edzen\u00e9 bomby JSOW na Ukrajinu k \u00fatok\u016fm na velk\u00e9 vzd\u00e1lenosti. Uvedl to americk\u00fd prezident Joe Biden.<\/strong><\/p>\n<p><img decoding=\"async\" loading=\"lazy\" class=\"wp-image-62984 aligncenter\" src=\"http:\/\/www.infokuryr.cz\/n\/wp-content\/uploads\/2024\/09\/rakety-jows-300x158.jpg\" alt=\"\" width=\"569\" height=\"300\" srcset=\"https:\/\/www.infokuryr.cz\/n\/wp-content\/uploads\/2024\/09\/rakety-jows-300x158.jpg 300w, https:\/\/www.infokuryr.cz\/n\/wp-content\/uploads\/2024\/09\/rakety-jows-768x406.jpg 768w, https:\/\/www.infokuryr.cz\/n\/wp-content\/uploads\/2024\/09\/rakety-jows-720x380.jpg 720w, https:\/\/www.infokuryr.cz\/n\/wp-content\/uploads\/2024\/09\/rakety-jows.jpg 835w\" sizes=\"(max-width: 569px) 100vw, 569px\" \/><\/p>\n<p><em>\u201eAbych pos\u00edlil schopnosti Ukrajiny ude\u0159it na velk\u00e9 vzd\u00e1lenosti, rozhodl jsem se poskytnout Ukrajin\u011b munici pro spole\u010dn\u00e9 pohotovostn\u00ed zbran\u011b (JSOW) s dlouh\u00fdm dosahem,\u201c<span class=\"after-quote\"> &#8211; Prezident Joe Biden uvedl v prohl\u00e1\u0161en\u00ed zve\u0159ejn\u011bn\u00e9m tiskovou slu\u017ebou B\u00edl\u00e9ho domu.<\/span><\/em><\/p>\n<p><span>Ji\u017e d\u0159\u00edve Politico napsal, \u017ee Bidenova administrativa zva\u017euje mo\u017enost p\u0159ev\u00e9st na Ukrajinu munici JSOW pro pou\u017eit\u00ed ze st\u00edha\u010dek F-16.<\/span><\/p>\n<p><img decoding=\"async\" loading=\"lazy\" class=\"alignnone size-full wp-image-1185\" src=\"http:\/\/www.infokuryr.cz\/n\/wp-content\/uploads\/2021\/04\/kuryr-podpis.png\" alt=\"\" width=\"84\" height=\"24\" \/><\/p>\n<p>&nbsp;<\/p>\n","protected":false},"excerpt":{"rendered":"<p>B\u00edl\u00fd d\u016fm se rozhodl p\u0159ev\u00e9zt \u0159\u00edzen\u00e9 bomby JSOW na Ukrajinu k \u00fatok\u016fm na velk\u00e9 vzd\u00e1lenosti&#8230;.<\/p>\n","protected":false},"author":2,"featured_media":62983,"comment_status":"closed","ping_status":"closed","sticky":false,"template":"","format":"standard","meta":[],"categories":[7],"tags":[72,790,26,37],"_links":{"self":[{"href":"https:\/\/www.infokuryr.cz\/n\/wp-json\/wp\/v2\/posts\/62982"}],"collection":[{"href":"https:\/\/www.infokuryr.cz\/n\/wp-json\/wp\/v2\/posts"}],"about":[{"href":"https:\/\/www.infokuryr.cz\/n\/wp-json\/wp\/v2\/types\/post"}],"author":[{"embeddable":true,"href":"https:\/\/www.infokuryr.cz\/n\/wp-json\/wp\/v2\/users\/2"}],"replies":[{"embeddable":true,"href":"https:\/\/www.infokuryr.cz\/n\/wp-json\/wp\/v2\/comments?post=62982"}],"version-history":[{"count":1,"href":"https:\/\/www.infokuryr.cz\/n\/wp-json\/wp\/v2\/posts\/62982\/revisions"}],"predecessor-version":[{"id":62985,"href":"https:\/\/www.infokuryr.cz\/n\/wp-json\/wp\/v2\/posts\/62982\/revisions\/62985"}],"wp:featuredmedia":[{"embeddable":true,"href":"https:\/\/www.infokuryr.cz\/n\/wp-json\/wp\/v2\/media\/62983"}],"wp:attachment":[{"href":"https:\/\/www.infokuryr.cz\/n\/wp-json\/wp\/v2\/media?parent=62982"}],"wp:term":[{"taxonomy":"category","embeddable":true,"href":"https:\/\/www.infokuryr.cz\/n\/wp-json\/wp\/v2\/categories?post=62982"},{"taxonomy":"post_tag","embeddable":true,"href":"https:\/\/www.infokuryr.cz\/n\/wp-json\/wp\/v2\/tags?post=62982"}],"curies":[{"name":"wp","href":"https:\/\/api.w.org\/{rel}","templated":true}]}}