{"id":62965,"date":"2024-09-27T00:43:09","date_gmt":"2024-09-26T22:43:09","guid":{"rendered":"https:\/\/www.infokuryr.cz\/n\/?p=62965"},"modified":"2024-09-26T15:33:03","modified_gmt":"2024-09-26T13:33:03","slug":"iracke-drony-zasahly-izraelsky-pristav-eilat-a-zpusobily-obeti-a-skody","status":"publish","type":"post","link":"https:\/\/www.infokuryr.cz\/n\/2024\/09\/27\/iracke-drony-zasahly-izraelsky-pristav-eilat-a-zpusobily-obeti-a-skody\/","title":{"rendered":"Ir\u00e1ck\u00e9 drony zas\u00e1hly izraelsk\u00fd p\u0159\u00edstav Eilat a zp\u016fsobily ob\u011bti a \u0161kody"},"content":{"rendered":"<div id=\"fb-root\"><\/div>\n<p><strong><span>Isl\u00e1msk\u00fd odpor v Ir\u00e1ku (IRI), zast\u0159e\u0161uj\u00edc\u00ed skupina ozbrojen\u00fdch frakc\u00ed podporovan\u00fdch \u00cdr\u00e1nem, za\u00fato\u010dila koncem z\u00e1\u0159\u00ed 25. z\u00e1\u0159\u00ed na izraelsk\u00fd rudomo\u0159sk\u00fd p\u0159\u00edstav Eilat sebevra\u017eedn\u00fdmi drony, co\u017e zp\u016fsobilo ztr\u00e1ty a \u0161kody.<\/span><\/strong><\/p>\n<p><span>\u00datok byl proveden \u201ev reakci na masakry sp\u00e1chan\u00e9 uzurpuj\u00edc\u00ed entitou [Izrael] na civilistech, v\u010detn\u011b d\u011bt\u00ed, \u017een a star\u00fdch lid\u00ed\u201c v palestinsk\u00e9 enkl\u00e1v\u011b v p\u00e1smu Gazy a Libanonu, uvedla skupina v prohl\u00e1\u0161en\u00ed a sl\u00edbila. \u017ee \u201eoperace proti nep\u0159\u00e1telsk\u00fdm pevnostem budou pokra\u010dovat rostouc\u00edm tempem\u201c.<\/span><\/p>\n<p><span>Videoz\u00e1znamy zve\u0159ejn\u011bn\u00e9 skupinou uk\u00e1zaly start dvou sebevra\u017eedn\u00fdch dron\u016f Shahed-131 vyroben\u00fdch v \u00cdr\u00e1nu. Shahed-131 m\u00e1 dolet 900 kilometr\u016f a m\u016f\u017ee n\u00e9st hlavici o hmotnosti nejm\u00e9n\u011b 15 kg.<\/span><\/p>\n<p><iframe loading=\"lazy\" src=\"https:\/\/s5.cdnstatic.space\/wp-content\/uploads\/2024\/09\/IMG_4753.mp4\" width=\"600\" height=\"338\" data-mce-fragment=\"1\"><\/iframe><\/p>\n<p><span>Izraelsk\u00e9 obrann\u00e9 s\u00edly (IDF) uvedly, \u017ee jeden z dron\u016f byl zachycen korvetami n\u00e1mo\u0159nictva t\u0159\u00eddy Sa&#8217;ar 5 nad Rud\u00fdm mo\u0159em. P\u0159ipustilo v\u0161ak, \u017ee druh\u00e9mu dronu se poda\u0159ilo zas\u00e1hnout p\u0159\u00edstav Eilat a zp\u016fsobit \u0161kody. Arm\u00e1da zve\u0159ejnila videoz\u00e1znam \u00fasp\u011b\u0161n\u00e9ho zachycen\u00ed.<\/span><\/p>\n<p><iframe loading=\"lazy\" src=\"https:\/\/s5.cdnstatic.space\/wp-content\/uploads\/2024\/09\/twitsave.com_YeUsNXqX0Zii1acb.mp4\" width=\"600\" height=\"338\" data-mce-fragment=\"1\"><\/iframe><\/p>\n<p><span>Hebrejsk\u00e9 zpravodajsk\u00e9 \u00fa\u010dty na soci\u00e1ln\u00edch s\u00edt\u00edch sd\u00edlely videa ukazuj\u00edc\u00ed velk\u00fd v\u00fdbuch v p\u0159\u00edstavu a kou\u0159 stoupaj\u00edc\u00ed z tamn\u00edho skladi\u0161t\u011b.<\/span><\/p>\n<p><span>Izraelsk\u00e1 z\u00e1chrann\u00e1 slu\u017eba Magen David Adom ze sv\u00e9 strany uvedla, \u017ee p\u0159i \u00fatoku dronu na p\u0159\u00edstav byli zran\u011bni dva lid\u00e9. Oba mu\u017ei byli podle slu\u017eby uvedeni v dobr\u00e9m stavu a nevy\u017eadovali hospitalizaci.<\/span><\/p>\n<p><iframe loading=\"lazy\" src=\"https:\/\/s5.cdnstatic.space\/wp-content\/uploads\/2024\/09\/twitsave.com_JVAr8CK3XN2liY2k.mp4\" width=\"600\" height=\"338\" data-mce-fragment=\"1\"><\/iframe><\/p>\n<p><iframe loading=\"lazy\" src=\"https:\/\/s5.cdnstatic.space\/wp-content\/uploads\/2024\/09\/twitsave.com_kxSLSyeRj0bFO9og.mp4\" width=\"600\" height=\"338\" data-mce-fragment=\"1\"><\/iframe><\/p>\n<p><iframe loading=\"lazy\" src=\"https:\/\/s5.cdnstatic.space\/wp-content\/uploads\/2024\/09\/twitsave.com_J2hM_zul7Go7BrAB.mp4\" width=\"600\" height=\"338\" data-mce-fragment=\"1\"><\/iframe><\/p>\n<p><iframe loading=\"lazy\" src=\"https:\/\/s5.cdnstatic.space\/wp-content\/uploads\/2024\/09\/twitsave.com_AlaAc_E2Md9u3Cle.mp4\" width=\"600\" height=\"338\" data-mce-fragment=\"1\"><\/iframe><\/p>\n<p><span>IRI za\u010dala podnikat \u00fatoky proti Izraeli i proti sil\u00e1m Spojen\u00fdch st\u00e1t\u016f v Ir\u00e1ku a sousedn\u00ed S\u00fdrii loni v \u0159\u00edjnu v reakci na izraelskou v\u00e1lku v Gaze.<\/span><\/p>\n<p><span>Za\u010d\u00e1tkem tohoto t\u00fddne skupina eskalovala sv\u00e9 \u00fatoky proti Izraeli v reakci na pokra\u010duj\u00edc\u00ed leteckou kampa\u0148 IDF proti Hizball\u00e1hu v Libanonu. \u00datok na p\u0159\u00edstav Eilat byl p\u00e1t\u00fdm \u00fatokem, ke kter\u00e9mu se skupina p\u0159ihl\u00e1sila 25. z\u00e1\u0159\u00ed. P\u0159edchoz\u00ed \u00fatoky zp\u016fsobily \u0161kody a po\u017e\u00e1ry v \u00fadol\u00ed Jord\u00e1nu a okupovan\u00fdch syrsk\u00fdch Golansk\u00fdch v\u00fd\u0161in\u00e1ch.<\/span><\/p>\n<p><span>I kdy\u017e Izrael na \u00fatoky IRI dosud otev\u0159en\u011b nereagoval, byl po za\u010d\u00e1tku v\u00e1lky v P\u00e1smu obvi\u0148ov\u00e1n z n\u011bkolika \u00fader\u016f, kter\u00e9 m\u00ed\u0159ily na ozbrojen\u00e9 frakce podporovan\u00e9 \u00cdr\u00e1nem pod\u00e9l syrsko-ir\u00e1ck\u00e9 hranice a pobl\u00ed\u017e syrsk\u00e9ho hlavn\u00edho m\u011bsta Dama\u0161ku. P\u0159i n\u011bkter\u00fdch z t\u011bchto \u00fader\u016f byli zabiti ir\u00e1\u010dt\u00ed bojovn\u00edci a velitel\u00e9.<\/span><\/p>\n<p><img decoding=\"async\" loading=\"lazy\" class=\"alignnone size-full wp-image-1185\" src=\"http:\/\/www.infokuryr.cz\/n\/wp-content\/uploads\/2021\/04\/kuryr-podpis.png\" alt=\"\" width=\"84\" height=\"24\" \/><\/p>\n<p>&nbsp;<\/p>\n","protected":false},"excerpt":{"rendered":"<p>Isl\u00e1msk\u00fd odpor v Ir\u00e1ku (IRI), zast\u0159e\u0161uj\u00edc\u00ed skupina ozbrojen\u00fdch frakc\u00ed podporovan\u00fdch \u00cdr\u00e1nem, za\u00fato\u010dila koncem z\u00e1\u0159\u00ed 25&#8230;.<\/p>\n","protected":false},"author":2,"featured_media":52926,"comment_status":"closed","ping_status":"closed","sticky":false,"template":"","format":"standard","meta":[],"categories":[7],"tags":[267,107,6569,1863,5135],"_links":{"self":[{"href":"https:\/\/www.infokuryr.cz\/n\/wp-json\/wp\/v2\/posts\/62965"}],"collection":[{"href":"https:\/\/www.infokuryr.cz\/n\/wp-json\/wp\/v2\/posts"}],"about":[{"href":"https:\/\/www.infokuryr.cz\/n\/wp-json\/wp\/v2\/types\/post"}],"author":[{"embeddable":true,"href":"https:\/\/www.infokuryr.cz\/n\/wp-json\/wp\/v2\/users\/2"}],"replies":[{"embeddable":true,"href":"https:\/\/www.infokuryr.cz\/n\/wp-json\/wp\/v2\/comments?post=62965"}],"version-history":[{"count":0,"href":"https:\/\/www.infokuryr.cz\/n\/wp-json\/wp\/v2\/posts\/62965\/revisions"}],"wp:featuredmedia":[{"embeddable":true,"href":"https:\/\/www.infokuryr.cz\/n\/wp-json\/wp\/v2\/media\/52926"}],"wp:attachment":[{"href":"https:\/\/www.infokuryr.cz\/n\/wp-json\/wp\/v2\/media?parent=62965"}],"wp:term":[{"taxonomy":"category","embeddable":true,"href":"https:\/\/www.infokuryr.cz\/n\/wp-json\/wp\/v2\/categories?post=62965"},{"taxonomy":"post_tag","embeddable":true,"href":"https:\/\/www.infokuryr.cz\/n\/wp-json\/wp\/v2\/tags?post=62965"}],"curies":[{"name":"wp","href":"https:\/\/api.w.org\/{rel}","templated":true}]}}