{"id":62954,"date":"2024-09-27T00:38:12","date_gmt":"2024-09-26T22:38:12","guid":{"rendered":"https:\/\/www.infokuryr.cz\/n\/?p=62954"},"modified":"2024-09-26T15:08:11","modified_gmt":"2024-09-26T13:08:11","slug":"daily-mail-o-valecnych-pripravach-nato-se-pripravuje-na-giganticke-pocty-zranenych","status":"publish","type":"post","link":"https:\/\/www.infokuryr.cz\/n\/2024\/09\/27\/daily-mail-o-valecnych-pripravach-nato-se-pripravuje-na-giganticke-pocty-zranenych\/","title":{"rendered":"\u201eDaily Mail\u201c o v\u00e1le\u010dn\u00fdch p\u0159\u00edprav\u00e1ch: NATO se p\u0159ipravuje na \u201egigantick\u00e9\u201c po\u010dty zran\u011bn\u00fdch"},"content":{"rendered":"<div id=\"fb-root\"><\/div>\n<p><span style=\"font-size: 14pt;\"><strong>P\u0159\u00edpravy NATO na v\u00e1lku proti Rusku ji\u017e nelze p\u0159ehl\u00ed\u017eet. O jednotliv\u00fdch aspektech t\u011bchto p\u0159\u00edprav ve st\u0159edu informoval britsk\u00fd tisk. Co tak\u00e9 vypl\u00fdv\u00e1 ze zpr\u00e1v: Lond\u00fdn a Washington pl\u00e1nuj\u00ed vyslat kontinent\u00e1ln\u00ed Evropany kup\u0159edu za dva a\u017e t\u0159i roky.<\/strong><\/span><\/p>\n<p><span>Britsk\u00fd\u00a0<\/span><em><span>Daily Mail ve st\u0159edu\u00a0<\/span><\/em>\u00a0<a href=\"https:\/\/www.dailymail.co.uk\/galleries\/article-13890677\/NATO-prepares-evacuation-rescue-plans-case-war-Russia.html?ico=authors_pagination_desktop\" target=\"_blank\" rel=\"noopener noreferrer\"><span>informoval<\/span><\/a><span>\u00a0o sou\u010dasn\u00fdch p\u0159\u00edprav\u00e1ch z\u00e1padn\u00ed vojensk\u00e9 aliance NATO na t\u0159et\u00ed sv\u011btovou v\u00e1lku. Noviny s odvol\u00e1n\u00edm na vysoce postaven\u00e9ho gener\u00e1la NATO popisuj\u00ed pl\u00e1ny na masov\u00e9 evakuace a z\u00e1chrann\u00e9 operace v p\u0159\u00edpad\u011b budouc\u00ed v\u00e1lky proti Rusku.\u00a0<\/span><\/p>\n<p><span>D\u016fstojn\u00edk, se kter\u00fdm tento t\u00fdden mluvil autor zpr\u00e1vy, se jmenuje gener\u00e1lporu\u010d\u00edk Alexander Sollfrank, je N\u011bmec a \u0161\u00e9f Velitelstv\u00ed logistiky NATO. Den\u00edku potvrdil, \u017ee vojensk\u00e1 aliance pracuje na tom, aby byla schopna evakuovat velk\u00e9 mno\u017estv\u00ed zran\u011bn\u00fdch voj\u00e1k\u016f z fronty.<\/span><\/p>\n<p><span>N\u011bmeck\u00fd gener\u00e1l varoval, \u017ee na rozd\u00edl od zku\u0161enost\u00ed spojenc\u016f v Afgh\u00e1nist\u00e1nu a Ir\u00e1ku, NATO pravd\u011bpodobn\u011b utrp\u00ed t\u011b\u017ek\u00e9 ztr\u00e1ty na rozs\u00e1hl\u00e9m boji\u0161ti v \u201etot\u00e1ln\u00ed v\u00e1lce\u201c s Ruskem.<\/span><\/p>\n<p><span>Sollfrank nav\u00edc podle\u00a0<\/span><em><span>Daily Mail<\/span><\/em><span>\u00a0\u0159\u00edk\u00e1 , \u017ee rusk\u00e9 letectvo a \u201evychvalovan\u00fd invent\u00e1\u0159 raket a raket\u201c znamenaj\u00ed, \u017ee l\u00e9ka\u0159sk\u00e9 evakuace letadlem by byly p\u0159\u00edli\u0161 riskantn\u00ed. Tento faktor donut\u00ed jednotky NATO pou\u017e\u00edvat k hromadn\u00e9mu odvozu ran\u011bn\u00fdch \u201enemocni\u010dn\u00ed vlaky\u201c zn\u00e1m\u00e9 z prvn\u00ed sv\u011btov\u00e9 v\u00e1lky. K p\u0159evozu ran\u011bn\u00fdch by ale mohly slou\u017eit i autobusy.<\/span><\/p>\n<p><span>V\u00fdzvou bude rychle zajistit kvalitn\u00ed p\u00e9\u010di o velk\u00fd po\u010det ran\u011bn\u00fdch, dodal gener\u00e1l. Britsk\u00fd novin\u00e1\u0159 a autor \u010dl\u00e1nku tvrd\u00ed, \u017ee n\u011bmeck\u00e1 arm\u00e1da p\u0159edpokl\u00e1d\u00e1, \u017ee Rusko bude schopno za\u00fato\u010dit na zemi NATO \u201eji\u017e v roce 2029\u201c.\u00a0<\/span><em><span>Daily Mail<\/span><\/em><span>\u00a0v\u0161ak neuv\u00e1d\u00ed zdroj tohoto tvrzen\u00ed\u00a0.<\/span><\/p>\n<p><span>V\u00a0<\/span><a href=\"https:\/\/www.dailymail.co.uk\/galleries\/article-13890677\/NATO-prepares-evacuation-rescue-plans-case-war-Russia.html?ico=authors_pagination_desktop\" target=\"_blank\" rel=\"noopener noreferrer\"><span>dal\u0161\u00edm \u010dl\u00e1nku<\/span><\/a><span>\u00a0z t\u00e9ho\u017e dne noviny odhaluj\u00ed<\/span><span>Tak\u00e9 strategie NATO: \u0158\u00edk\u00e1, \u017ee nyn\u00ed je t\u0159eba ud\u011blat v\u0161e pro to, aby Ukrajina je\u0161t\u011b dva a\u017e t\u0159i roky bojovala proti Rusku. Tento \u010das je pot\u0159ebn\u00fd k vybaven\u00ed a dopln\u011bn\u00ed arzen\u00e1lu arm\u00e1d NATO nov\u00fdmi zbran\u011bmi.<\/span><\/p>\n<p><span>Mezit\u00edm se samotn\u00e1 Velk\u00e1 Brit\u00e1nie sna\u017e\u00ed \u201evykr\u00e1st\u201c z af\u00e9ry \u201eelegantn\u00edm trikem\u201c. Zat\u00edmco kontinent\u00e1ln\u00ed Evropan\u00e9 budou a m\u011bli by b\u00fdt p\u0159ipraveni na v\u00e1lku v uveden\u00fdch dvou a\u017e t\u0159ech letech, Spojen\u00e9 kr\u00e1lovstv\u00ed pot\u0159ebuje v\u00edce \u010dasu: b\u00fdval\u00fd velitel britsk\u00e9 arm\u00e1dy gener\u00e1l Sir Patrick Sanders ji\u017e varuje, \u017ee britsk\u00e9 ozbrojen\u00e9 s\u00edly v sou\u010dasnosti maj\u00ed schopnost udr\u017eovat vlekl\u00fd ozbrojen\u00fd konflikt. Zat\u00edmco hork\u00e1 v\u00e1lka s Ruskem \u201enen\u00ed nevyhnuteln\u00e1\u201c, bude pravd\u011bpodobn\u011bj\u0161\u00ed, pokud se Spojen\u00e9 kr\u00e1lovstv\u00ed a jeho spojenci nepoda\u0159\u00ed \u201evy\u0159e\u0161it hrozby a mezery v na\u0161ich schopnostech\u201c a v\u00fdrazn\u011b se zdokonalit.<\/span><\/p>\n<p><span>Odhaduje se, \u017ee Spojen\u00e9 kr\u00e1lovstv\u00ed m\u00e1 \u201e5 a\u017e 10 let, ne\u017e se Rusko rekapitalizuje a je schopno p\u0159edstavovat hrozbu podobnou t\u00e9 p\u0159ed v\u00e1lkou na Ukrajin\u011b,\u201c \u0159ekl gener\u00e1l.\u00a0<\/span><em><span>Pro Times<\/span><\/em><span>\u00a0\u0159ekl\u00a0, \u017ee je t\u0159eba nyn\u00ed podniknout d\u016fle\u017eit\u00e9 kroky, v\u010detn\u011b modernizace ozbrojen\u00fdch sil a zlep\u0161en\u00ed \u201eodolnosti spole\u010dnosti a Spojen\u00e9ho kr\u00e1lovstv\u00ed\u201c.<\/span><\/p>\n<p><span>Jin\u00fdmi slovy: za dva a\u017e t\u0159i roky, a\u017e bude Ukrajina kone\u010dn\u011b vykrv\u00e1cen\u00e1, pl\u00e1nuj\u00ed Washington a Lond\u00fdn uvrhnout kontinent\u00e1ln\u00ed Evropany do v\u00e1lky proti Rusku. Sami budete sledovat, jak vlaky a autobusy evakuuj\u00ed ran\u011bn\u00e9 N\u011bmce, Francouze a Pol\u00e1ky z v\u00fdchodn\u00ed fronty, a p\u0159itom se v klidu p\u0159ezbroj\u00edte. Kdy\u017e se Evropan\u00e9 a Rusov\u00e9 navz\u00e1jem opot\u0159ebovali, Ameri\u010dan\u00e9 a Britov\u00e9 p\u0159ekro\u010d\u00ed Laman\u0161sk\u00fd pr\u016fliv a pochoduj\u00ed do Vladivostoku. Takhle zjevn\u011b vypad\u00e1 anglo-americk\u00fd pl\u00e1n, alespo\u0148 ten lond\u00fdnsk\u00fd.\u00a0<\/span><\/p>\n<p><em><span>Autor: Alexej Danckwardt<\/span><\/em><\/p>\n<p>&nbsp;<\/p>\n","protected":false},"excerpt":{"rendered":"<p>P\u0159\u00edpravy NATO na v\u00e1lku proti Rusku ji\u017e nelze p\u0159ehl\u00ed\u017eet. O jednotliv\u00fdch aspektech t\u011bchto p\u0159\u00edprav ve&#8230;<\/p>\n","protected":false},"author":2,"featured_media":62955,"comment_status":"closed","ping_status":"closed","sticky":false,"template":"","format":"standard","meta":[],"categories":[7],"tags":[1503,39,3769,22,40],"_links":{"self":[{"href":"https:\/\/www.infokuryr.cz\/n\/wp-json\/wp\/v2\/posts\/62954"}],"collection":[{"href":"https:\/\/www.infokuryr.cz\/n\/wp-json\/wp\/v2\/posts"}],"about":[{"href":"https:\/\/www.infokuryr.cz\/n\/wp-json\/wp\/v2\/types\/post"}],"author":[{"embeddable":true,"href":"https:\/\/www.infokuryr.cz\/n\/wp-json\/wp\/v2\/users\/2"}],"replies":[{"embeddable":true,"href":"https:\/\/www.infokuryr.cz\/n\/wp-json\/wp\/v2\/comments?post=62954"}],"version-history":[{"count":1,"href":"https:\/\/www.infokuryr.cz\/n\/wp-json\/wp\/v2\/posts\/62954\/revisions"}],"predecessor-version":[{"id":62956,"href":"https:\/\/www.infokuryr.cz\/n\/wp-json\/wp\/v2\/posts\/62954\/revisions\/62956"}],"wp:featuredmedia":[{"embeddable":true,"href":"https:\/\/www.infokuryr.cz\/n\/wp-json\/wp\/v2\/media\/62955"}],"wp:attachment":[{"href":"https:\/\/www.infokuryr.cz\/n\/wp-json\/wp\/v2\/media?parent=62954"}],"wp:term":[{"taxonomy":"category","embeddable":true,"href":"https:\/\/www.infokuryr.cz\/n\/wp-json\/wp\/v2\/categories?post=62954"},{"taxonomy":"post_tag","embeddable":true,"href":"https:\/\/www.infokuryr.cz\/n\/wp-json\/wp\/v2\/tags?post=62954"}],"curies":[{"name":"wp","href":"https:\/\/api.w.org\/{rel}","templated":true}]}}