{"id":62947,"date":"2024-09-27T00:35:05","date_gmt":"2024-09-26T22:35:05","guid":{"rendered":"https:\/\/www.infokuryr.cz\/n\/?p=62947"},"modified":"2024-09-26T14:49:57","modified_gmt":"2024-09-26T12:49:57","slug":"ukrajinsti-fasiste-strileji-do-vseho-co-se-v-rusku-hybe-obcane-jsou-snadna-korist","status":"publish","type":"post","link":"https:\/\/www.infokuryr.cz\/n\/2024\/09\/27\/ukrajinsti-fasiste-strileji-do-vseho-co-se-v-rusku-hybe-obcane-jsou-snadna-korist\/","title":{"rendered":"Ukrajin\u0161t\u00ed \u201efa\u0161ist\u00e9\u201c st\u0159\u00edlej\u00ed do v\u0161eho, co se v Rusku h\u00fdbe: \u201eOb\u010dan\u00e9 jsou snadn\u00e1 ko\u0159ist\u201c"},"content":{"rendered":"<div id=\"fb-root\"><\/div>\n<p><strong>Novin\u00e1\u0159 Patrick Lancaster hovo\u0159il pobl\u00ed\u017e frontov\u00e9 linie v rusk\u00e9 oblasti Kursk s Viktorem, kter\u00fd jako jeden z m\u00e1la nebyl evakuov\u00e1n, ale z\u016fstal se sv\u00fdm otcem starat se o dobytek.<\/strong><\/p>\n<p><span>V Kursku moment\u00e1ln\u011b zu\u0159\u00ed tvrd\u00e9 boje. Viktor v noci nem\u016f\u017ee zav\u0159\u00edt o\u010di, okol\u00edm se neust\u00e1le oz\u00fdvaj\u00ed v\u00fdbuchy. V\u0161ude je nespo\u010det dron\u016f.<\/span><\/p>\n<figure class=\"wp-block-embed is-type-video is-provider-youtube wp-block-embed-youtube wp-embed-aspect-16-9 wp-has-aspect-ratio\">\n<div class=\"wp-block-embed__wrapper\"><iframe loading=\"lazy\" title=\"Kursk Frontline: \u201eCivilist\u00e9 snadn\u00e1 ko\u0159ist\u201c pro ukrajinsk\u00e9 voj\u00e1ky, \u0159\u00edkaj\u00ed obyvatel\u00e9\" src=\"https:\/\/www.youtube.com\/embed\/WYqYgiXMAbE?feature=oembed\" width=\"800\" height=\"450\" frameborder=\"0\" allowfullscreen=\"allowfullscreen\" data-mce-fragment=\"1\"><\/iframe><\/div>\n<\/figure>\n<p><span>Viktor musel jet do m\u011bsta Soeja evakuovat lidi a cestou vid\u011bl na ulic\u00edch mrtv\u00e9 lidi. Vid\u011bl tak\u00e9 t\u011blo zdravotn\u00ed sestry, se kterou p\u0159edt\u00edm pracoval. Byla na mate\u0159sk\u00e9 dovolen\u00e9.<\/span><\/p>\n<p><span>Mu\u017e tak\u00e9 vid\u011bl ho\u0159\u00edc\u00ed auto s n\u011bk\u00fdm dal\u0161\u00edm uvnit\u0159. Ukrajin\u0161t\u00ed voj\u00e1ci podle n\u011bj st\u0159\u00edleli na civilisty a brali lidi do zajet\u00ed.<\/span><\/p>\n<p><em><span>N\u00e1sleduj\u00edc\u00ed obr\u00e1zky mohou b\u00fdt vn\u00edm\u00e1ny jako \u0161okuj\u00edc\u00ed:<\/span><\/em><\/p>\n<p><iframe id=\"odysee-iframe\" src=\"https:\/\/odysee.com\/$\/embed\/@PatrickLancasternewstoday:c\/ukraine-killing-civilians-in-kursk:3?r=VuywGAxdLToQY9hpbHSrxkvVdfxXbMj5\" allowfullscreen=\"allowfullscreen\" data-mce-fragment=\"1\"><\/iframe><\/p>\n<p><span>Na ot\u00e1zku, pro\u010d Ukrajinci st\u0159\u00edleli do aut a civilist\u016f, odpov\u011bd\u011bl: \u201eTo je fa\u0161ismus, prost\u011b fa\u0161ismus Bojuj\u00ed proti arm\u00e1d\u011b a civilist\u00e9 jsou pro n\u011b snadnou ko\u0159ist\u00ed.<\/span><\/p>\n<p><span>\u201eKdy\u017e vid\u00edte, \u017ee je to civiln\u00ed auto, pro\u010d na n\u011bj st\u0159\u00edl\u00edte? Je jim jedno, jestli je c\u00edl vojensk\u00fd nebo civiln\u00ed. St\u0159\u00edl\u00ed na v\u0161echno, co se h\u00fdbe,\u201c dodal Viktor.<\/p>\n<p><img decoding=\"async\" loading=\"lazy\" class=\"alignnone size-full wp-image-1185\" src=\"http:\/\/www.infokuryr.cz\/n\/wp-content\/uploads\/2021\/04\/kuryr-podpis.png\" alt=\"\" width=\"84\" height=\"24\" \/><\/p>\n<p><\/span><\/p>\n","protected":false},"excerpt":{"rendered":"<p>Novin\u00e1\u0159 Patrick Lancaster hovo\u0159il pobl\u00ed\u017e frontov\u00e9 linie v rusk\u00e9 oblasti Kursk s Viktorem, kter\u00fd jako&#8230;<\/p>\n","protected":false},"author":2,"featured_media":62948,"comment_status":"closed","ping_status":"closed","sticky":false,"template":"","format":"standard","meta":[],"categories":[7],"tags":[2011,3133,1635,556],"_links":{"self":[{"href":"https:\/\/www.infokuryr.cz\/n\/wp-json\/wp\/v2\/posts\/62947"}],"collection":[{"href":"https:\/\/www.infokuryr.cz\/n\/wp-json\/wp\/v2\/posts"}],"about":[{"href":"https:\/\/www.infokuryr.cz\/n\/wp-json\/wp\/v2\/types\/post"}],"author":[{"embeddable":true,"href":"https:\/\/www.infokuryr.cz\/n\/wp-json\/wp\/v2\/users\/2"}],"replies":[{"embeddable":true,"href":"https:\/\/www.infokuryr.cz\/n\/wp-json\/wp\/v2\/comments?post=62947"}],"version-history":[{"count":1,"href":"https:\/\/www.infokuryr.cz\/n\/wp-json\/wp\/v2\/posts\/62947\/revisions"}],"predecessor-version":[{"id":62949,"href":"https:\/\/www.infokuryr.cz\/n\/wp-json\/wp\/v2\/posts\/62947\/revisions\/62949"}],"wp:featuredmedia":[{"embeddable":true,"href":"https:\/\/www.infokuryr.cz\/n\/wp-json\/wp\/v2\/media\/62948"}],"wp:attachment":[{"href":"https:\/\/www.infokuryr.cz\/n\/wp-json\/wp\/v2\/media?parent=62947"}],"wp:term":[{"taxonomy":"category","embeddable":true,"href":"https:\/\/www.infokuryr.cz\/n\/wp-json\/wp\/v2\/categories?post=62947"},{"taxonomy":"post_tag","embeddable":true,"href":"https:\/\/www.infokuryr.cz\/n\/wp-json\/wp\/v2\/tags?post=62947"}],"curies":[{"name":"wp","href":"https:\/\/api.w.org\/{rel}","templated":true}]}}