{"id":62946,"date":"2024-09-27T00:34:59","date_gmt":"2024-09-26T22:34:59","guid":{"rendered":"https:\/\/www.infokuryr.cz\/n\/?p=62946"},"modified":"2024-09-26T14:47:12","modified_gmt":"2024-09-26T12:47:12","slug":"zatimco-v-nemecku-dochazi-ke-snizovani-pracovnich-mist-berlin-skryva-krizi-v-prumyslu-obrovskym-vladnim-naborem","status":"publish","type":"post","link":"https:\/\/www.infokuryr.cz\/n\/2024\/09\/27\/zatimco-v-nemecku-dochazi-ke-snizovani-pracovnich-mist-berlin-skryva-krizi-v-prumyslu-obrovskym-vladnim-naborem\/","title":{"rendered":"Zat\u00edmco v N\u011bmecku doch\u00e1z\u00ed ke sni\u017eov\u00e1n\u00ed pracovn\u00edch m\u00edst, Berl\u00edn \u201eskr\u00fdv\u00e1\u201c krizi v pr\u016fmyslu obrovsk\u00fdm vl\u00e1dn\u00edm n\u00e1borem"},"content":{"rendered":"<div id=\"fb-root\"><\/div>\n<div class=\"elementor-element elementor-element-1fb4c2c elementor-widget elementor-widget-theme-post-content\" data-id=\"1fb4c2c\" data-element_type=\"widget\" data-widget_type=\"theme-post-content.default\">\n<div class=\"elementor-widget-container\">\n<p><span>N\u011bmeck\u00fd pr\u016fmysl se hrout\u00ed, zat\u00edmco jsou naj\u00edm\u00e1ni st\u00e1tn\u00ed zam\u011bstnanci a zdravotn\u00ed sestry, co\u017e vedlo k pok\u0159iven\u00ed katastrof\u00e1ln\u00ed situace v oblasti zam\u011bstnanosti v N\u011bmecku.<\/span><\/p>\n<p><span>N\u011bmeck\u00e1 vl\u00e1da st\u00e1le v\u00edce nen\u00ed schopna zakr\u00fdt rostouc\u00ed pr\u016fmyslovou krizi zv\u00fd\u0161en\u00edm naj\u00edm\u00e1n\u00ed st\u00e1tn\u00edch zam\u011bstnanc\u016f. M\u00edsto toho poci\u0165uje d\u016fsledky n\u011bmeck\u00e9 hospod\u00e1\u0159sk\u00e9 politiky: po\u010det spole\u010dnost\u00ed, kter\u00e9 sni\u017euj\u00ed nebo pl\u00e1nuj\u00ed sn\u00ed\u017eit po\u010det zam\u011bstnanc\u016f, roste alarmuj\u00edc\u00edm tempem.<\/span><\/p>\n<p><span>Zat\u00edmco po\u010det zam\u011bstnanc\u016f v N\u011bmecku dos\u00e1hl rekordn\u00edch 46 milion\u016f, m\u00edra nezam\u011bstnanosti od roku 2022 neust\u00e1le roste. V\u0161ichni nov\u00ed zam\u011bstnanci jsou zatemn\u011bni skute\u010dnost\u00ed, \u017ee t\u00e9m\u011b\u0159 v\u0161echna pracovn\u00ed m\u00edsta byla v posledn\u00edch letech vytvo\u0159ena ve vl\u00e1dn\u00edch sektorech. Mnoho nov\u011b p\u0159ijat\u00fdch pracovn\u00edk\u016f jsou tak\u00e9 zahrani\u010dn\u00ed pracovn\u00edci.<\/span><\/p>\n<p><em><span>P\u0159edsedkyn\u011b AfD Alice Weidelov\u00e1 nazvala kancl\u00e9\u0159e Olafa Scholze \u201ekancl\u00e9\u0159em sestupu\u201c. Od doby, kdy se Scholz stal kancl\u00e9\u0159em, p\u0159i\u0161lo o 500 000 pracovn\u00edch m\u00edst Dodavatel automobil\u016f ZF chce zru\u0161it 14 000 pracovn\u00edch m\u00edst SAP 10 000 Ford 4 600 Bosch 3760 A seznam pokra\u010duje&#8230;<\/span><\/em><\/p>\n<div class=\"twitter-tweet twitter-tweet-rendered\"><iframe id=\"twitter-widget-0\" class=\"\" title=\"X Post\" src=\"https:\/\/platform.twitter.com\/embed\/Tweet.html?dnt=false&amp;embedId=twitter-widget-0&amp;features=eyJ0ZndfdGltZWxpbmVfbGlzdCI6eyJidWNrZXQiOltdLCJ2ZXJzaW9uIjpudWxsfSwidGZ3X2ZvbGxvd2VyX2NvdW50X3N1bnNldCI6eyJidWNrZXQiOnRydWUsInZlcnNpb24iOm51bGx9LCJ0ZndfdHdlZXRfZWRpdF9iYWNrZW5kIjp7ImJ1Y2tldCI6Im9uIiwidmVyc2lvbiI6bnVsbH0sInRmd19yZWZzcmNfc2Vzc2lvbiI6eyJidWNrZXQiOiJvbiIsInZlcnNpb24iOm51bGx9LCJ0ZndfZm9zbnJfc29mdF9pbnRlcnZlbnRpb25zX2VuYWJsZWQiOnsiYnVja2V0Ijoib24iLCJ2ZXJzaW9uIjpudWxsfSwidGZ3X21peGVkX21lZGlhXzE1ODk3Ijp7ImJ1Y2tldCI6InRyZWF0bWVudCIsInZlcnNpb24iOm51bGx9LCJ0ZndfZXhwZXJpbWVudHNfY29va2llX2V4cGlyYXRpb24iOnsiYnVja2V0IjoxMjA5NjAwLCJ2ZXJzaW9uIjpudWxsfSwidGZ3X3Nob3dfYmlyZHdhdGNoX3Bpdm90c19lbmFibGVkIjp7ImJ1Y2tldCI6Im9uIiwidmVyc2lvbiI6bnVsbH0sInRmd19kdXBsaWNhdGVfc2NyaWJlc190b19zZXR0aW5ncyI6eyJidWNrZXQiOiJvbiIsInZlcnNpb24iOm51bGx9LCJ0ZndfdXNlX3Byb2ZpbGVfaW1hZ2Vfc2hhcGVfZW5hYmxlZCI6eyJidWNrZXQiOiJvbiIsInZlcnNpb24iOm51bGx9LCJ0ZndfdmlkZW9faGxzX2R5bmFtaWNfbWFuaWZlc3RzXzE1MDgyIjp7ImJ1Y2tldCI6InRydWVfYml0cmF0ZSIsInZlcnNpb24iOm51bGx9LCJ0ZndfbGVnYWN5X3RpbWVsaW5lX3N1bnNldCI6eyJidWNrZXQiOnRydWUsInZlcnNpb24iOm51bGx9LCJ0ZndfdHdlZXRfZWRpdF9mcm9udGVuZCI6eyJidWNrZXQiOiJvbiIsInZlcnNpb24iOm51bGx9fQ%3D%3D&amp;frame=false&amp;hideCard=false&amp;hideThread=false&amp;id=1835416684292616699&amp;lang=cs&amp;maxWidth=560px&amp;origin=https%3A%2F%2Funcutnews.ch%2Fwaehrend-in-deutschland-arbeitsplaetze-abgebaut-werden-versteckt-berlin-die-krise-in-der-industrie-mit-einer-riesigen-einstellungsorgie-der-regierung%2F&amp;sessionId=484b99b1d79b25e74962144e599d186a25ace0a3&amp;theme=light&amp;widgetsVersion=2615f7e52b7e0%3A1702314776716&amp;width=550px\" frameborder=\"0\" scrolling=\"no\" allowfullscreen=\"allowfullscreen\" data-tweet-id=\"1835416684292616699\" data-mce-fragment=\"1\"><\/iframe><\/div>\n<p><span>N\u011bmeck\u00fd list Welt p\u00ed\u0161e : \u201ePo\u010det pracovn\u00edch inzer\u00e1t\u016f kles\u00e1, pr\u00e1ce na\u00a0<\/span><a href=\"https:\/\/www.welt.de\/wirtschaft\/plus253631964\/Jobs-Zeichen-gegen-den-Standort-Deutschlands-grosser-Abbau-hat-laengst-begonnen.html\" target=\"_blank\" rel=\"noreferrer noopener\"><span>zkr\u00e1cen\u00fd<\/span><\/a><span>\u00a0\u00favazek se vrac\u00ed: n\u011bmeck\u00fd trh pr\u00e1ce se nach\u00e1z\u00ed v krizi, kter\u00e1 byla dlouhou dobu zcela p\u0159ehl\u00ed\u017eena. V n\u011bkolika odv\u011btv\u00edch zaniknou tis\u00edce pracovn\u00edch m\u00edst \u2013 trvale. Zd\u00e1 se, \u017ee politick\u00e1 pomoc p\u0159ich\u00e1z\u00ed p\u0159\u00edli\u0161 pozd\u011b.&#8220;<\/span><\/p>\n<p><span>V produktivn\u00ed ekonomice, kter\u00e1 zahrnuje v\u00fdrobu a stavebnictv\u00ed i maloobchod, je ztr\u00e1ta pracovn\u00edch m\u00edst st\u00e1le alarmuj\u00edc\u00ed. Od roku 2018 se m\u00edra zam\u011bstnanosti sn\u00ed\u017eila, po\u010det pracovn\u00edch inzer\u00e1t\u016f se prudce sn\u00ed\u017eil a mnoho spole\u010dnost\u00ed tvrd\u00ed, \u017ee nepl\u00e1nuje naj\u00edmat. Roste tak\u00e9 nezam\u011bstnanost, zat\u00edmco pr\u016fmyslov\u00e1 v\u00fdroba stagnuje.<\/span><\/p>\n<p><span>Ned\u00e1vn\u00e9 titulky ukazuj\u00ed trendovou linii. Automobilov\u00fd dodavatel ZF Friedrichshafen chce zru\u0161it 14 000 pracovn\u00edch m\u00edst, BASF 2 500, Bosch 1 200, Miele 1 300 a ThyssenKrupp pravd\u011bpodobn\u011b n\u011bkolik stovek. To v\u0161e bledne ve srovn\u00e1n\u00ed s pl\u00e1novan\u00fdm propou\u0161t\u011bn\u00edm ve Volkswagenu, kter\u00e9 by mohlo \u010dinit a\u017e 30 tis\u00edc. \u0158ada men\u0161\u00edch stavebn\u00edch a v\u00fdrobn\u00edch firem ji\u017e v posledn\u00edch letech propustila zam\u011bstnance.<\/span><\/p>\n<p><span>Ve zdravotnictv\u00ed z\u00e1rove\u0148 vzniklo 50 000 pracovn\u00edch m\u00edst, dal\u0161\u00edch 50 000 v o\u0161et\u0159ovatelstv\u00ed a 48 000 pracovn\u00edch m\u00edst ve ve\u0159ejn\u00e9m sektoru oproti p\u0159edchoz\u00edmu roku. Naproti tomu v kovopr\u016fmyslu a elektrotechnick\u00e9m pr\u016fmyslu je zam\u011bstn\u00e1no o 22 000 lid\u00ed m\u00e9n\u011b, ve zpracovatelsk\u00e9m pr\u016fmyslu o 62 000 a ve stavebnictv\u00ed o 27 000 m\u00e9n\u011b.<\/span><\/p>\n<p><span>Mnoh\u00e1 \u200b\u200bz t\u011bchto odv\u011btv\u00ed jsou pova\u017eov\u00e1na za j\u00e1dro prosperity a ekonomick\u00e9 s\u00edly N\u011bmecka \u2013 a jsou obecn\u011b l\u00e9pe placen\u00e1 ne\u017e jin\u00e1 zam\u011bstn\u00e1n\u00ed. Nyn\u00ed je mo\u017en\u00e9, \u017ee N\u011bmecko kv\u016fli rostouc\u00edm cen\u00e1m energi\u00ed, regulac\u00edm a vysok\u00fdm dan\u00edm ztrat\u00ed status glob\u00e1ln\u00ed pr\u016fmyslov\u00e9 velmoci.<\/span><\/p>\n<p><span>Holger Sch\u00e4fer, ekonom z N\u011bmeck\u00e9ho ekonomick\u00e9ho institutu (IW), \u0159ekl, \u017ee bylo mo\u017en\u00e9 doufat, \u017ee si spole\u010dnosti b\u011bhem poklesu udr\u017e\u00ed pracovn\u00edky, aby se p\u0159ipravily na budouc\u00ed demografick\u00fd nedostatek. Ekonomick\u00fd \u00fatlum ale trval firm\u00e1m p\u0159\u00edli\u0161 dlouho, a tak jsou nyn\u00ed nuceny sni\u017eovat po\u010det zam\u011bstnanc\u016f.<\/span><\/p>\n<p><span>S kriz\u00ed v oboru po\u010d\u00edt\u00e1 i \u0161\u00e9fka Feder\u00e1ln\u00edho \u00fa\u0159adu pr\u00e1ce (BA) Andrea Nahles a na tiskov\u00e9 konferenci \u0159ekla: \u201eSamoz\u0159ejm\u011b m\u00e1m velk\u00e9 obavy, pokud dojde ke zru\u0161en\u00ed slu\u0161n\u011b placen\u00fdch pracovn\u00edch m\u00edst.\u201c<\/span><\/p>\n<p><span>\u201eJsou za t\u00edm sign\u00e1ly od podnikatel\u016f proti N\u011bmecku jako m\u00edstu. Je to popla\u0161n\u00fd sign\u00e1l pro trh pr\u00e1ce,\u201c uvedla s t\u00edm, \u017ee n\u011bmeck\u00e9 firmy se st\u011bhuj\u00ed do zahrani\u010d\u00ed.<\/span><\/p>\n<p><span>Zhor\u0161uj\u00edc\u00ed se ekonomick\u00e9 prost\u0159ed\u00ed podporuje negativn\u00ed sentiment v\u016f\u010di vl\u00e1dnouc\u00ed vl\u00e1d\u011b, jej\u00ed\u017e popularita klesla na rekordn\u00ed minimum. Situace kancl\u00e9\u0159e Olafa Scholze a koali\u010dn\u00edch stran se m\u016f\u017ee sp\u00ed\u0161e zhor\u0161it ne\u017e zlep\u0161it.<\/span><\/p>\n<\/div>\n<\/div>\n<div class=\"elementor-element elementor-element-8c57238 quelle dc-has-condition dc-condition-empty elementor-widget elementor-widget-heading\" data-id=\"8c57238\" data-element_type=\"widget\" data-widget_type=\"heading.default\">\n<div class=\"elementor-widget-container\">\n<h3 class=\"elementor-heading-title elementor-size-default\"><span style=\"font-size: 10pt;\"><a href=\"https:\/\/rmx.news\/article\/with-job-cuts-slamming-germany-berlin-hides-industrial-crisis-with-huge-government-hiring-spree\/\" target=\"_blank\" rel=\"nofollow noopener\">Zdroj<\/a><\/span><\/h3>\n<p>&nbsp;<\/p>\n<\/div>\n<\/div>\n","protected":false},"excerpt":{"rendered":"<p>N\u011bmeck\u00fd pr\u016fmysl se hrout\u00ed, zat\u00edmco jsou naj\u00edm\u00e1ni st\u00e1tn\u00ed zam\u011bstnanci a zdravotn\u00ed sestry, co\u017e vedlo k&#8230;<\/p>\n","protected":false},"author":2,"featured_media":61030,"comment_status":"closed","ping_status":"closed","sticky":false,"template":"","format":"standard","meta":[],"categories":[7],"tags":[371,84,99],"_links":{"self":[{"href":"https:\/\/www.infokuryr.cz\/n\/wp-json\/wp\/v2\/posts\/62946"}],"collection":[{"href":"https:\/\/www.infokuryr.cz\/n\/wp-json\/wp\/v2\/posts"}],"about":[{"href":"https:\/\/www.infokuryr.cz\/n\/wp-json\/wp\/v2\/types\/post"}],"author":[{"embeddable":true,"href":"https:\/\/www.infokuryr.cz\/n\/wp-json\/wp\/v2\/users\/2"}],"replies":[{"embeddable":true,"href":"https:\/\/www.infokuryr.cz\/n\/wp-json\/wp\/v2\/comments?post=62946"}],"version-history":[{"count":0,"href":"https:\/\/www.infokuryr.cz\/n\/wp-json\/wp\/v2\/posts\/62946\/revisions"}],"wp:featuredmedia":[{"embeddable":true,"href":"https:\/\/www.infokuryr.cz\/n\/wp-json\/wp\/v2\/media\/61030"}],"wp:attachment":[{"href":"https:\/\/www.infokuryr.cz\/n\/wp-json\/wp\/v2\/media?parent=62946"}],"wp:term":[{"taxonomy":"category","embeddable":true,"href":"https:\/\/www.infokuryr.cz\/n\/wp-json\/wp\/v2\/categories?post=62946"},{"taxonomy":"post_tag","embeddable":true,"href":"https:\/\/www.infokuryr.cz\/n\/wp-json\/wp\/v2\/tags?post=62946"}],"curies":[{"name":"wp","href":"https:\/\/api.w.org\/{rel}","templated":true}]}}