{"id":62943,"date":"2024-09-27T00:32:10","date_gmt":"2024-09-26T22:32:10","guid":{"rendered":"https:\/\/www.infokuryr.cz\/n\/?p=62943"},"modified":"2024-09-26T14:36:54","modified_gmt":"2024-09-26T12:36:54","slug":"modlete-se-za-mir-protoze-silenci-zapadu-se-chystaji-uvrhnout-svet-do-scenare-hromadne-smrti-ktery-americany-zcela-zaskoci-2","status":"publish","type":"post","link":"https:\/\/www.infokuryr.cz\/n\/2024\/09\/27\/modlete-se-za-mir-protoze-silenci-zapadu-se-chystaji-uvrhnout-svet-do-scenare-hromadne-smrti-ktery-americany-zcela-zaskoci-2\/","title":{"rendered":"Modlete se za m\u00edr, proto\u017ee \u0161\u00edlenci Z\u00e1padu se chystaj\u00ed uvrhnout sv\u011bt do sc\u00e9n\u00e1\u0159e hromadn\u00e9 smrti, kter\u00fd Ameri\u010dany zcela zasko\u010d\u00ed"},"content":{"rendered":"<div id=\"fb-root\"><\/div>\n<div class=\"elementor-element elementor-element-1fb4c2c elementor-widget elementor-widget-theme-post-content\" data-id=\"1fb4c2c\" data-element_type=\"widget\" data-widget_type=\"theme-post-content.default\">\n<div class=\"elementor-widget-container\">\n<h4 class=\"wp-block-heading\"><span>Z\u00e1padn\u00ed m\u00e9dia o nejv\u011bt\u0161\u00edm p\u0159\u00edb\u011bhu stolet\u00ed ml\u010d\u00ed a Ameri\u010dan\u00e9 z\u016fst\u00e1vaj\u00ed zaujat\u00ed a rozpt\u00fdlen\u00ed drobnou politikou a p\u0159em\u00fd\u0161lej\u00ed, zda Hai\u0165an\u00e9 v Ohiu jed\u00ed ko\u010dky. Je jen ot\u00e1zkou \u010dasu \u2013 dn\u016f nebo mo\u017en\u00e1 hodin \u2013 ne\u017e ukrajinsk\u00e1 Bidenova administrativa povol\u00ed pou\u017eit\u00ed americk\u00fdch raket k bodnut\u00ed Ruska do srdce: Putin rozpt\u00fdlil v\u0161echny pochybnosti a prohl\u00e1sil, \u017ee takov\u00e1 akce se rovn\u00e1 faktick\u00e9mu vyhl\u00e1\u0161en\u00ed v\u00e1lky proti Rusku. 1100 let star\u00fd suver\u00e9nn\u00ed st\u00e1t Ruska s jadern\u00fdmi zbran\u011bmi. Odpov\u00ed na v\u011bc.<\/span><\/h4>\n<p><span>Zd\u00e1 se, \u017ee je jen ot\u00e1zkou \u010dasu, kdy Bidenova administrativa povol\u00ed Ukrajin\u011b pou\u017e\u00edt proti Rusku rakety dlouh\u00e9ho doletu ATACMS dodan\u00e9 USA.<\/span><\/p>\n<p><span>Tyto rakety vyslaly USA na Ukrajinu zhruba p\u0159ed rokem, ale s t\u00edm omezen\u00edm, \u017ee je nesm\u011bly odp\u00e1lit na rusk\u00e9 \u00fazem\u00ed. Britov\u00e9 vyslali sv\u00e9 st\u0159ely Storm Shadow s podobn\u00fdmi omezen\u00edmi. Nyn\u00ed se ale pravidla hry m\u011bn\u00ed a ze strany z\u00e1padn\u00edch m\u00e9di\u00ed nevid\u00edm \u017e\u00e1dnou nal\u00e9havost vysv\u011btlovat Ameri\u010dan\u016fm, Kana\u010fan\u016fm a Evropan\u016fm mo\u017en\u00e9 d\u016fsledky. Rad\u011bji informuj\u00ed o Hai\u0165anech, kte\u0159\u00ed jed\u00ed ko\u010dky, a nejnov\u011bj\u0161\u00edm politick\u00e9m voleji mezi Donaldem Trumpem a Kamalou Harrisovou.<\/span><\/p>\n<p><span>Vedouc\u00ed p\u0159edstavitel\u00e9 Spojen\u00e9ho kr\u00e1lovstv\u00ed a Kanady, mo\u017en\u00e1 nejbli\u017e\u0161\u00ed spojenci USA v NATO, d\u016frazn\u011b nal\u00e9haj\u00ed na Bidena, aby povolil dalek\u00e9 \u00fadery na rusk\u00e1 m\u011bsta a infrastrukturu, a to v\u0161e krom\u011b z\u00e1ruky zah\u00e1jen\u00ed t\u0159et\u00ed sv\u011btov\u00e9 v\u00e1lky. Re\u017eim rusk\u00e9ho prezidenta Vladimira Putina dal jasn\u011b najevo, \u017ee takov\u00e9 katastrof\u00e1ln\u00ed rozhodnut\u00ed odch\u00e1zej\u00edc\u00edho prezidenta Joea Bidena nebo kohokoli, kdo Joe Biden povede, nebude m\u00edt za n\u00e1sledek nic men\u0161\u00edho ne\u017e p\u0159\u00edmou odvetu proti USA a Spojen\u00e9mu kr\u00e1lovstv\u00ed.<\/span><\/p>\n<p><span>O v\u00edkendu se dal\u0161\u00ed vlivn\u00fd hlas vyslovil pro to, aby Ukrajina odp\u00e1lila rakety na rusk\u00e1 m\u011bsta.<\/span><\/p>\n<p><span>Breitbart uv\u00e1d\u00ed, \u017ee p\u0159edseda vojensk\u00e9ho v\u00fdboru NATO v sobotu \u0159ekl, \u017ee Ukrajina m\u00e1 \u0159\u00e1dn\u00e9 pr\u00e1vn\u00ed a vojensk\u00e9 pr\u00e1vo proniknout hluboko do Ruska, aby z\u00edskala bojovou v\u00fdhodu \u2013 co\u017e odr\u00e1\u017e\u00ed p\u0159esv\u011bd\u010den\u00ed \u0159ady spojenc\u016f USA \u2013 i kdy\u017e se Bidenova administrativa zdr\u00e1h\u00e1 povolit. Kyjev pou\u017e\u00edt zbran\u011b vyroben\u00e9 v USA.<\/span><\/p>\n<p><span>\u201eKa\u017ed\u00fd napaden\u00fd n\u00e1rod m\u00e1 pr\u00e1vo se br\u00e1nit,\u201c \u0159ekl admir\u00e1l Rob Bauer na z\u00e1v\u011br v\u00fdro\u010dn\u00edho zased\u00e1n\u00ed V\u00fdboru NATO. &#8222;A toto pr\u00e1vo nekon\u010d\u00ed na hranici vlastn\u00edho n\u00e1roda.&#8220;<\/span><\/p>\n<p><span>Zaj\u00edmalo by m\u011b, zda by v\u00e1\u017een\u00fd admir\u00e1l \u0159ekl tot\u00e9\u017e, kdyby Rusko vyslalo do Mexika rakety dlouh\u00e9ho doletu s instrukcemi a v\u00fdcvikem, jak je pou\u017e\u00edt proti americk\u00fdm m\u011bst\u016fm, a zda by pak Mexiko m\u011blo \u201epr\u00e1vo\u201c odp\u00e1lit tyto rusk\u00e9 rakety na sever.<\/span><\/p>\n<p><span>D\u016fsledky t\u011bchto prohl\u00e1\u0161en\u00ed jsou naprosto ohromuj\u00edc\u00ed, a p\u0159esto jsou u\u010din\u011bny s neopatrnost\u00ed skautsk\u00e9ho v\u016fdce, kter\u00fd se rozhoduje, jak nejl\u00e9pe nabrousit kapesn\u00ed n\u016f\u017e.<\/span><\/p>\n<p><span>Souhlas\u00edm s t\u00edm, \u017ee Ukrajina m\u00e1 pln\u00e9 pr\u00e1vo\u00a0<\/span><em><span>se br\u00e1nit<\/span><\/em><span>\u00a0. Ale zdrav\u00fd rozum vel\u00ed, \u017ee by jim m\u011blo b\u00fdt umo\u017en\u011bno je br\u00e1nit, ani\u017e by byly cel\u00e9 z\u00e1padn\u00ed populace, kter\u00e9 s touto v\u00e1lkou necht\u011bj\u00ed m\u00edt nic spole\u010dn\u00e9ho, \u200b\u200bvystaveny riziku jadern\u00e9ho zni\u010den\u00ed.<\/span><\/p>\n<p><span>Breitbart poznamen\u00e1v\u00e1, \u017ee admir\u00e1l Bauer z Nizozemska tak\u00e9 dodal, \u017ee n\u00e1rody maj\u00ed suver\u00e9nn\u00ed pr\u00e1vo omezit zbran\u011b, kter\u00e9 pos\u00edlaj\u00ed na Ukrajinu. Gener\u00e1lporu\u010d\u00edk Karel \u0158ehka, n\u00e1\u010deln\u00edk Gener\u00e1ln\u00edho \u0161t\u00e1bu A\u010cR, stoj\u00edc\u00ed vedle n\u011bj na tiskov\u00e9 konferenci, ale dal jasn\u011b najevo, \u017ee jeho zem\u011b takov\u00e1 omezen\u00ed zbran\u00ed Kyjevu neukl\u00e1d\u00e1.<\/span><\/p>\n<p><span>&#8222;V\u011b\u0159\u00edme, \u017ee Ukrajinci by se m\u011bli sami rozhodnout, jak tyto zbran\u011b pou\u017e\u00edt,&#8220; \u0159ekl Rehka.<\/span><\/p>\n<p><span>Promi\u0148te, pane Rehko, ale to je velmi zav\u00e1d\u011bj\u00edc\u00ed tvrzen\u00ed. Ne\u0159\u00edk\u00e1te sv\u00fdm lidem celou pravdu. Putin ji\u017e dal jasn\u011b najevo, \u017ee ukrajinsk\u00e9 pou\u017eit\u00ed zbran\u00ed NATO, c\u00edlen\u00fdch pomoc\u00ed satelitn\u00ed technologie zem\u00ed NATO a vycvi\u010den\u00fdch silami NATO, bude Rusko pova\u017eovat za vyhl\u00e1\u0161en\u00ed v\u00e1lky NATO Rusku.<\/span><\/p>\n<p><span>Idiotick\u00e9 koment\u00e1\u0159e t\u011bchto z\u00e1padn\u00edch loutkov\u00fdch politik\u016f (podle rozkaz\u016f jejich mezin\u00e1rodn\u00edch d\u00e1rc\u016f a politick\u00fdch podporovatel\u016f) p\u0159i\u0161ly ve chv\u00edli, kdy Biden zva\u017eoval, zda povolit Ukrajin\u011b pou\u017e\u00edvat zbran\u011b dlouh\u00e9ho doletu poskytnut\u00e9 USA k pronik\u00e1n\u00ed hluboko do Ruska.<\/span><\/p>\n<p><span>Z\u00e1padn\u00ed m\u00e9dia vyvol\u00e1vaj\u00ed dojem, \u017ee uvnit\u0159 NATO p\u0159etrv\u00e1vaj\u00ed hlubok\u00e9 rozpory ohledn\u011b toho, zda by se Ukrajina m\u011bla pustit z vod\u00edtka, pokud jde o pou\u017eit\u00ed raket dlouh\u00e9ho doletu dodan\u00fdch NATO. To nekupuji. Mysl\u00edm, \u017ee je to v\u0161echno jen akt. Americk\u00e1 vl\u00e1da se pravd\u011bpodobn\u011b ji\u017e rozhodla zru\u0161it omezen\u00ed na pou\u017e\u00edv\u00e1n\u00ed t\u011bchto raketov\u00fdch bateri\u00ed ze strany Ukrajiny, ale sna\u017e\u00ed se, aby to vypadalo, jako by tyto dal\u0161\u00ed z\u00e1padn\u00ed vl\u00e1dy byly p\u0159ed USA a usilovaly o souhlas USA.<\/span><\/p>\n<p><span>Biden se v p\u00e1tek setkal s levicov\u011b orientovan\u00fdm britsk\u00fdm premi\u00e9rem Keirem Starmerem. Ameri\u010dt\u00ed p\u0159edstavitel\u00e9 \u201ezn\u00e1m\u00ed diskuse\u201c uvedli, \u017ee se domn\u00edvaj\u00ed, \u017ee Starmer cht\u011bl z\u00edskat Biden\u016fv souhlas, aby umo\u017enil Ukrajin\u011b pou\u017e\u00edvat britsk\u00e9 rakety Storm Shadow pro roz\u0161\u00ed\u0159en\u00e9 \u00fadery proti Rusku.<\/span><\/p>\n<p><span>Kanadsk\u00fd premi\u00e9r Justin Trudeau se tak\u00e9 ve\u0159ejn\u011b vyslovil pro zah\u00e1jen\u00ed dlouhodob\u00fdch \u00fader\u016f proti Rusku.<\/span><\/p>\n<p><span>Zde Trudeau v podstat\u011b vyhla\u0161uje v\u00e1lku Rusku a obhajuje potenci\u00e1ln\u011b masivn\u00ed ztr\u00e1ty, proto\u017ee Rusko bude nevyhnuteln\u011b reagovat raketov\u00fdmi \u00fatoky dlouh\u00e9ho doletu na Ameriku a Kanadu.<\/span><\/p>\n<figure class=\"wp-block-embed is-type-rich is-provider-twitter wp-block-embed-twitter\">\n<div class=\"wp-block-embed__wrapper\">\n<div class=\"twitter-tweet twitter-tweet-rendered\"><iframe id=\"twitter-widget-0\" class=\"\" title=\"X Post\" src=\"https:\/\/platform.twitter.com\/embed\/Tweet.html?dnt=true&amp;embedId=twitter-widget-0&amp;features=eyJ0ZndfdGltZWxpbmVfbGlzdCI6eyJidWNrZXQiOltdLCJ2ZXJzaW9uIjpudWxsfSwidGZ3X2ZvbGxvd2VyX2NvdW50X3N1bnNldCI6eyJidWNrZXQiOnRydWUsInZlcnNpb24iOm51bGx9LCJ0ZndfdHdlZXRfZWRpdF9iYWNrZW5kIjp7ImJ1Y2tldCI6Im9uIiwidmVyc2lvbiI6bnVsbH0sInRmd19yZWZzcmNfc2Vzc2lvbiI6eyJidWNrZXQiOiJvbiIsInZlcnNpb24iOm51bGx9LCJ0ZndfZm9zbnJfc29mdF9pbnRlcnZlbnRpb25zX2VuYWJsZWQiOnsiYnVja2V0Ijoib24iLCJ2ZXJzaW9uIjpudWxsfSwidGZ3X21peGVkX21lZGlhXzE1ODk3Ijp7ImJ1Y2tldCI6InRyZWF0bWVudCIsInZlcnNpb24iOm51bGx9LCJ0ZndfZXhwZXJpbWVudHNfY29va2llX2V4cGlyYXRpb24iOnsiYnVja2V0IjoxMjA5NjAwLCJ2ZXJzaW9uIjpudWxsfSwidGZ3X3Nob3dfYmlyZHdhdGNoX3Bpdm90c19lbmFibGVkIjp7ImJ1Y2tldCI6Im9uIiwidmVyc2lvbiI6bnVsbH0sInRmd19kdXBsaWNhdGVfc2NyaWJlc190b19zZXR0aW5ncyI6eyJidWNrZXQiOiJvbiIsInZlcnNpb24iOm51bGx9LCJ0ZndfdXNlX3Byb2ZpbGVfaW1hZ2Vfc2hhcGVfZW5hYmxlZCI6eyJidWNrZXQiOiJvbiIsInZlcnNpb24iOm51bGx9LCJ0ZndfdmlkZW9faGxzX2R5bmFtaWNfbWFuaWZlc3RzXzE1MDgyIjp7ImJ1Y2tldCI6InRydWVfYml0cmF0ZSIsInZlcnNpb24iOm51bGx9LCJ0ZndfbGVnYWN5X3RpbWVsaW5lX3N1bnNldCI6eyJidWNrZXQiOnRydWUsInZlcnNpb24iOm51bGx9LCJ0ZndfdHdlZXRfZWRpdF9mcm9udGVuZCI6eyJidWNrZXQiOiJvbiIsInZlcnNpb24iOm51bGx9fQ%3D%3D&amp;frame=false&amp;hideCard=false&amp;hideThread=false&amp;id=1834649015541010542&amp;lang=cs&amp;origin=https%3A%2F%2Funcutnews.ch%2Fbeten-sie-fuer-den-frieden-denn-die-verrueckten-des-westens-sind-dabei-die-welt-in-ein-massentod-szenario-zu-stuerzen-das-die-amerikaner-voellig-ueberraschen-wird%2F&amp;sessionId=6838ede253bae59597607633432aa3391ddf6fcf&amp;theme=light&amp;widgetsVersion=2615f7e52b7e0%3A1702314776716&amp;width=550px\" frameborder=\"0\" scrolling=\"no\" allowfullscreen=\"allowfullscreen\" data-tweet-id=\"1834649015541010542\" data-mce-fragment=\"1\"><\/iframe><\/div>\n<\/div>\n<\/figure>\n<p><span>A p\u0159esto, kdy\u017e se pod\u00edv\u00e1te na hlavn\u00ed zpr\u00e1vy na str\u00e1nk\u00e1ch hlavn\u00edch korpor\u00e1tn\u00edch m\u00e9di\u00ed, neuvid\u00edte t\u00e9m\u011b\u0159 \u017e\u00e1dn\u00e9 nebo \u017e\u00e1dn\u00e9 pokryt\u00ed tohoto veled\u016fle\u017eit\u00e9ho rozhodnut\u00ed, na kter\u00e9m z\u00e1vis\u00ed potenci\u00e1ln\u00ed budoucnost z\u00e1padn\u00ed civilizace.<\/span><\/p>\n<p><span>Nikdo na Z\u00e1pad\u011b nem\u016f\u017ee \u0159\u00edct, \u017ee jsme nebyli varov\u00e1ni.<\/span><\/p>\n<p><span>Zde Putin vysv\u011btl\u00ed, co je v s\u00e1zce ji\u017e v \u00fanoru 2024.<\/span><\/p>\n<figure class=\"wp-block-embed is-type-rich is-provider-twitter wp-block-embed-twitter\">\n<div class=\"wp-block-embed__wrapper\">\n<div class=\"twitter-tweet twitter-tweet-rendered\"><iframe id=\"twitter-widget-1\" class=\"\" title=\"X Post\" src=\"https:\/\/platform.twitter.com\/embed\/Tweet.html?dnt=true&amp;embedId=twitter-widget-1&amp;features=eyJ0ZndfdGltZWxpbmVfbGlzdCI6eyJidWNrZXQiOltdLCJ2ZXJzaW9uIjpudWxsfSwidGZ3X2ZvbGxvd2VyX2NvdW50X3N1bnNldCI6eyJidWNrZXQiOnRydWUsInZlcnNpb24iOm51bGx9LCJ0ZndfdHdlZXRfZWRpdF9iYWNrZW5kIjp7ImJ1Y2tldCI6Im9uIiwidmVyc2lvbiI6bnVsbH0sInRmd19yZWZzcmNfc2Vzc2lvbiI6eyJidWNrZXQiOiJvbiIsInZlcnNpb24iOm51bGx9LCJ0ZndfZm9zbnJfc29mdF9pbnRlcnZlbnRpb25zX2VuYWJsZWQiOnsiYnVja2V0Ijoib24iLCJ2ZXJzaW9uIjpudWxsfSwidGZ3X21peGVkX21lZGlhXzE1ODk3Ijp7ImJ1Y2tldCI6InRyZWF0bWVudCIsInZlcnNpb24iOm51bGx9LCJ0ZndfZXhwZXJpbWVudHNfY29va2llX2V4cGlyYXRpb24iOnsiYnVja2V0IjoxMjA5NjAwLCJ2ZXJzaW9uIjpudWxsfSwidGZ3X3Nob3dfYmlyZHdhdGNoX3Bpdm90c19lbmFibGVkIjp7ImJ1Y2tldCI6Im9uIiwidmVyc2lvbiI6bnVsbH0sInRmd19kdXBsaWNhdGVfc2NyaWJlc190b19zZXR0aW5ncyI6eyJidWNrZXQiOiJvbiIsInZlcnNpb24iOm51bGx9LCJ0ZndfdXNlX3Byb2ZpbGVfaW1hZ2Vfc2hhcGVfZW5hYmxlZCI6eyJidWNrZXQiOiJvbiIsInZlcnNpb24iOm51bGx9LCJ0ZndfdmlkZW9faGxzX2R5bmFtaWNfbWFuaWZlc3RzXzE1MDgyIjp7ImJ1Y2tldCI6InRydWVfYml0cmF0ZSIsInZlcnNpb24iOm51bGx9LCJ0ZndfbGVnYWN5X3RpbWVsaW5lX3N1bnNldCI6eyJidWNrZXQiOnRydWUsInZlcnNpb24iOm51bGx9LCJ0ZndfdHdlZXRfZWRpdF9mcm9udGVuZCI6eyJidWNrZXQiOiJvbiIsInZlcnNpb24iOm51bGx9fQ%3D%3D&amp;frame=false&amp;hideCard=false&amp;hideThread=false&amp;id=1762034095037559103&amp;lang=cs&amp;origin=https%3A%2F%2Funcutnews.ch%2Fbeten-sie-fuer-den-frieden-denn-die-verrueckten-des-westens-sind-dabei-die-welt-in-ein-massentod-szenario-zu-stuerzen-das-die-amerikaner-voellig-ueberraschen-wird%2F&amp;sessionId=6838ede253bae59597607633432aa3391ddf6fcf&amp;theme=light&amp;widgetsVersion=2615f7e52b7e0%3A1702314776716&amp;width=550px\" frameborder=\"0\" scrolling=\"no\" allowfullscreen=\"allowfullscreen\" data-tweet-id=\"1762034095037559103\" data-mce-fragment=\"1\"><\/iframe><\/div>\n<\/div>\n<\/figure>\n<p><span>A od tohoto prohl\u00e1\u0161en\u00ed se objevilo mnohem v\u00edce varov\u00e1n\u00ed od Putina a jeho r\u016fzn\u00fdch mluv\u010d\u00edch, naposledy o tom, \u017ee pokud USA a Brit\u00e1nie daj\u00ed zelenou odpalov\u00e1n\u00ed raket z Ukrajiny, budou vta\u017eeny p\u0159\u00edmo do v\u00e1lky. To znamen\u00e1, \u017ee u\u017e nejde o z\u00e1stupnou v\u00e1lku mezi Z\u00e1padem a Ruskem, ale o p\u0159\u00edmou v\u00e1lku mezi NATO a Ruskem. Nemusel vysv\u011btlovat, co to znamen\u00e1, ale ud\u011blal to a \u0159ekl, \u017ee USA se ji\u017e nemohou \u201eschov\u00e1vat\u201c p\u0159ed skute\u010dnost\u00ed, \u017ee jsou ve v\u00e1lce s jeho zem\u00ed.<\/span><\/p>\n<figure class=\"wp-block-embed is-type-rich is-provider-twitter wp-block-embed-twitter\">\n<div class=\"wp-block-embed__wrapper\">\n<div class=\"twitter-tweet twitter-tweet-rendered\"><iframe id=\"twitter-widget-2\" class=\"\" title=\"X Post\" src=\"https:\/\/platform.twitter.com\/embed\/Tweet.html?dnt=true&amp;embedId=twitter-widget-2&amp;features=eyJ0ZndfdGltZWxpbmVfbGlzdCI6eyJidWNrZXQiOltdLCJ2ZXJzaW9uIjpudWxsfSwidGZ3X2ZvbGxvd2VyX2NvdW50X3N1bnNldCI6eyJidWNrZXQiOnRydWUsInZlcnNpb24iOm51bGx9LCJ0ZndfdHdlZXRfZWRpdF9iYWNrZW5kIjp7ImJ1Y2tldCI6Im9uIiwidmVyc2lvbiI6bnVsbH0sInRmd19yZWZzcmNfc2Vzc2lvbiI6eyJidWNrZXQiOiJvbiIsInZlcnNpb24iOm51bGx9LCJ0ZndfZm9zbnJfc29mdF9pbnRlcnZlbnRpb25zX2VuYWJsZWQiOnsiYnVja2V0Ijoib24iLCJ2ZXJzaW9uIjpudWxsfSwidGZ3X21peGVkX21lZGlhXzE1ODk3Ijp7ImJ1Y2tldCI6InRyZWF0bWVudCIsInZlcnNpb24iOm51bGx9LCJ0ZndfZXhwZXJpbWVudHNfY29va2llX2V4cGlyYXRpb24iOnsiYnVja2V0IjoxMjA5NjAwLCJ2ZXJzaW9uIjpudWxsfSwidGZ3X3Nob3dfYmlyZHdhdGNoX3Bpdm90c19lbmFibGVkIjp7ImJ1Y2tldCI6Im9uIiwidmVyc2lvbiI6bnVsbH0sInRmd19kdXBsaWNhdGVfc2NyaWJlc190b19zZXR0aW5ncyI6eyJidWNrZXQiOiJvbiIsInZlcnNpb24iOm51bGx9LCJ0ZndfdXNlX3Byb2ZpbGVfaW1hZ2Vfc2hhcGVfZW5hYmxlZCI6eyJidWNrZXQiOiJvbiIsInZlcnNpb24iOm51bGx9LCJ0ZndfdmlkZW9faGxzX2R5bmFtaWNfbWFuaWZlc3RzXzE1MDgyIjp7ImJ1Y2tldCI6InRydWVfYml0cmF0ZSIsInZlcnNpb24iOm51bGx9LCJ0ZndfbGVnYWN5X3RpbWVsaW5lX3N1bnNldCI6eyJidWNrZXQiOnRydWUsInZlcnNpb24iOm51bGx9LCJ0ZndfdHdlZXRfZWRpdF9mcm9udGVuZCI6eyJidWNrZXQiOiJvbiIsInZlcnNpb24iOm51bGx9fQ%3D%3D&amp;frame=false&amp;hideCard=false&amp;hideThread=false&amp;id=1834282641153294772&amp;lang=cs&amp;origin=https%3A%2F%2Funcutnews.ch%2Fbeten-sie-fuer-den-frieden-denn-die-verrueckten-des-westens-sind-dabei-die-welt-in-ein-massentod-szenario-zu-stuerzen-das-die-amerikaner-voellig-ueberraschen-wird%2F&amp;sessionId=6838ede253bae59597607633432aa3391ddf6fcf&amp;theme=light&amp;widgetsVersion=2615f7e52b7e0%3A1702314776716&amp;width=550px\" frameborder=\"0\" scrolling=\"no\" allowfullscreen=\"allowfullscreen\" data-tweet-id=\"1834282641153294772\" data-mce-fragment=\"1\"><\/iframe><\/div>\n<\/div>\n<\/figure>\n<p><span>P\u0159esto z\u00e1padn\u00ed \u0161\u00edlenci pokra\u010duj\u00ed v prosazov\u00e1n\u00ed sv\u00e9 \u0161\u00edlen\u00e9 politiky, kter\u00e1 vede k v\u00e1lce s Ruskem.<\/span><\/p>\n<p><span>Modlete se za m\u00edr, kdy\u017e se p\u0159ipravujete na v\u00e1lku. Pokud tyto informace je\u0161t\u011b nezn\u00e1te, zajist\u011bte sv\u00e9 rodin\u011b z\u00e1sobu j\u00eddla a vody v hodnot\u011b alespo\u0148 \u0161esti t\u00fddn\u016f. Pokud jste to ji\u017e ud\u011blali, z\u00edskejte z\u00e1sobu na t\u0159i nebo \u0161est m\u011bs\u00edc\u016f (\u00a0<\/span><em><span>a ne, nechci v\u00e1m prod\u00e1vat trvanliv\u00e9 potraviny nebo jin\u00e9 produkty, proto\u017ee takov\u00e9 produkty neprod\u00e1v\u00e1m a nem\u00e1m \u017e\u00e1dn\u00e9 vztahy s jin\u00fdmi prodejci, aby mi dali pod\u00edl z jejich prodeje, m\u00e1m jen pocit, \u017ee dlouh\u00e9 obdob\u00ed m\u00edru, kter\u00e9 jsme si na Z\u00e1pad\u011b u\u017e\u00edvali,\u00a0<\/span><\/em><em><span>se ch\u00fdl\u00ed ke konci<\/span><\/em><span>\u00a0).<\/span><\/p>\n<p><em>Autor: Leo Hohmann<\/em><\/p>\n<\/div>\n<\/div>\n<div class=\"elementor-element elementor-element-8c57238 quelle dc-has-condition dc-condition-empty elementor-widget elementor-widget-heading\" data-id=\"8c57238\" data-element_type=\"widget\" data-widget_type=\"heading.default\">\n<div class=\"elementor-widget-container\">\n<h3 class=\"elementor-heading-title elementor-size-default\"><span style=\"font-size: 10pt;\"><a href=\"https:\/\/leohohmann.com\/2024\/09\/15\/pray-for-peace-as-the-madmen-of-the-west-are-about-to-plunge-the-world-into-a-mass-death-scenario-that-will-catch-americans-completely-by-surprise\/#more-19357\" target=\"_blank\" rel=\"nofollow noopener\">Zdroj<\/a><\/span><\/h3>\n<p>&nbsp;<\/p>\n<\/div>\n<\/div>\n","protected":false},"excerpt":{"rendered":"<p>Z\u00e1padn\u00ed m\u00e9dia o nejv\u011bt\u0161\u00edm p\u0159\u00edb\u011bhu stolet\u00ed ml\u010d\u00ed a Ameri\u010dan\u00e9 z\u016fst\u00e1vaj\u00ed zaujat\u00ed a rozpt\u00fdlen\u00ed drobnou politikou&#8230;<\/p>\n","protected":false},"author":2,"featured_media":46924,"comment_status":"closed","ping_status":"closed","sticky":false,"template":"","format":"standard","meta":[],"categories":[7],"tags":[1503,716,22,40,365],"_links":{"self":[{"href":"https:\/\/www.infokuryr.cz\/n\/wp-json\/wp\/v2\/posts\/62943"}],"collection":[{"href":"https:\/\/www.infokuryr.cz\/n\/wp-json\/wp\/v2\/posts"}],"about":[{"href":"https:\/\/www.infokuryr.cz\/n\/wp-json\/wp\/v2\/types\/post"}],"author":[{"embeddable":true,"href":"https:\/\/www.infokuryr.cz\/n\/wp-json\/wp\/v2\/users\/2"}],"replies":[{"embeddable":true,"href":"https:\/\/www.infokuryr.cz\/n\/wp-json\/wp\/v2\/comments?post=62943"}],"version-history":[{"count":0,"href":"https:\/\/www.infokuryr.cz\/n\/wp-json\/wp\/v2\/posts\/62943\/revisions"}],"wp:featuredmedia":[{"embeddable":true,"href":"https:\/\/www.infokuryr.cz\/n\/wp-json\/wp\/v2\/media\/46924"}],"wp:attachment":[{"href":"https:\/\/www.infokuryr.cz\/n\/wp-json\/wp\/v2\/media?parent=62943"}],"wp:term":[{"taxonomy":"category","embeddable":true,"href":"https:\/\/www.infokuryr.cz\/n\/wp-json\/wp\/v2\/categories?post=62943"},{"taxonomy":"post_tag","embeddable":true,"href":"https:\/\/www.infokuryr.cz\/n\/wp-json\/wp\/v2\/tags?post=62943"}],"curies":[{"name":"wp","href":"https:\/\/api.w.org\/{rel}","templated":true}]}}