{"id":62940,"date":"2024-09-27T00:31:04","date_gmt":"2024-09-26T22:31:04","guid":{"rendered":"https:\/\/www.infokuryr.cz\/n\/?p=62940"},"modified":"2024-09-26T14:32:05","modified_gmt":"2024-09-26T12:32:05","slug":"ruska-jaderna-doktrina-posledni-putinovo-varovani-zapadu","status":"publish","type":"post","link":"https:\/\/www.infokuryr.cz\/n\/2024\/09\/27\/ruska-jaderna-doktrina-posledni-putinovo-varovani-zapadu\/","title":{"rendered":"Rusk\u00e1 jadern\u00e1 doktr\u00edna: Posledn\u00ed Putinovo varov\u00e1n\u00ed Z\u00e1padu?"},"content":{"rendered":"<div id=\"fb-root\"><\/div>\n<p><span style=\"font-size: 14pt;\"><strong>V Rusku byla ve st\u0159edu ozn\u00e1mena zm\u011bna rusk\u00e9 jadern\u00e9 doktr\u00edny. To, co Putin vysv\u011btlil, bylo jasn\u00e9 varov\u00e1n\u00ed Z\u00e1padu, aby d\u00e1le neeskaloval a neprovokoval v\u011bci na Ukrajin\u011b a proti Rusku a B\u011blorusku obecn\u011b.<\/strong><\/span><\/p>\n<p>D\u0159\u00edve rusk\u00e1 jadern\u00e1 doktr\u00edna stanovila, \u017ee Rusko pou\u017eije jadern\u00e9 zbran\u011b pouze v p\u0159\u00edpad\u011b, \u017ee bude ohro\u017eena jeho existence jako st\u00e1tu, pokud bude samo jadern\u00fdmi zbran\u011bmi napadeno nebo pokud budou ohro\u017eeny jeho schopnosti jadern\u00e9ho odstra\u0161en\u00ed. Rusko si dosud odp\u00edralo pr\u00e1vo prov\u00e9st jadern\u00fd preventivn\u00ed \u00fader,<strong> jak si to dovolily USA ve sv\u00e9 jadern\u00e9 doktr\u00edn\u011b.<\/strong><\/p>\n<p>Neust\u00e1l\u00e1 eskalace Z\u00e1padu na Ukrajin\u011b, kde byla vojensk\u00e1 podpora kdysi omezena na ochrann\u00e9 vesty a l\u00e9ka\u0159sk\u00e9 vybaven\u00ed, ale nyn\u00ed zahrnuje t\u011b\u017ek\u00e9 bojov\u00e9 tanky, st\u00edha\u010dky a \u0159\u00edzen\u00e9 st\u0159ely, zes\u00edlila vol\u00e1n\u00ed v Rusku, aby kone\u010dn\u011b postavilo Z\u00e1pad na sv\u00e9 m\u00edsto. To plat\u00ed zejm\u00e9na proto, \u017ee Z\u00e1pad otev\u0159en\u011b diskutuje o povolen\u00ed Ukrajiny za\u00fato\u010dit hluboko v rusk\u00e9m vnitrozem\u00ed zbran\u011bmi dodan\u00fdmi ze Z\u00e1padu.<\/p>\n<p>Podrobn\u011b jsem referoval o diskuzi, kterou zah\u00e1jil rusk\u00fd expert profesor Karaganov, aby nejen kone\u010dn\u011b ozn\u00e1mil \u010derven\u00e9 \u010d\u00e1ry Z\u00e1padu, ale tak\u00e9 reagoval na to, \u017ee je varovn\u011b p\u0159ekra\u010duje Rusko \u00fato\u010d\u00edc\u00ed na vojensk\u00e9 c\u00edle v NATO, p\u0159\u00edpadn\u011b i s nimi Jadern\u00e9 zbran\u011b, aby bylo Z\u00e1padu jasn\u00e9, \u017ee Rusko neblafuje. Podrobnosti jeho argumentace si m\u016f\u017eete p\u0159e\u010d\u00edst v\u00a0<a href=\"https:\/\/anti-spiegel.ru\/2024\/in-russland-wird-die-forderung-nach-einem-atomschlag-auf-nato-laender-lauter\/\">tomto rozhovoru<\/a>\u00a0, kter\u00fd jsem p\u0159elo\u017eil.<\/p>\n<p>Diskuse na Z\u00e1pad\u011b o umo\u017en\u011bn\u00ed Ukrajiny za\u00fato\u010dit hluboko v rusk\u00e9m vnitrozem\u00ed zbran\u011bmi dod\u00e1van\u00fdmi ze Z\u00e1padu jsou v Rusku\u00a0<a href=\"https:\/\/anti-spiegel.ru\/2024\/die-gefahr-eines-grossen-krieges-beherrscht-die-russischen-nachrichten\/\">st\u00e1l\u00fdm t\u00e9matem m\u00e9di\u00ed<\/a>\u00a0a i tam se otev\u0159en\u011b diskutuje o tom, \u017ee jadern\u00fd odstra\u0161uj\u00edc\u00ed prost\u0159edek, kter\u00fd zabr\u00e1nil studen\u00e9 v\u00e1lce, se stal horkou v\u00e1lkou. bude fungovat pouze tehdy, pokud Z\u00e1pad pochop\u00ed, \u017ee Rusko je tak\u00e9 p\u0159ipraveno pou\u017e\u00edt sv\u00e9 jadern\u00e9 zbran\u011b.<\/p>\n<p>Lid\u00e9 na Z\u00e1pad\u011b o tom z\u0159ejm\u011b pochybuj\u00ed, jak ukazuj\u00ed pokra\u010duj\u00edc\u00ed kroky Z\u00e1padu v eskalaci. V sou\u010dasn\u00e9 dob\u011b je zn\u00e1mo, \u017ee\u00a0<a href=\"https:\/\/anti-spiegel.ru\/2024\/was-selensky-den-usa-vorschlagen-will\/\">Zelenskyj nechce jednat s Ruskem<\/a>\u00a0, ale po\u017eaduje dal\u0161\u00ed zbran\u011b a \u00fatoky na Rusko ze strany USA a Z\u00e1padu. Skute\u010dnost, \u017ee na Z\u00e1pad\u011b nejsou \u017e\u00e1dn\u00e9 hlasy, kter\u00e9 by to cht\u011bly zastavit, potvrzuje, \u017ee Z\u00e1pad ztratil strach z jadern\u00fdch zbran\u00ed.<\/p>\n<p>Nyn\u00ed rusk\u00e1 vl\u00e1da zareagovala a Kreml ve st\u0159edu zve\u0159ejnil prohl\u00e1\u0161en\u00ed rusk\u00e9ho prezidenta Putina ke zm\u011bn\u00e1m rusk\u00e9 jadern\u00e9 doktr\u00edny, kter\u00e9 Putin u\u010dinil na zased\u00e1n\u00ed rusk\u00e9 bezpe\u010dnostn\u00ed rady. Rusko z\u0159ejm\u011b v\u00fdrazn\u011b sn\u00ed\u017eilo sv\u00e9 limity pro pou\u017eit\u00ed jadern\u00fdch zbran\u00ed.<\/p>\n<p>P\u0159elo\u017eil jsem cel\u00e9 Putinovo\u00a0<a href=\"http:\/\/kremlin.ru\/events\/president\/news\/75182\">prohl\u00e1\u0161en\u00ed<\/a>\u00a0a p\u0159idal vysv\u011btlen\u00ed, abych v\u00e1m pomohl pochopit, co bylo \u0159e\u010deno.<\/p>\n<p><span style=\"font-size: 18pt;\"><strong>Vysv\u011btlen\u00ed za\u010dalo dlouh\u00fdm \u00favodem:<\/strong><\/span><\/p>\n<p><em>\u201eDobr\u00e9 odpoledne, mil\u00ed kolegov\u00e9!<br \/>\nDnes po\u0159\u00e1d\u00e1me dvakr\u00e1t ro\u010dn\u011b pl\u00e1novan\u00e9 setk\u00e1n\u00ed o jadern\u00e9m odstra\u0161ov\u00e1n\u00ed. A na dne\u0161n\u00edm programu je ot\u00e1zka souvisej\u00edc\u00ed s aktualizac\u00ed z\u00e1klad\u016f st\u00e1tn\u00ed politiky v oblasti jadern\u00e9ho odstra\u0161ov\u00e1n\u00ed.<br \/>\nSpolu s vojenskou doktr\u00ednou je to dokument, kter\u00fd ofici\u00e1ln\u011b definuje a podrobn\u011b popisuje ruskou jadernou strategii. P\u0159edn\u011b stanov\u00ed z\u00e1kladn\u00ed princip pou\u017eit\u00ed jadern\u00fdch zbran\u00ed, a to, \u017ee pou\u017eit\u00ed jadern\u00fdch zbran\u00ed je extr\u00e9mn\u00edm opat\u0159en\u00edm k ochran\u011b suverenity zem\u011b.<br \/>\nZd\u016fraz\u0148uji, \u017ee k podobn\u00fdm ot\u00e1zk\u00e1m jsme v\u017edy p\u0159istupovali velmi zodpov\u011bdn\u011b. V\u011bdomi si obrovsk\u00e9 s\u00edly t\u011bchto zbran\u00ed, sna\u017eili jsme se pos\u00edlit mezin\u00e1rodn\u00ed pr\u00e1vn\u00ed z\u00e1klad pro glob\u00e1ln\u00ed stabilitu a zabr\u00e1nit \u0161\u00ed\u0159en\u00ed jadern\u00fdch zbran\u00ed a jejich sou\u010d\u00e1st\u00ed.<br \/>\nJadern\u00e1 tri\u00e1da dnes z\u016fst\u00e1v\u00e1 hlavn\u00ed z\u00e1rukou bezpe\u010dnosti na\u0161eho st\u00e1tu a na\u0161ich ob\u010dan\u016f a n\u00e1strojem pro udr\u017een\u00ed strategick\u00e9 parity a rovnov\u00e1hy sil ve sv\u011bt\u011b.<br \/>\nZ\u00e1rove\u0148 podot\u00fdk\u00e1me, \u017ee sou\u010dasn\u00e1 vojensk\u00e1 a politick\u00e1 situace se dynamicky m\u011bn\u00ed a s t\u00edm mus\u00edme po\u010d\u00edtat. To zahrnuje vznik nov\u00fdch zdroj\u016f vojensk\u00fdch hrozeb a rizik pro Rusko a na\u0161e spojence.<br \/>\nD\u016fle\u017eit\u00e9 je p\u0159edv\u00eddat v\u00fdvoj situace a p\u0159izp\u016fsobovat ustanoven\u00ed dokumentu strategick\u00e9ho pl\u00e1nov\u00e1n\u00ed aktu\u00e1ln\u00edm okolnostem.<br \/>\nZa posledn\u00ed rok provedli specialist\u00e9 z ministerstva obrany, ministerstva zahrani\u010d\u00ed, apar\u00e1tu Rady bezpe\u010dnosti a dal\u0161\u00edch agentur hloubkovou, komplexn\u00ed anal\u00fdzu a zhodnotili pot\u0159ebu upravit na\u0161e p\u0159\u00edstupy k mo\u017en\u00e9mu pou\u017eit\u00ed jadern\u00fdch zbran\u00ed. Na z\u00e1klad\u011b v\u00fdsledk\u016f t\u00e9to pr\u00e1ce byla navr\u017eena \u0159ada up\u0159esn\u011bn\u00ed ohledn\u011b definice podm\u00ednek pro pou\u017eit\u00ed jadern\u00fdch zbran\u00ed.<br \/>\nN\u00e1vrh roz\u0161i\u0159uje kategorii st\u00e1t\u016f a vojensk\u00fdch alianc\u00ed, kter\u00e9 podl\u00e9haj\u00ed jadern\u00e9mu odstra\u0161ov\u00e1n\u00ed, a tak\u00e9 seznam vojensk\u00fdch hrozeb, kter\u00e9 maj\u00ed neutralizovat opat\u0159en\u00ed k jadern\u00e9mu odstra\u0161ov\u00e1n\u00ed.<\/em><\/p>\n<p><span style=\"font-size: 18pt;\"><strong>To je \u00favod, pak to za\u010dalo b\u00fdt zaj\u00edmav\u00e9:<\/strong><\/span><\/p>\n<p><em>\u201eR\u00e1d bych te\u010f upozornil na n\u011bco jin\u00e9ho. Aktualizovan\u00e1 verze dokumentu navrhuje, aby agrese proti Rusku ze strany st\u00e1tu, kter\u00fd nevlastn\u00ed jadern\u00e9 zbran\u011b, ale s \u00fa\u010dast\u00ed nebo podporou st\u00e1tu s jadern\u00fdmi zbran\u011bmi, by m\u011bla b\u00fdt pova\u017eov\u00e1na za spole\u010dn\u00fd \u00fatok na Ruskou federaci.<\/em><\/p>\n<p>Putin \u0159\u00edk\u00e1, \u017ee pokud nap\u0159\u00edklad Ukrajina (<em>st\u00e1t bez jadern\u00fdch zbran\u00ed<\/em>) za\u00fato\u010d\u00ed na c\u00edle hluboko v rusk\u00e9m vnitrozem\u00ed sv\u00fdmi vlastn\u00edmi drony, jak se to p\u00e1rkr\u00e1t stalo od minul\u00e9ho t\u00fddne, a bude podporov\u00e1na USA (<em>vlastn\u00edc\u00ed nukle\u00e1rn\u00ed zbran\u011b<\/em>), nap\u0159\u00edklad Ukrajin\u011b poskytuje <a href=\"https:\/\/anti-spiegel.ru\/2024\/wie-wird-in-russland-ueber-die-explosionen-in-der-russischen-kleinstadt-toropez-berichtet\/\">pozemn\u00ed mapy pro navigaci GPS<\/a> , Rusko to bude pova\u0159ovat za spole\u010dn\u00fd \u00fatok na Rusko. A to se v\u0161emi vojensk\u00fdmi a jadern\u00fdmi d\u016fsledky.<\/p>\n<p><span style=\"font-size: 18pt;\"><strong>Putin se pak stal je\u0161t\u011b konkr\u00e9tn\u011bj\u0161\u00edm:<\/strong><\/span><\/p>\n<p><em>\u201ePodm\u00ednky pro p\u0159echod Ruska k pou\u017eit\u00ed jadern\u00fdch zbran\u00ed jsou tak\u00e9 jasn\u011b stanoveny. Tuto mo\u017enost zv\u00e1\u017e\u00edme, a\u017e obdr\u017e\u00edme spolehliv\u00e9 informace o masivn\u00edm startu leteck\u00fdch prost\u0159edk\u016f a jejich p\u0159ekro\u010den\u00ed na\u0161\u00ed st\u00e1tn\u00ed hranice. Mluv\u00edm o strategick\u00fdch a taktick\u00fdch letadlech, \u0159\u00edzen\u00fdch st\u0159el\u00e1ch, dronech, hypersonick\u00fdch a dal\u0161\u00edch letadlech.&#8220;<\/em><\/p>\n<p>Minul\u00fd t\u00fdden do\u0161lo k \u00fatok\u016fm z Ukrajiny, p\u0159i nich\u017e bylo na Rusko vyst\u0159eleno v\u00edce ne\u017e sto dron\u016f najednou. M\u011blo by to b\u00fdt p\u0159edev\u0161\u00edm n\u00e1znak NATO, proto\u017ee\u00a0<a href=\"https:\/\/de.rt.com\/europa\/220348-skandinavien-und-baltischen-staaten-bereiten-zweite-front-vor\/\">v Pobalt\u00ed a ve skandin\u00e1vsk\u00fdch st\u00e1tech<\/a>\u00a0se\u00a0<a href=\"https:\/\/de.rt.com\/europa\/219754-estnischer-general-bereiten-raketenangriffe-auf\/\">otev\u0159en\u011b hovo\u0159\u00ed o preventivn\u00edch \u00fatoc\u00edch<\/a>\u00a0na vojensk\u00e9 c\u00edle v Rusku. V takov\u00e9m p\u0159\u00edpad\u011b by Rusko mo\u017en\u00e1 odpov\u011bd\u011blo jadern\u00fdmi zbran\u011bmi, zvl\u00e1\u0161t\u011b kdy\u017e p\u0159i takov\u00e9m \u00fatoku Rusko ani nev\u00ed, zda n\u011bkter\u00e9 z p\u0159il\u00e9taj\u00edc\u00edch raket jsou jadern\u00e9.<\/p>\n<p><span style=\"font-size: 18pt;\"><strong>Putin d\u00e1le \u0159ekl:<\/strong><\/span><\/p>\n<p><em>\u201eVyhrazujeme si pr\u00e1vo pou\u017e\u00edt jadern\u00e9 zbran\u011b v p\u0159\u00edpad\u011b agrese proti Rusku a B\u011blorusku jako \u010dlensk\u00e9mu st\u00e1tu Unie. V\u0161echny tyto ot\u00e1zky byly dohodnuty s b\u011bloruskou stranou a prezidentem B\u011bloruska. To plat\u00ed i v p\u0159\u00edpad\u011b, \u017ee nep\u0159\u00edtel s konven\u010dn\u00edmi zbran\u011bmi p\u0159edstavuje kritickou hrozbu pro na\u0161i suverenitu.<\/em><\/p>\n<p>Vzhledem k tomu, \u017ee NATO masivn\u011b zbroj\u00ed v Polsku na b\u011blorusk\u00fdch hranic\u00edch, byl tento bod d\u016fle\u017eit\u00fd, aby NATO nebylo toho n\u00e1zoru, \u017ee by se Rusko mohlo vyh\u00fdbat ochran\u011b B\u011bloruska.<\/p>\n<p><span style=\"font-size: 18pt;\"><strong>Nakonec Putin \u0159ekl:<\/strong><\/span><\/p>\n<p><em>\u201eNa z\u00e1v\u011br bych r\u00e1d upozornil, \u017ee v\u0161echna up\u0159esn\u011bn\u00ed jsou velmi p\u0159esn\u011b kalibrov\u00e1na a odpov\u00eddaj\u00ed aktu\u00e1ln\u00edm vojensk\u00fdm hrozb\u00e1m a rizik\u016fm souvisej\u00edc\u00edm s Ruskou federac\u00ed.<\/em><\/p>\n<p>Dimtri Medved\u011bv, z\u00e1stupce \u0161\u00e9fa rusk\u00e9 bezpe\u010dnostn\u00ed rady, komentoval rozhodnut\u00ed je\u0161t\u011b jasn\u011bji na Telegramu. P\u0159elo\u017eil jsem jeho\u00a0<a href=\"https:\/\/t.me\/medvedev_telegram\/531\">p\u0159\u00edsp\u011bvek<\/a>\u00a0(zv\u00fdrazn\u011bn\u00ed jako v origin\u00e1le).<\/p>\n<p><em><strong>Za\u010d\u00e1tek p\u0159ekladu:<\/strong><\/em><\/p>\n<p><span style=\"font-size: 18pt;\"><strong>Nejo\u010dek\u00e1van\u011bj\u0161\u00ed ud\u00e1lost<\/strong><\/span><\/p>\n<p>Rusk\u00fd prezident nast\u00ednil p\u0159\u00edstupy k p\u0159eps\u00e1n\u00ed z\u00e1klad\u016f st\u00e1tn\u00ed politiky v oblasti jadern\u00e9ho odstra\u0161ov\u00e1n\u00ed. Nejd\u016fle\u017eit\u011bj\u0161\u00ed zm\u011bny jsou n\u00e1sleduj\u00edc\u00ed:<\/p>\n<p><span style=\"font-size: 18pt;\"><strong>1<\/strong> <\/span>Agrese proti Rusku ze strany st\u00e1tu, kter\u00fd nevlastn\u00ed jadern\u00e9 zbran\u011b, ale s podporou nebo \u00fa\u010dast\u00ed zem\u011b vyzbrojen\u00e9 jadern\u00fdmi zbran\u011bmi, se pova\u017euje za spole\u010dn\u00fd \u00fatok.\u00a0<em>Ka\u017ed\u00e9mu je jasn\u00e9, o kter\u00fdch zem\u00edch je \u0159e\u010d.<\/em><\/p>\n<p><span style=\"font-size: 18pt;\"><strong>2<\/strong> <\/span>Bude z\u0159\u00edzena ekvivalentn\u00ed jadern\u00e1 obrana pro B\u011blorusko, na\u0161eho nejbli\u017e\u0161\u00edho spojence.\u00a0<em>K \u201eradosti\u201c Polska a \u010detn\u00fdch pygmej\u016f NATO.<\/em><\/p>\n<p><span style=\"font-size: 18pt;\"><strong>3<\/strong> <\/span>Masivn\u00ed odpalov\u00e1n\u00ed a p\u0159ekra\u010dov\u00e1n\u00ed na\u0161ich hranic nep\u0159\u00e1telsk\u00fdmi leteck\u00fdmi prost\u0159edky, v\u010detn\u011b letadel, raket a dron\u016f, se za ur\u010dit\u00fdch podm\u00ednek m\u016f\u017ee st\u00e1t d\u016fvodem pro pou\u017eit\u00ed jadern\u00fdch zbran\u00ed.\u00a0<em>D\u016fvod myslet nejen na zh\u00fdral\u00fd neonacistick\u00fd re\u017eim, ale na v\u0161echny nep\u0159\u00e1tele Ruska, kte\u0159\u00ed \u017eenou sv\u011bt do jadern\u00e9 katastrofy.<\/em><\/p>\n<p>Je jasn\u00e9, \u017ee jak\u00e1koli situace, kter\u00e1 vede k jadern\u00e9 obran\u011b, mus\u00ed b\u00fdt posouzena ve spojen\u00ed s dal\u0161\u00edmi faktory a \u017ee o pou\u017eit\u00ed jadern\u00fdch zbran\u00ed rozhoduje vrchn\u00ed velitel. Jen\u017ee pr\u00e1v\u011b zm\u011bna normativn\u00edch podm\u00ednek pro pou\u017e\u00edv\u00e1n\u00ed jadern\u00fdch komponent na\u0161\u00ed zem\u00ed m\u016f\u017ee zchladit el\u00e1n odp\u016frc\u016f, kte\u0159\u00ed je\u0161t\u011b neztratili pud sebez\u00e1chovy. A pro bl\u00e1zny z\u016fst\u00e1v\u00e1 pouze \u0159\u00edmsk\u00e1 z\u00e1sada:\u00a0<strong>caelo tonantem credidimus Jovem Regnare&#8230;<\/strong><\/p>\n<p><em><strong>Konec p\u0159ekladu<\/strong><\/em><\/p>\n<p><a href=\"https:\/\/anti-spiegel.ru\/2024\/putins-letzte-warnung-an-den-westen\/\">Thomas R\u00f6per<\/a><\/p>\n<p><img decoding=\"async\" loading=\"lazy\" class=\"alignnone wp-image-22016\" src=\"http:\/\/www.infokuryr.cz\/n\/wp-content\/uploads\/2023\/01\/Thomas-Roper-298x300.jpg\" alt=\"\" width=\"167\" height=\"168\" srcset=\"https:\/\/www.infokuryr.cz\/n\/wp-content\/uploads\/2023\/01\/Thomas-Roper-298x300.jpg 298w, https:\/\/www.infokuryr.cz\/n\/wp-content\/uploads\/2023\/01\/Thomas-Roper-150x150.jpg 150w, https:\/\/www.infokuryr.cz\/n\/wp-content\/uploads\/2023\/01\/Thomas-Roper.jpg 596w\" sizes=\"(max-width: 167px) 100vw, 167px\" \/><\/p>\n<p>&nbsp;<\/p>\n","protected":false},"excerpt":{"rendered":"<p>V Rusku byla ve st\u0159edu ozn\u00e1mena zm\u011bna rusk\u00e9 jadern\u00e9 doktr\u00edny. To, co Putin vysv\u011btlil, bylo&#8230;<\/p>\n","protected":false},"author":2,"featured_media":62941,"comment_status":"closed","ping_status":"closed","sticky":false,"template":"","format":"standard","meta":[],"categories":[7],"tags":[1042,7424,1503,102],"_links":{"self":[{"href":"https:\/\/www.infokuryr.cz\/n\/wp-json\/wp\/v2\/posts\/62940"}],"collection":[{"href":"https:\/\/www.infokuryr.cz\/n\/wp-json\/wp\/v2\/posts"}],"about":[{"href":"https:\/\/www.infokuryr.cz\/n\/wp-json\/wp\/v2\/types\/post"}],"author":[{"embeddable":true,"href":"https:\/\/www.infokuryr.cz\/n\/wp-json\/wp\/v2\/users\/2"}],"replies":[{"embeddable":true,"href":"https:\/\/www.infokuryr.cz\/n\/wp-json\/wp\/v2\/comments?post=62940"}],"version-history":[{"count":1,"href":"https:\/\/www.infokuryr.cz\/n\/wp-json\/wp\/v2\/posts\/62940\/revisions"}],"predecessor-version":[{"id":62942,"href":"https:\/\/www.infokuryr.cz\/n\/wp-json\/wp\/v2\/posts\/62940\/revisions\/62942"}],"wp:featuredmedia":[{"embeddable":true,"href":"https:\/\/www.infokuryr.cz\/n\/wp-json\/wp\/v2\/media\/62941"}],"wp:attachment":[{"href":"https:\/\/www.infokuryr.cz\/n\/wp-json\/wp\/v2\/media?parent=62940"}],"wp:term":[{"taxonomy":"category","embeddable":true,"href":"https:\/\/www.infokuryr.cz\/n\/wp-json\/wp\/v2\/categories?post=62940"},{"taxonomy":"post_tag","embeddable":true,"href":"https:\/\/www.infokuryr.cz\/n\/wp-json\/wp\/v2\/tags?post=62940"}],"curies":[{"name":"wp","href":"https:\/\/api.w.org\/{rel}","templated":true}]}}