{"id":62929,"date":"2024-09-26T05:50:39","date_gmt":"2024-09-26T03:50:39","guid":{"rendered":"https:\/\/www.infokuryr.cz\/n\/?p=62929"},"modified":"2024-09-26T05:50:39","modified_gmt":"2024-09-26T03:50:39","slug":"libanon-varuje-zapad-asii-a-evropu-pred-soudnim-dnem-pokud-izrael-rozsiri-valku","status":"publish","type":"post","link":"https:\/\/www.infokuryr.cz\/n\/2024\/09\/26\/libanon-varuje-zapad-asii-a-evropu-pred-soudnim-dnem-pokud-izrael-rozsiri-valku\/","title":{"rendered":"Libanon varuje Z\u00e1pad, Asii a Evropu p\u0159ed \u201esoudn\u00edm dnem\u201c, pokud Izrael roz\u0161\u00ed\u0159\u00ed v\u00e1lku"},"content":{"rendered":"<div id=\"fb-root\"><\/div>\n<p><strong>\u00a0Opona se stahuje. Libanon pr\u00e1v\u011b varoval Z\u00e1pad ohledn\u011b jeho podpory pokra\u010duj\u00edc\u00edm \u00fatokem Izraele na Bl\u00edzk\u00e9m v\u00fdchod\u011b.<\/strong><\/p>\n<p><span>Rami Mortada, libanonsk\u00fd velvyslanec ve Velk\u00e9 Brit\u00e1nii, \u0159ekl pro britsk\u00fd den\u00edk\u00a0<\/span><em><span>The Times<\/span><\/em><span> v rozhovoru ze dne 20. z\u00e1\u0159\u00ed 2024, \u017ee libanonsk\u00e1 arm\u00e1da vycvi\u010den\u00e1 ve Velk\u00e9 Brit\u00e1nii nebude jen ne\u010dinn\u011b st\u00e1t a p\u0159ihl\u00ed\u017eet, jak Izrael zahajuje pozemn\u00ed invazi nebo \u201et\u011b\u017ek\u00e9 leteck\u00e9 \u00fatoky\u201c Libanon.<\/span><\/p>\n<p><span>Pokud bude Izrael pokra\u010dovat v \u00fatoku na Libanon t\u00edmto zp\u016fsobem, Libanon odpov\u00ed sc\u00e9n\u00e1\u0159em \u201esoudn\u00edho dne\u201c, kter\u00fd zas\u00e1hne nejen Z\u00e1pad, ale tak\u00e9 Asii a Evropu, kter\u00e9 podporuj\u00ed z\u00e1padn\u00ed osu moci proti oponent\u016fm Izraele na Bl\u00edzk\u00e9m v\u00fdchod\u011b.<\/span><\/p>\n<p><span>Izrael tvrd\u00ed, \u017ee se sna\u017e\u00ed vytvo\u0159it n\u00e1razn\u00edkovou z\u00f3nu v ji\u017en\u00edm Libanonu, kter\u00e1 hrani\u010d\u00ed se severn\u00edm Izraelem, aby udr\u017eel Hizball\u00e1h d\u00e1le za \u0159ekou Litani.<\/span><\/p>\n<p><span>Od 8. \u0159\u00edjna 2023, den po \u00fatoku Ham\u00e1su, spustil Hizball\u00e1h sporadick\u00e9 ost\u0159elov\u00e1n\u00ed m\u011bst pobl\u00ed\u017e severn\u00ed hranice Izraele raketami a bezpilotn\u00edmi letadly, \u010d\u00edm\u017e p\u0159inutili Izraelce v severn\u00edch osad\u00e1ch evakuovat sv\u00e9 domovy.<\/span><\/p>\n<p><span>Dokud Izrael nep\u0159estane zab\u00edjet obyvatele Gazy, Hizball\u00e1h tvrd\u00ed, \u017ee bude pokra\u010dovat v \u00fatoc\u00edch na severn\u00ed Izrael, i kdy\u017e to zp\u016fsob\u00ed, \u017ee oblast budou muset evakuovat i libanon\u0161t\u00ed civilist\u00e9.<\/span><\/p>\n<p><span>(Souvisej\u00edc\u00ed: N\u011bmeck\u00fd medi\u00e1ln\u00ed gigant Bild\u00a0<\/span><a href=\"https:\/\/www.naturalnews.com\/2024-07-08-israel-invade-lebanon-before-august.html\" target=\"_blank\" rel=\"noopener\"><span>p\u0159edpov\u011bd\u011bl<\/span><\/a><span>\u00a0, \u017ee Izrael napadne Libanon p\u0159ed za\u010d\u00e1tkem srpna \u2013 vyv\u00edj\u00ed se situace tak, jak bylo p\u0159edpov\u011bzeno?)<\/span><\/p>\n<h2><span>Jemen, Ir\u00e1k, S\u00fdrie a \u00cdr\u00e1n se zapoj\u00ed do boje proti Izraeli<\/span><\/h2>\n<p><span>Libanonsk\u00fd velvyslanec Mortada u\u010dinil tato prohl\u00e1\u0161en\u00ed kr\u00e1tce pot\u00e9, co Izrael provedl \u00fatok exploduj\u00edc\u00edmi pagery, po kter\u00e9m n\u00e1sledoval \u00fatok exploduj\u00edc\u00edch vys\u00edla\u010dek. Tyto dva \u00fatoky zabily 37 lid\u00ed a zranily v\u00edce ne\u017e 3000 dal\u0161\u00edch.<\/span><\/p>\n<p><span>Region Bl\u00edzk\u00e9ho v\u00fdchodu, \u0159ekl Mortada pro The Times, je nyn\u00ed na \u201enebezpe\u010dn\u00e9 cest\u011b\u201c, proto\u017ee \u00cdr\u00e1n a dal\u0161\u00ed \u010dlenov\u00e9 \u201eOsy odporu\u201c, v\u010detn\u011b Jemenu, Ir\u00e1ku a S\u00fdrie, jsou na pokraji vstupu do konfliktu.<\/span><\/p>\n<p><em><span>\u201e\u010cel\u00edme v\u00e1\u017en\u00fdm rizik\u016fm tot\u00e1ln\u00edho region\u00e1ln\u00edho konfliktu a pr\u00e1v\u011b tomu jsme se ne\u00fanavn\u011b sna\u017eili vyhnout,\u201c<\/span><\/em><span>\u00a0uvedl Mortada.<\/span><\/p>\n<p><span>Podle Mortady se Hizball\u00e1h v posledn\u00edch letech stal \u201eimpozantn\u00ed bojovou silou\u201c. Izrael by se m\u011bl pou\u010dit ze sv\u00fdch mnoha minul\u00fdch \u201eponi\u017euj\u00edc\u00edch\u201c por\u00e1\u017eek, v\u010detn\u011b jeho vysok\u00fdch ztr\u00e1t b\u011bhem v\u00e1lky s Hizball\u00e1hem v roce 2006.<\/span><\/p>\n<p><em><span>&#8222;Doufejme, \u017ee a\u017e tam se nedostaneme, proto\u017ee tohle je sc\u00e9n\u00e1\u0159 soudn\u00e9ho dne pro v\u0161echny,&#8220;<\/span><\/em><span> dodal Mortada.<\/span><\/p>\n<p><em><span>\u201ePro Libanon to ur\u010dit\u011b bude soudn\u00fd den, ale Libanon v t\u00e9to v\u00e1lce nebude jedin\u00fd, kdo utrp\u00ed \u0161kody. To n\u00e1s nau\u010dila ned\u00e1vn\u00e1 historie. Tak\u017ee ve\u0161ker\u00e9 \u00fasil\u00ed by se m\u011blo zam\u011b\u0159it na to, abychom se takov\u00e9mu v\u00fdsledku vyhnuli.\u201c<\/span><\/em><\/p>\n<p><span>V\u016fdce Hizball\u00e1hu Hassan Nasrall\u00e1h ve video projevu ke sv\u00fdm podporovatel\u016fm \u0159ekl, \u017ee posledn\u00ed \u00fatoky Izraele s exploduj\u00edc\u00edmi pagery a vys\u00edla\u010dkami \u201eby se daly nazvat vyhl\u00e1\u0161en\u00edm v\u00e1lky\u201c.<\/span><\/p>\n<p><em><span>&#8222;Ano, byli jsme vystaveni obrovsk\u00e9mu a siln\u00e9mu \u00faderu<\/span><\/em><span>\u00a0,&#8220; \u0159ekl Nasrall\u00e1h.\u00a0<\/span><em><span>\u201eNep\u0159\u00edtel p\u0159ekro\u010dil v\u0161echny hranice a \u010derven\u00e9 \u010d\u00e1ry.\u201c<\/span><\/em><\/p>\n<p><span>Nasrall\u00e1h dodal, \u017ee se bl\u00ed\u017e\u00ed \u201ez\u00fa\u010dtov\u00e1n\u00ed\u201c, p\u0159esto\u017ee neprozradil, jak a kdy k n\u011bmu dojde.<\/span><\/p>\n<p><em><span>&#8222;Nebudu mluvit o m\u00edst\u011b, \u010dase, poloze, detailech,&#8220; \u0159ekl. \u201eDozv\u00edte se, kdy\u017e se to stane. Odplata se uskute\u010dn\u00ed. Existuje mnoho nebezpe\u010dn\u00fdch aspekt\u016f pro Bl\u00edzk\u00fd v\u00fdchod, kter\u00e9 by se mohly dostat a\u017e do Evropy a d\u00e1le.\u201c<\/span><\/em><\/p>\n<h2><span>Reakce lid\u00ed na situaci na Bl\u00edzk\u00e9m v\u00fdchod\u011b<\/span><\/h2>\n<p><span>V koment\u00e1\u0159\u00edch n\u011bkdo vyj\u00e1d\u0159il pobou\u0159en\u00ed nad t\u00edm, \u017ee nestabilita je charakteristick\u00fdm znakem Bl\u00edzk\u00e9ho v\u00fdchodu ji\u017e mnoho let, a p\u0159esto \u201ez t\u011bchto oblast\u00ed byla umo\u017en\u011bna nekontrolovan\u00e1\u00a0<\/span><a href=\"https:\/\/www.badatel.net\/madarsky-premier-orban-odhalil-sorosov-plan-nahradit-povodnych-europanov-nelegalnymi-migrantmi\/\"><span>migrace<\/span><\/a><span>\u00a0do Evropy\u201c.<\/span><\/p>\n<p><em><span>\u201eZ\u00e1pad to mohl zastavit u\u017e p\u0159ed lety, ale te\u010f u\u017e je pozd\u011b. U\u017e se nav\u017edy zm\u011bnila demografie v Evrop\u011b,\u201c<\/span><\/em><span>\u00a0dodal tento \u010dlov\u011bk.<\/span><\/p>\n<p><em><span>&#8222;Z\u00e1pad bude zata\u017een do jak\u00e9hokoli konfliktu na Bl\u00edzk\u00e9m v\u00fdchod\u011b, kter\u00fd bude v mnohem v\u011bt\u0161\u00edm rozsahu, ne\u017e jsme vid\u011bli p\u0159edt\u00edm,&#8220;<\/span><\/em><span>\u00a0napsal dal\u0161\u00ed.<\/span><\/p>\n<p><em><span>\u201eRusko pak bude m\u00edt \u0161anci \u00fapln\u011b si vz\u00edt Ukrajinu. \u010c\u00edna dostane l\u00edstek na Tchaj-wan, nemluv\u011b o frakc\u00edch sympatizuj\u00edc\u00edch s Hizball\u00e1hem, kter\u00e9 nepochybn\u011b existuj\u00ed ve Velk\u00e9 Brit\u00e1nii a Evrop\u011b. M\u00e1me velk\u00fd probl\u00e9m.\u201c<\/span><\/em><\/p>\n<p><span>Nejnov\u011bj\u0161\u00ed zpr\u00e1vy o d\u011bn\u00ed na Bl\u00edzk\u00e9m v\u00fdchod\u011b naleznete na str\u00e1nce\u00a0<\/span><a href=\"http:\/\/chaos.news\/\" target=\"_blank\" rel=\"noopener\"><span>Chaos.news<\/span><\/a><span> .<\/span><\/p>\n<p><span>Autor: Ethan Huff, Zdroj:\u00a0<\/span><a href=\"https:\/\/www.naturalnews.com\/2024-09-24-lebanon-warns-doomsday-west-israel-expands-war.html\" target=\"_blank\" rel=\"noopener\"><span>naturalnews.com<\/span><\/a><span>\u00a0<\/span><\/p>\n<p>&nbsp;<\/p>\n","protected":false},"excerpt":{"rendered":"<p>\u00a0Opona se stahuje. Libanon pr\u00e1v\u011b varoval Z\u00e1pad ohledn\u011b jeho podpory pokra\u010duj\u00edc\u00edm \u00fatokem Izraele na Bl\u00edzk\u00e9m&#8230;<\/p>\n","protected":false},"author":2,"featured_media":62930,"comment_status":"closed","ping_status":"closed","sticky":false,"template":"","format":"standard","meta":[],"categories":[7],"tags":[107,405,1170,40],"_links":{"self":[{"href":"https:\/\/www.infokuryr.cz\/n\/wp-json\/wp\/v2\/posts\/62929"}],"collection":[{"href":"https:\/\/www.infokuryr.cz\/n\/wp-json\/wp\/v2\/posts"}],"about":[{"href":"https:\/\/www.infokuryr.cz\/n\/wp-json\/wp\/v2\/types\/post"}],"author":[{"embeddable":true,"href":"https:\/\/www.infokuryr.cz\/n\/wp-json\/wp\/v2\/users\/2"}],"replies":[{"embeddable":true,"href":"https:\/\/www.infokuryr.cz\/n\/wp-json\/wp\/v2\/comments?post=62929"}],"version-history":[{"count":0,"href":"https:\/\/www.infokuryr.cz\/n\/wp-json\/wp\/v2\/posts\/62929\/revisions"}],"wp:featuredmedia":[{"embeddable":true,"href":"https:\/\/www.infokuryr.cz\/n\/wp-json\/wp\/v2\/media\/62930"}],"wp:attachment":[{"href":"https:\/\/www.infokuryr.cz\/n\/wp-json\/wp\/v2\/media?parent=62929"}],"wp:term":[{"taxonomy":"category","embeddable":true,"href":"https:\/\/www.infokuryr.cz\/n\/wp-json\/wp\/v2\/categories?post=62929"},{"taxonomy":"post_tag","embeddable":true,"href":"https:\/\/www.infokuryr.cz\/n\/wp-json\/wp\/v2\/tags?post=62929"}],"curies":[{"name":"wp","href":"https:\/\/api.w.org\/{rel}","templated":true}]}}