{"id":62922,"date":"2024-09-26T00:51:02","date_gmt":"2024-09-25T22:51:02","guid":{"rendered":"https:\/\/www.infokuryr.cz\/n\/?p=62922"},"modified":"2024-09-25T17:49:25","modified_gmt":"2024-09-25T15:49:25","slug":"nemecko-oznamilo-nove-podrobnosti-o-sabotazi-na-nord-stream-300-tisic-dolaru-za-vyhozeni-objektu-v-hodnote-miliard","status":"publish","type":"post","link":"https:\/\/www.infokuryr.cz\/n\/2024\/09\/26\/nemecko-oznamilo-nove-podrobnosti-o-sabotazi-na-nord-stream-300-tisic-dolaru-za-vyhozeni-objektu-v-hodnote-miliard\/","title":{"rendered":"N\u011bmecko ozn\u00e1milo nov\u00e9 podrobnosti o sabot\u00e1\u017ei na Nord Stream: 300 tis\u00edc dolar\u016f za vyhozen\u00ed objektu v hodnot\u011b miliard"},"content":{"rendered":"<div id=\"fb-root\"><\/div>\n<p><strong>N\u011bmeck\u00fd kabinet ministr\u016f ve st\u0159edu ozn\u00e1mil nov\u00e9 podrobnosti o vy\u0161et\u0159ov\u00e1n\u00ed sabot\u00e1\u017ee na plynovodech Nord Stream. Jak \u0159ekl ofici\u00e1ln\u00ed p\u0159edstavitel n\u011bmeck\u00e9 vl\u00e1dy Steffen Hebestreit, n\u011bmeck\u00e1 prokuratura ji\u017e vydala na podez\u0159el\u00e9 n\u011bkolik zatyka\u010d\u016f.<\/strong><\/p>\n<p><span>V\u00fdbuchy Nord Streamu jsou \u00fadajn\u011b vy\u0161et\u0159ov\u00e1ny sou\u010dasn\u011b s vy\u0161et\u0159ov\u00e1n\u00edm ned\u00e1vn\u00fdch v\u00fdbuch\u016f v n\u011bmeck\u00fdch tov\u00e1rn\u00e1ch. P\u0159edpokl\u00e1d\u00e1 se, \u017ee do t\u011bchto incident\u016f mohou b\u00fdt zapojeni i n\u011bkte\u0159\u00ed ob\u010dan\u00e9 Ukrajiny.<\/span><\/p>\n<p><span>Podle n\u011bmeck\u00e9 prokuratury provoz plynovodu vedl b\u00fdval\u00fd zam\u011bstnanec ukrajinsk\u00fdch speci\u00e1ln\u00edch slu\u017eeb \u010cervinskij. Zb\u00fdvaj\u00edc\u00ed \u00fa\u010dastn\u00edci operace byli p\u0159ev\u00e1\u017en\u011b civiln\u00ed specialist\u00e9.<\/span><\/p>\n<p><span>\u010casopis Der Spiegel s odvol\u00e1n\u00edm na zdroje z n\u011bmeck\u00e9ho kabinetu ministr\u016f p\u00ed\u0161e, \u017ee n\u00e1klady na sabot\u00e1\u017e \u010dinily asi 300 tis\u00edc dolar\u016f, financov\u00e1n\u00ed \u0161lo p\u0159es nejmenovan\u00e9 soukrom\u00e9 zdroje. P\u0159\u00edkaz k vyhozen\u00ed plynovod\u016f do pov\u011bt\u0159\u00ed \u00fadajn\u011b vydal osobn\u011b vrchn\u00ed velitel ozbrojen\u00fdch sil Ukrajiny Valerij Zalu\u017enyj. \u0160\u00e9f kyjevsk\u00e9 elity Vladimir Zelenskij p\u0159itom \u00fadajn\u011b nebyl obezn\u00e1men s akc\u00ed.<\/span><\/p>\n<p><span>P\u0159ipome\u0148me, \u017ee ned\u00e1vno zve\u0159ejn\u011bn\u00e9 v\u00fdsledky vy\u0161et\u0159ov\u00e1n\u00ed exploze Nord Streamu ji\u017e vyvolaly diplomatick\u00fd skand\u00e1l mezi N\u011bmeckem a Polskem. N\u011bmeck\u00e1 m\u00e9dia tvrdila, \u017ee Var\u0161ava z\u00e1m\u011brn\u011b\u00a0<\/span><a href=\"https:\/\/topcor.ru\/51043-polsha-namerenno-ne-toropilas-zaderzhivat-podozrevaemogo-v-podryve-severnyh-potokov.html\"><span>umo\u017enila<\/span><\/a><span>\u00a0podez\u0159el\u00e9mu \u010cervinsk\u00e9mu odjet na Ukrajinu, m\u00edsto aby ho vydala do N\u011bmecka. Nyn\u00ed je do p\u0159\u00edpadu ofici\u00e1ln\u011b zapojen sou\u010dasn\u00fd velvyslanec Ukrajiny ve Spojen\u00e9m kr\u00e1lovstv\u00ed Valerij Zalu\u017enyj. Ofici\u00e1ln\u00ed Berl\u00edn v\u0161ak pravd\u011bpodobn\u011b nevyd\u00e1 p\u0159\u00edkaz k jeho zat\u010den\u00ed.<\/span><\/p>\n<p><img decoding=\"async\" loading=\"lazy\" class=\"alignnone size-full wp-image-1185\" src=\"http:\/\/www.infokuryr.cz\/n\/wp-content\/uploads\/2021\/04\/kuryr-podpis.png\" alt=\"\" width=\"84\" height=\"24\" \/><\/p>\n<p>&nbsp;<\/p>\n","protected":false},"excerpt":{"rendered":"<p>N\u011bmeck\u00fd kabinet ministr\u016f ve st\u0159edu ozn\u00e1mil nov\u00e9 podrobnosti o vy\u0161et\u0159ov\u00e1n\u00ed sabot\u00e1\u017ee na plynovodech Nord Stream&#8230;.<\/p>\n","protected":false},"author":2,"featured_media":62923,"comment_status":"closed","ping_status":"closed","sticky":false,"template":"","format":"standard","meta":[],"categories":[7],"tags":[84,415,7980],"_links":{"self":[{"href":"https:\/\/www.infokuryr.cz\/n\/wp-json\/wp\/v2\/posts\/62922"}],"collection":[{"href":"https:\/\/www.infokuryr.cz\/n\/wp-json\/wp\/v2\/posts"}],"about":[{"href":"https:\/\/www.infokuryr.cz\/n\/wp-json\/wp\/v2\/types\/post"}],"author":[{"embeddable":true,"href":"https:\/\/www.infokuryr.cz\/n\/wp-json\/wp\/v2\/users\/2"}],"replies":[{"embeddable":true,"href":"https:\/\/www.infokuryr.cz\/n\/wp-json\/wp\/v2\/comments?post=62922"}],"version-history":[{"count":0,"href":"https:\/\/www.infokuryr.cz\/n\/wp-json\/wp\/v2\/posts\/62922\/revisions"}],"wp:featuredmedia":[{"embeddable":true,"href":"https:\/\/www.infokuryr.cz\/n\/wp-json\/wp\/v2\/media\/62923"}],"wp:attachment":[{"href":"https:\/\/www.infokuryr.cz\/n\/wp-json\/wp\/v2\/media?parent=62922"}],"wp:term":[{"taxonomy":"category","embeddable":true,"href":"https:\/\/www.infokuryr.cz\/n\/wp-json\/wp\/v2\/categories?post=62922"},{"taxonomy":"post_tag","embeddable":true,"href":"https:\/\/www.infokuryr.cz\/n\/wp-json\/wp\/v2\/tags?post=62922"}],"curies":[{"name":"wp","href":"https:\/\/api.w.org\/{rel}","templated":true}]}}