{"id":62914,"date":"2024-09-26T00:47:23","date_gmt":"2024-09-25T22:47:23","guid":{"rendered":"https:\/\/www.infokuryr.cz\/n\/?p=62914"},"modified":"2024-09-25T17:33:18","modified_gmt":"2024-09-25T15:33:18","slug":"vedeni-nemecke-koalicni-strany-rezignovalo","status":"publish","type":"post","link":"https:\/\/www.infokuryr.cz\/n\/2024\/09\/26\/vedeni-nemecke-koalicni-strany-rezignovalo\/","title":{"rendered":"Veden\u00ed n\u011bmeck\u00e9 koali\u010dn\u00ed strany rezignovalo"},"content":{"rendered":"<div id=\"fb-root\"><\/div>\n<p><span style=\"font-size: 18pt;\"><strong>Zelen\u00ed po por\u00e1\u017ece v m\u00edstn\u00edch volb\u00e1ch hromadn\u011b ode\u0161li, co\u017e vyvolalo \u201enejv\u011bt\u0161\u00ed krizi za desetilet\u00ed\u201c uvnit\u0159 vl\u00e1dn\u00ed frakce<\/strong><\/span><\/p>\n<p><span>Veden\u00ed n\u011bmeck\u00e9 Strany zelen\u00fdch ozn\u00e1milo svou rezignaci pot\u00e9, co za\u010d\u00e1tkem tohoto m\u011bs\u00edce utrp\u011blo zdrcuj\u00edc\u00ed por\u00e1\u017eku v m\u00edstn\u00edch volb\u00e1ch ve v\u00fdchodn\u00edch spolkov\u00fdch zem\u00edch Sasko, Durynsko a Braniborsko.<\/span><\/p>\n<p><span>Ricarda Lang, jeden ze dvou l\u00eddr\u016f Zelen\u00fdch, ve st\u0159edu ozn\u00e1mil, \u017ee\u00a0<\/span><em><span>\u201ek vyveden\u00ed strany z t\u00e9to krize jsou pot\u0159eba nov\u00e9 tv\u00e1\u0159e\u201c.<\/span><\/em><span>\u00a0Jej\u00ed spolup\u0159edseda Omid Nouripour souhlasil a \u0159ekl:\u00a0<\/span><em><span>\u201eDo\u0161li jsme k z\u00e1v\u011bru, \u017ee pot\u0159ebujeme nov\u00fd za\u010d\u00e1tek.<\/span><\/em><\/p>\n<p><em><span>&#8222;V\u00fdsledky ned\u011bln\u00edch voleb v Braniborsku jsou d\u016fkazem nejhlub\u0161\u00ed krize na\u0161\u00ed strany za posledn\u00edch deset let,&#8220;<\/span><\/em><span>\u00a0dodal Nouripour.<\/span><\/p>\n<p><em><span>\u201eC\u00edlem nyn\u00ed nen\u00ed dr\u017eet se \u017eidle, c\u00edlem je nyn\u00ed p\u0159evz\u00edt odpov\u011bdnost a p\u0159eb\u00edr\u00e1me odpov\u011bdnost t\u00edm, \u017ee umo\u017en\u00edme nov\u00fd za\u010d\u00e1tek,\u201c<\/span><\/em><span>\u00a0\u0159ekl Lang s t\u00edm, \u017ee sou\u010dasn\u00e1 v\u00fdkonn\u00e1 rada strany z\u016fstane na sv\u00e9m m\u00edst\u011b a\u017e do listopadu, kdy hlasov\u00e1n\u00ed se kon\u00e1 na sjezdu strany.<\/span><\/p>\n<p><span>V kl\u00ed\u010dov\u00fdch ned\u011bln\u00edch volb\u00e1ch ve spolkov\u00e9 zemi Braniborsko z\u00edskali Zelen\u00ed pouh\u00e1 4 % hlas\u016f a nesplnili p\u011btiprocentn\u00ed hranici pro zisk parlamentn\u00edch k\u0159esel. V\u00fdsledek znamenal t\u00e9m\u011b\u0159 sedmibodov\u00fd pokles od posledn\u00edch voleb ve st\u00e1t\u011b, kter\u00e9 se konaly p\u0159ed p\u011bti lety. Za\u010d\u00e1tkem tohoto roku strana tak\u00e9 utrp\u011bla drastick\u00e9 ztr\u00e1ty ve volb\u00e1ch do Evropsk\u00e9ho parlamentu a v z\u00e1\u0159\u00ed nedok\u00e1zala zajistit \u017e\u00e1dn\u00e1 m\u00edsta v zemsk\u00e9m parlamentu Durynska. V Sasku se frakci sotva poda\u0159ilo vr\u00e1tit do zemsk\u00e9ho z\u00e1konod\u00e1rn\u00e9ho sboru s pouh\u00fdmi 5,1 % hlas\u016f.<\/span><\/p>\n<p><span>V celost\u00e1tn\u00edch pr\u016fzkumech ve\u0159ejn\u00e9ho m\u00edn\u011bn\u00ed klesla podpora Zelen\u00fdch na 10 % na celost\u00e1tn\u00ed \u00farovni \u2013 p\u011bt bod\u016f pod jejich v\u00fdsledky v posledn\u00edch feder\u00e1ln\u00edch volb\u00e1ch v roce 2021. Zd\u00e1 se, \u017ee voli\u010di se distancovali od hlavn\u00edho poselstv\u00ed hnut\u00ed, kter\u00fdm je boj proti zm\u011bn\u011b klimatu, a m\u00edsto toho se zam\u011b\u0159ili v ot\u00e1zk\u00e1ch, jako je imigrace a bezpe\u010dnost, podle pr\u016fzkum\u016f.<\/span><\/p>\n<p><span>N\u011bmeck\u00fd kancl\u00e9\u0159 Olaf Scholz, jeho\u017e Soci\u00e1ln\u011b demokratick\u00e1 strana (SDP) je sou\u010d\u00e1st\u00ed takzvan\u00e9 \u201ekoalice na semaforech\u201c, kter\u00e1 zahrnuje Zelen\u00e9, uvedl, \u017ee person\u00e1ln\u00ed zm\u011bna v \u010dele Strany zelen\u00fdch by nem\u011bla m\u00edt \u017e\u00e1dn\u00fd dopad. o pr\u00e1ci koali\u010dn\u00ed vl\u00e1dy.<\/span><\/p>\n<p><img decoding=\"async\" loading=\"lazy\" class=\"alignnone size-full wp-image-1185\" src=\"http:\/\/www.infokuryr.cz\/n\/wp-content\/uploads\/2021\/04\/kuryr-podpis.png\" alt=\"\" width=\"84\" height=\"24\" \/><\/p>\n<p>&nbsp;<\/p>\n","protected":false},"excerpt":{"rendered":"<p>Zelen\u00ed po por\u00e1\u017ece v m\u00edstn\u00edch volb\u00e1ch hromadn\u011b ode\u0161li, co\u017e vyvolalo \u201enejv\u011bt\u0161\u00ed krizi za desetilet\u00ed\u201c uvnit\u0159&#8230;<\/p>\n","protected":false},"author":2,"featured_media":62915,"comment_status":"closed","ping_status":"closed","sticky":false,"template":"","format":"standard","meta":[],"categories":[7],"tags":[3435,1081,103],"_links":{"self":[{"href":"https:\/\/www.infokuryr.cz\/n\/wp-json\/wp\/v2\/posts\/62914"}],"collection":[{"href":"https:\/\/www.infokuryr.cz\/n\/wp-json\/wp\/v2\/posts"}],"about":[{"href":"https:\/\/www.infokuryr.cz\/n\/wp-json\/wp\/v2\/types\/post"}],"author":[{"embeddable":true,"href":"https:\/\/www.infokuryr.cz\/n\/wp-json\/wp\/v2\/users\/2"}],"replies":[{"embeddable":true,"href":"https:\/\/www.infokuryr.cz\/n\/wp-json\/wp\/v2\/comments?post=62914"}],"version-history":[{"count":0,"href":"https:\/\/www.infokuryr.cz\/n\/wp-json\/wp\/v2\/posts\/62914\/revisions"}],"wp:featuredmedia":[{"embeddable":true,"href":"https:\/\/www.infokuryr.cz\/n\/wp-json\/wp\/v2\/media\/62915"}],"wp:attachment":[{"href":"https:\/\/www.infokuryr.cz\/n\/wp-json\/wp\/v2\/media?parent=62914"}],"wp:term":[{"taxonomy":"category","embeddable":true,"href":"https:\/\/www.infokuryr.cz\/n\/wp-json\/wp\/v2\/categories?post=62914"},{"taxonomy":"post_tag","embeddable":true,"href":"https:\/\/www.infokuryr.cz\/n\/wp-json\/wp\/v2\/tags?post=62914"}],"curies":[{"name":"wp","href":"https:\/\/api.w.org\/{rel}","templated":true}]}}