{"id":62872,"date":"2024-09-25T05:02:40","date_gmt":"2024-09-25T03:02:40","guid":{"rendered":"https:\/\/www.infokuryr.cz\/n\/?p=62872"},"modified":"2024-09-25T05:02:40","modified_gmt":"2024-09-25T03:02:40","slug":"libanon-hlasi-rostouci-pocet-obeti-izraelskych-naletu","status":"publish","type":"post","link":"https:\/\/www.infokuryr.cz\/n\/2024\/09\/25\/libanon-hlasi-rostouci-pocet-obeti-izraelskych-naletu\/","title":{"rendered":"Libanon hl\u00e1s\u00ed rostouc\u00ed po\u010det ob\u011bt\u00ed izraelsk\u00fdch n\u00e1let\u016f"},"content":{"rendered":"<div id=\"fb-root\"><\/div>\n<p class=\"lead\"><strong>V d\u016fsledku izraelsk\u00fdch \u00fatok\u016f v ji\u017en\u00edm Libanonu se po\u010det ob\u011bt\u00ed zv\u00fd\u0161il na 569 lid\u00ed, v\u00edce ne\u017e 1,8 tis\u00edce bylo zran\u011bno Uvedl to \u0161\u00e9f libanonsk\u00e9ho ministerstva zdravotnictv\u00ed Firas Abyad na tiskov\u00e9 konferenci v Bejr\u00fatu, hl\u00e1s\u00ed Libanonci. informa\u010dn\u00ed port\u00e1l Sawt Beirut International (SBI).<\/strong><\/p>\n<p><span>Podle izraelsk\u00e9 arm\u00e1dy byl nav\u00edc mezi ob\u011b\u0165mi i velitel raketov\u00e9ho syst\u00e9mu Hizball\u00e1hu\u00a0<\/span><strong><span>Ibrahim Qubaisi<\/span><\/strong><span> . Byl zabit p\u0159i n\u00e1letu na Bejr\u00fat. Potvrdila to libanonsk\u00e1 skupina.<\/span><\/p>\n<p><span>Den p\u0159edt\u00edm televizn\u00ed kan\u00e1l Al-D\u017eaz\u00edra s odkazem na \u00fadaje tamn\u00edho ministerstva zdravotnictv\u00ed informoval o 492 mrtv\u00fdch a 1645 zran\u011bn\u00fdch v d\u016fsledku izraelsk\u00fdch \u00fader\u016f na jihu zem\u011b. Mezi ob\u011b\u0165mi bylo 35 d\u011bt\u00ed, 58 \u017een a dva zdravotn\u00edci, poznamenalo tehdy ministerstvo.<\/span><\/p>\n<p><span>Ve stejn\u00fd den, 23. z\u00e1\u0159\u00ed, zah\u00e1jil Izrael vojenskou operaci v Libanonu, jej\u00edm\u017e c\u00edlem n\u00e1\u010deln\u00edk izraelsk\u00e9ho gener\u00e1ln\u00edho \u0161t\u00e1bu gener\u00e1lporu\u010d\u00edk\u00a0<\/span><strong><span>Herzi Halevi<\/span><\/strong><span>\u00a0nazval infrastrukturu Hizball\u00e1hu.<\/span><\/p>\n<p><img decoding=\"async\" loading=\"lazy\" class=\"alignnone size-full wp-image-1185\" src=\"http:\/\/www.infokuryr.cz\/n\/wp-content\/uploads\/2021\/04\/kuryr-podpis.png\" alt=\"\" width=\"84\" height=\"24\" \/><\/p>\n<p>&nbsp;<\/p>\n","protected":false},"excerpt":{"rendered":"<p>V d\u016fsledku izraelsk\u00fdch \u00fatok\u016f v ji\u017en\u00edm Libanonu se po\u010det ob\u011bt\u00ed zv\u00fd\u0161il na 569 lid\u00ed, v\u00edce&#8230;<\/p>\n","protected":false},"author":2,"featured_media":62873,"comment_status":"closed","ping_status":"closed","sticky":false,"template":"","format":"standard","meta":[],"categories":[7],"tags":[107,405,3535,871],"_links":{"self":[{"href":"https:\/\/www.infokuryr.cz\/n\/wp-json\/wp\/v2\/posts\/62872"}],"collection":[{"href":"https:\/\/www.infokuryr.cz\/n\/wp-json\/wp\/v2\/posts"}],"about":[{"href":"https:\/\/www.infokuryr.cz\/n\/wp-json\/wp\/v2\/types\/post"}],"author":[{"embeddable":true,"href":"https:\/\/www.infokuryr.cz\/n\/wp-json\/wp\/v2\/users\/2"}],"replies":[{"embeddable":true,"href":"https:\/\/www.infokuryr.cz\/n\/wp-json\/wp\/v2\/comments?post=62872"}],"version-history":[{"count":0,"href":"https:\/\/www.infokuryr.cz\/n\/wp-json\/wp\/v2\/posts\/62872\/revisions"}],"wp:featuredmedia":[{"embeddable":true,"href":"https:\/\/www.infokuryr.cz\/n\/wp-json\/wp\/v2\/media\/62873"}],"wp:attachment":[{"href":"https:\/\/www.infokuryr.cz\/n\/wp-json\/wp\/v2\/media?parent=62872"}],"wp:term":[{"taxonomy":"category","embeddable":true,"href":"https:\/\/www.infokuryr.cz\/n\/wp-json\/wp\/v2\/categories?post=62872"},{"taxonomy":"post_tag","embeddable":true,"href":"https:\/\/www.infokuryr.cz\/n\/wp-json\/wp\/v2\/tags?post=62872"}],"curies":[{"name":"wp","href":"https:\/\/api.w.org\/{rel}","templated":true}]}}