{"id":62867,"date":"2024-09-25T03:42:36","date_gmt":"2024-09-25T01:42:36","guid":{"rendered":"https:\/\/www.infokuryr.cz\/n\/?p=62867"},"modified":"2024-09-25T03:52:36","modified_gmt":"2024-09-25T01:52:36","slug":"biden-scholz-macron-a-starmer-se-setkaji-v-berline","status":"publish","type":"post","link":"https:\/\/www.infokuryr.cz\/n\/2024\/09\/25\/biden-scholz-macron-a-starmer-se-setkaji-v-berline\/","title":{"rendered":"Biden, Scholz, Macron a Starmer se setkaj\u00ed v Berl\u00edn\u011b"},"content":{"rendered":"<div id=\"fb-root\"><\/div>\n<p class=\"lead\"><strong>Americk\u00fd prezident Joe Biden odcestuje do N\u011bmecka necel\u00fd m\u011bs\u00edc p\u0159ed volbami, cesta se uskute\u010dn\u00ed 10. a\u017e 12. \u0159\u00edjna, informuje B\u00edl\u00fd d\u016fm.<\/strong><\/p>\n<p>Biden pod\u011bkuje \u00fa\u0159ad\u016fm zem\u011b za jejich podporu Ukrajin\u011b, rozm\u00edst\u011bn\u00ed americk\u00fdch jednotek a \u201ep\u0159\u00edsp\u011bvky k bezpe\u010dnosti Spojen\u00fdch st\u00e1t\u016f, N\u011bmecka a cel\u00e9ho NATO\u201c, stoj\u00ed v prohl\u00e1\u0161en\u00ed. Nejsou tam uvedeny \u017e\u00e1dn\u00e9 dal\u0161\u00ed podrobnosti.<\/p>\n<p>Podle Der Spiegel m\u00e1 v t\u011bchto dnech vl\u00e1da kancl\u00e9\u0159e\u00a0<strong>Olafa Scholze<\/strong>\u00a0v pl\u00e1nu pozvat do zem\u011b francouzsk\u00e9ho prezidenta\u00a0<strong>Emmanuela Macrona<\/strong>\u00a0a britsk\u00e9ho premi\u00e9ra\u00a0<strong>Keira Starmera<\/strong> , budou jednat o podpo\u0159e Ukrajin\u011b. Americk\u00fd prezident tak\u00e9 nav\u0161t\u00edv\u00ed americkou leteckou z\u00e1kladnu Ramstein v Por\u00fdn\u00ed-Falcku.<\/p>\n<p><strong>Tagesspiegel poznamen\u00e1v\u00e1, \u017ee to bude prvn\u00ed cesta americk\u00e9ho prezidenta do Berl\u00edna po osmi letech \u2013 naposledy Barack Obama<\/strong>\u00a0p\u0159ijel do n\u011bmeck\u00e9 metropole v roce 2016\u00a0. V roce 2022 se Biden z\u00fa\u010dastnil summitu G7 v bavorsk\u00e9m Elmau a v roce 2023 byl na z\u00e1kladn\u011b Ramstein, ale b\u011bhem sv\u00e9ho prezidentsk\u00e9ho obdob\u00ed do N\u011bmecka na bilater\u00e1ln\u00ed n\u00e1v\u0161t\u011bvu nep\u0159ijel.<\/p>\n<p>24. z\u00e1\u0159\u00ed ve sv\u00e9m projevu p\u0159ed Valn\u00fdm shrom\u00e1\u017ed\u011bn\u00edm OSN Biden \u0159ekl, \u017ee Spojen\u00e9 st\u00e1ty budou podporovat Ukrajinu, dokud nebude dosa\u017eeno \u201espravedliv\u00e9ho a trval\u00e9ho m\u00edru\u201c. Tento t\u00fdden\u00a0se setk\u00e1 s\u00a0<strong>Vladimirem Zelensk\u00fdm<\/strong>\u00a0a ozn\u00e1m\u00ed nov\u00e9 kroky k poskytnut\u00ed vojensk\u00e9 pomoci Kyjevu, uvedl B\u00edl\u00fd d\u016fm.<\/p>\n<p><img decoding=\"async\" loading=\"lazy\" class=\"alignnone size-full wp-image-1185\" src=\"http:\/\/www.infokuryr.cz\/n\/wp-content\/uploads\/2021\/04\/kuryr-podpis.png\" alt=\"\" width=\"84\" height=\"24\" \/><\/p>\n<p>&nbsp;<\/p>\n","protected":false},"excerpt":{"rendered":"<p>Americk\u00fd prezident Joe Biden odcestuje do N\u011bmecka necel\u00fd m\u011bs\u00edc p\u0159ed volbami, cesta se uskute\u010dn\u00ed 10&#8230;.<\/p>\n","protected":false},"author":2,"featured_media":47427,"comment_status":"closed","ping_status":"closed","sticky":false,"template":"","format":"standard","meta":[],"categories":[7],"tags":[233,72,307,4503,1629,7976],"_links":{"self":[{"href":"https:\/\/www.infokuryr.cz\/n\/wp-json\/wp\/v2\/posts\/62867"}],"collection":[{"href":"https:\/\/www.infokuryr.cz\/n\/wp-json\/wp\/v2\/posts"}],"about":[{"href":"https:\/\/www.infokuryr.cz\/n\/wp-json\/wp\/v2\/types\/post"}],"author":[{"embeddable":true,"href":"https:\/\/www.infokuryr.cz\/n\/wp-json\/wp\/v2\/users\/2"}],"replies":[{"embeddable":true,"href":"https:\/\/www.infokuryr.cz\/n\/wp-json\/wp\/v2\/comments?post=62867"}],"version-history":[{"count":0,"href":"https:\/\/www.infokuryr.cz\/n\/wp-json\/wp\/v2\/posts\/62867\/revisions"}],"wp:featuredmedia":[{"embeddable":true,"href":"https:\/\/www.infokuryr.cz\/n\/wp-json\/wp\/v2\/media\/47427"}],"wp:attachment":[{"href":"https:\/\/www.infokuryr.cz\/n\/wp-json\/wp\/v2\/media?parent=62867"}],"wp:term":[{"taxonomy":"category","embeddable":true,"href":"https:\/\/www.infokuryr.cz\/n\/wp-json\/wp\/v2\/categories?post=62867"},{"taxonomy":"post_tag","embeddable":true,"href":"https:\/\/www.infokuryr.cz\/n\/wp-json\/wp\/v2\/tags?post=62867"}],"curies":[{"name":"wp","href":"https:\/\/api.w.org\/{rel}","templated":true}]}}