{"id":62865,"date":"2024-09-25T03:36:38","date_gmt":"2024-09-25T01:36:38","guid":{"rendered":"https:\/\/www.infokuryr.cz\/n\/?p=62865"},"modified":"2024-09-25T03:36:38","modified_gmt":"2024-09-25T01:36:38","slug":"izrael-zahajil-raketovy-utok-na-syrsky-pristav-tartus","status":"publish","type":"post","link":"https:\/\/www.infokuryr.cz\/n\/2024\/09\/25\/izrael-zahajil-raketovy-utok-na-syrsky-pristav-tartus\/","title":{"rendered":"Izrael zah\u00e1jil raketov\u00fd \u00fatok na syrsk\u00fd p\u0159\u00edstav Tart\u00fas"},"content":{"rendered":"<div id=\"fb-root\"><\/div>\n<p class=\"lead\"><strong>Nad syrsk\u00fdm m\u011bstem Tartus zachytily tamn\u00ed syst\u00e9my protivzdu\u0161n\u00e9 obrany izraelsk\u00e9 rakety, informuje izraelsk\u00fd televizn\u00ed kan\u00e1l i24NEWS.<\/strong><\/p>\n<p><span>Podle p\u0159edb\u011b\u017en\u00fdch \u00fadaj\u016f se c\u00edle izraelsk\u00fdch raket nach\u00e1zely v oblasti Tartus, zpravodajsk\u00fd kan\u00e1l neup\u0159esnil, jak\u00e9 c\u00edle se Izrael pokusil zas\u00e1hnout.<\/span><\/p>\n<p><span>D\u0159\u00edve, 13. z\u00e1\u0159\u00ed, za\u00fato\u010dily izraelsk\u00e9 speci\u00e1ln\u00ed jednotky na za\u0159\u00edzen\u00ed na v\u00fdrobu raket pro Hizball\u00e1h v S\u00fdrii.<\/span><\/p>\n<p><span>Noc p\u0159edt\u00edm izraelsk\u00fd gener\u00e1ln\u00ed \u0161t\u00e1b ozn\u00e1mil zah\u00e1jen\u00ed \u201epreventivn\u00ed \u00fato\u010dn\u00e9 operace\u201c v Libanonu a \u00fatoky na infrastrukturu Hizball\u00e1hu.<\/span><\/p>\n<p><strong><span>Gener\u00e1l Herzi Halevi<\/span><\/strong><span>\u00a0ozna\u010dil za c\u00edl\u00a0zni\u010den\u00ed infrastruktury skupiny a vytvo\u0159en\u00ed podm\u00ednek pro n\u00e1vrat dom\u016f obyvatel severn\u00edho Izraele, kter\u00fd soused\u00ed s Libanonem.<\/span><\/p>\n<h2><strong>Izraelsk\u00e9 letectvo \u00fato\u010d\u00ed na p\u0159edm\u011bst\u00ed Bejr\u00fatu<\/strong><br \/>\n<img decoding=\"async\" loading=\"lazy\" class=\"aligncenter\" src=\"https:\/\/img3.eadaily.com\/r650x650\/o\/235\/7f4e5179f8f9a675b76b9e4a364f2.jpeg\" width=\"682\" height=\"383\" \/><\/h2>\n<p class=\"lead\"><strong>Letadla izraelsk\u00e9ho letectva provedla \u00fadery v oblasti D\u017eija, 20 kilometr\u016f ji\u017en\u011b od Bejr\u00fatu, informuje libanonsk\u00e1 televizn\u00ed stanice Al-Jadeed.<\/strong><\/p>\n<p><em>\u201eIzraelsk\u00fd n\u00e1let zas\u00e1hl oblast Jiya. Na m\u00edsto ud\u00e1losti p\u0159ij\u00ed\u017ed\u011bj\u00ed sanitky.&#8220;<span class=\"after-quote\">\u00a0&#8211; hl\u00e1s\u00ed televizn\u00ed kan\u00e1l.<\/span><\/em><\/p>\n<p><span>Podle televizn\u00edho kan\u00e1lu st\u00e1vka zas\u00e1hla sklad, podle p\u0159edb\u011b\u017en\u00fdch \u00fadaj\u016f byly ob\u011bti.<\/span><\/p>\n<p><img decoding=\"async\" loading=\"lazy\" class=\"alignnone size-full wp-image-1185\" src=\"http:\/\/www.infokuryr.cz\/n\/wp-content\/uploads\/2021\/04\/kuryr-podpis.png\" alt=\"\" width=\"84\" height=\"24\" \/><\/p>\n<p>&nbsp;<\/p>\n<p>&nbsp;<\/p>\n","protected":false},"excerpt":{"rendered":"<p>Nad syrsk\u00fdm m\u011bstem Tartus zachytily tamn\u00ed syst\u00e9my protivzdu\u0161n\u00e9 obrany izraelsk\u00e9 rakety, informuje izraelsk\u00fd televizn\u00ed kan\u00e1l&#8230;<\/p>\n","protected":false},"author":2,"featured_media":62866,"comment_status":"closed","ping_status":"closed","sticky":false,"template":"","format":"standard","meta":[],"categories":[7],"tags":[107,405,147,1863],"_links":{"self":[{"href":"https:\/\/www.infokuryr.cz\/n\/wp-json\/wp\/v2\/posts\/62865"}],"collection":[{"href":"https:\/\/www.infokuryr.cz\/n\/wp-json\/wp\/v2\/posts"}],"about":[{"href":"https:\/\/www.infokuryr.cz\/n\/wp-json\/wp\/v2\/types\/post"}],"author":[{"embeddable":true,"href":"https:\/\/www.infokuryr.cz\/n\/wp-json\/wp\/v2\/users\/2"}],"replies":[{"embeddable":true,"href":"https:\/\/www.infokuryr.cz\/n\/wp-json\/wp\/v2\/comments?post=62865"}],"version-history":[{"count":0,"href":"https:\/\/www.infokuryr.cz\/n\/wp-json\/wp\/v2\/posts\/62865\/revisions"}],"wp:featuredmedia":[{"embeddable":true,"href":"https:\/\/www.infokuryr.cz\/n\/wp-json\/wp\/v2\/media\/62866"}],"wp:attachment":[{"href":"https:\/\/www.infokuryr.cz\/n\/wp-json\/wp\/v2\/media?parent=62865"}],"wp:term":[{"taxonomy":"category","embeddable":true,"href":"https:\/\/www.infokuryr.cz\/n\/wp-json\/wp\/v2\/categories?post=62865"},{"taxonomy":"post_tag","embeddable":true,"href":"https:\/\/www.infokuryr.cz\/n\/wp-json\/wp\/v2\/tags?post=62865"}],"curies":[{"name":"wp","href":"https:\/\/api.w.org\/{rel}","templated":true}]}}