{"id":62860,"date":"2024-09-25T03:23:35","date_gmt":"2024-09-25T01:23:35","guid":{"rendered":"https:\/\/www.infokuryr.cz\/n\/?p=62860"},"modified":"2024-09-25T03:23:35","modified_gmt":"2024-09-25T01:23:35","slug":"blogger-ktery-natocil-utek-z-ukrajiny-byl-pridan-na-seznam-zabiti","status":"publish","type":"post","link":"https:\/\/www.infokuryr.cz\/n\/2024\/09\/25\/blogger-ktery-natocil-utek-z-ukrajiny-byl-pridan-na-seznam-zabiti\/","title":{"rendered":"Blogger, kter\u00fd nato\u010dil \u00fat\u011bk z Ukrajiny, byl p\u0159id\u00e1n na \u201eseznam zabit\u00ed\u201c"},"content":{"rendered":"<div id=\"fb-root\"><\/div>\n<p><span style=\"font-size: 18pt;\"><strong>Pavel Bum\u010dik byl ozna\u010den jako zr\u00e1dce a dezert\u00e9r nechvaln\u011b proslulou datab\u00e1z\u00ed Mirotvorets<\/strong><\/span><\/p>\n<p><span>Ukrajinsk\u00fd instagramov\u00fd blogger Pasha Bum\u010dik byl p\u0159id\u00e1n do notoricky zn\u00e1m\u00e9 Kyjevem podporovan\u00e9 datab\u00e1ze Mirotvorets (Peacemaker) pot\u00e9, co se nato\u010dil, jak se vyh\u00fdb\u00e1 odvodu a ut\u00edk\u00e1 ze zem\u011b.<\/span><\/p>\n<p><span>V pond\u011bl\u00ed influencer zve\u0159ejnil s\u00e9rii vide\u00ed popisuj\u00edc\u00edch jeho neleg\u00e1ln\u00ed p\u0159ekro\u010den\u00ed ukrajinsko-rumunsk\u00e9 hranice.\u00a0\u00a0<\/span><\/p>\n<p><span>Zat\u00edmco moder\u00e1to\u0159i datab\u00e1ze Mirotvorets ji popisuj\u00ed jako seznam osob pova\u017eovan\u00fdch za nep\u0159\u00e1tele Ukrajiny, tato st\u00e1tem propojen\u00e1 datab\u00e1ze byla tak\u00e9 nazv\u00e1na\u00a0<\/span><em><span>\u201eKyjevsk\u00fd seznam zabit\u00fdch\u201c<\/span><\/em><span>\u00a0pot\u00e9, co bylo n\u011bkolik lid\u00ed \u00fadajn\u011b zavra\u017ed\u011bno ukrajinskou rozv\u011bdkou pot\u00e9, co byly jejich informace zve\u0159ejn\u011bny na webov\u00e9 str\u00e1nky.\u00a0\u00a0<\/span><\/p>\n<p><span>Bum\u010dik byl do datab\u00e1ze za\u0159azen v pond\u011bl\u00ed a byl pops\u00e1n jako\u00a0<\/span><em><span>\u201ezr\u00e1dce vlasti a dezert\u00e9r\u201c.<\/span><\/em><\/p>\n<p><span>Bloger je obvin\u011bn z\u00a0<\/span><em><span>\u201ediskreditace bezpe\u010dnostn\u00edch sil Ukrajiny\u201c,\u00a0<\/span><\/em>\u00a0<em><span>\u201enaru\u0161ov\u00e1n\u00ed st\u00e1tn\u00ed hranice Ukrajiny\u201c,<\/span><\/em><span>\u00a0jako\u017e i\u00a0<\/span><em><span>\u201enapom\u00e1h\u00e1n\u00ed rusk\u00fdm v\u00e1le\u010dn\u00fdm zlo\u010dinc\u016fm a \u00fato\u010dn\u00edk\u016fm\u201c,<\/span><\/em><span>\u00a0z \u00fa\u010dasti na\u00a0<\/span><em><span>\u201eprotiukrajinsk\u00e9 propagand\u011b\u201c,\u00a0<\/span><\/em>\u00a0<em><span>\u201e\u00famysln\u00e9ho prov\u00e1d\u011bn\u00ed akc\u00ed zam\u011b\u0159en\u00fdch na p\u0159i podkop\u00e1v\u00e1n\u00ed obranyschopnosti Ukrajiny\u201c<\/span><\/em><span>\u00a0a naru\u0161ov\u00e1n\u00ed mobiliza\u010dn\u00edch opat\u0159en\u00ed.\u00a0<\/span><\/p>\n<p><span>Bum\u010dik, kter\u00fd m\u00e1 v sou\u010dasn\u00e9 dob\u011b na Instagramu p\u0159es 400 000 sleduj\u00edc\u00edch, si z\u00edskal popularitu na konci roku 2010 zve\u0159ej\u0148ov\u00e1n\u00edm vide\u00ed s extr\u00e9mn\u00edm chov\u00e1n\u00edm, jako je lezen\u00ed na v\u00fd\u0161kov\u00e9 budovy a pit\u00ed barvy.<\/span><\/p>\n<div class=\"rtcode\">\n<div><iframe id=\"instagram-embed-0\" class=\"instagram-media instagram-media-rendered\" src=\"https:\/\/www.instagram.com\/reel\/DAOTQeKCrUG\/embed\/captioned\/?cr=1&amp;v=14&amp;wp=540&amp;rd=https%3A%2F%2Fswentr.site&amp;rp=%2Frussia%2F604598-ukrainian-blogger-kill-list%2F#%7B%22ci%22%3A0%2C%22os%22%3A720.5999999046326%2C%22ls%22%3A323.1999999284744%2C%22le%22%3A694.6999999284744%7D\" height=\"969\" frameborder=\"0\" scrolling=\"no\" allowfullscreen=\"allowfullscreen\" data-instgrm-payload-id=\"instagram-media-payload-0\" data-mce-fragment=\"1\"><\/iframe><\/div>\n<\/div>\n<p><span>V s\u00e9rii vide\u00ed zve\u0159ejn\u011bn\u00fdch v pond\u011bl\u00ed sedmadvacetilet\u00fd mlad\u00edk sd\u00edlel svou cestu, jak se vyhnout odvodu, od obdr\u017een\u00ed p\u0159edvol\u00e1n\u00ed, aby se dostavil do n\u00e1borov\u00e9ho st\u0159ediska 14. z\u00e1\u0159\u00ed, a\u017e po ileg\u00e1ln\u00ed p\u0159echod do Rumunska p\u011b\u0161ky p\u0159es Karpaty.\u00a0<\/span><\/p>\n<p><em><span>\u201eChodil jsem a n\u00e1hodou jsem se dostal do Rumunska. N\u00e1hodou se ztratil v hor\u00e1ch a za t\u0159i dny skon\u010dil v Rumunsku,\u201c<\/span><\/em><span>\u00a0napsal bloger v jednom ze sv\u00fdch p\u0159\u00edsp\u011bvk\u016f.\u00a0<\/span><\/p>\n<p><span>Bum\u010dik\u016fv \u00fat\u011bk p\u0159ich\u00e1z\u00ed v dob\u011b, kdy Kyjev pokra\u010duje ve snaze nahradit ztr\u00e1ty na boji\u0161ti v konfliktu s Ruskem. Zat\u00edmco Ukrajina ofici\u00e1ln\u011b ozn\u00e1mila v\u0161eobecnou mobilizaci v \u00fanoru 2022, tento proces byl poznamen\u00e1n roz\u0161\u00ed\u0159en\u00fdm vyh\u00fdb\u00e1n\u00edm se odvod\u016fm a \u00faplatky, co\u017e p\u0159inutilo Kyjev v\u00fdrazn\u011b zp\u0159\u00edsnit pravidla pro mobilizaci a sn\u00ed\u017eit v\u011bk odvodu na 25 let. Policist\u00e9 byli opakovan\u011b vid\u011bni, jak n\u00e1siln\u011b zadr\u017euj\u00ed rekruty na ulic\u00edch. .\u00a0<\/span><\/p>\n<p><span>Ukrajinsko-rumunsk\u00e1 hranice je jednou z hlavn\u00edch tras, kter\u00fdmi se \u00fat\u011bk neplati\u010d\u016f sna\u017e\u00ed ze zem\u011b. V \u010dervnu vysok\u00fd \u00fa\u0159edn\u00edk ukrajinsk\u00e9 pohrani\u010dn\u00ed slu\u017eby tvrdil, \u017ee v\u00edce ne\u017e 100 lid\u00ed se denn\u011b pokou\u0161\u00ed neleg\u00e1ln\u011b p\u0159ekro\u010dit hranici. N\u011bkte\u0159\u00ed z t\u011bch, kte\u0159\u00ed se pokusili proj\u00edt \u0161patn\u011b st\u0159e\u017een\u00fdm ter\u00e9nem v divo\u010din\u011b, p\u0159i tom \u00fadajn\u011b zem\u0159eli.<\/span><\/p>\n<p><img decoding=\"async\" loading=\"lazy\" class=\"alignnone size-full wp-image-1185\" src=\"http:\/\/www.infokuryr.cz\/n\/wp-content\/uploads\/2021\/04\/kuryr-podpis.png\" alt=\"\" width=\"84\" height=\"24\" \/><\/p>\n<p>&nbsp;<\/p>\n","protected":false},"excerpt":{"rendered":"<p>Pavel Bum\u010dik byl ozna\u010den jako zr\u00e1dce a dezert\u00e9r nechvaln\u011b proslulou datab\u00e1z\u00ed Mirotvorets Ukrajinsk\u00fd instagramov\u00fd blogger&#8230;<\/p>\n","protected":false},"author":2,"featured_media":62861,"comment_status":"closed","ping_status":"closed","sticky":false,"template":"","format":"standard","meta":[],"categories":[7],"tags":[7973,7974,26],"_links":{"self":[{"href":"https:\/\/www.infokuryr.cz\/n\/wp-json\/wp\/v2\/posts\/62860"}],"collection":[{"href":"https:\/\/www.infokuryr.cz\/n\/wp-json\/wp\/v2\/posts"}],"about":[{"href":"https:\/\/www.infokuryr.cz\/n\/wp-json\/wp\/v2\/types\/post"}],"author":[{"embeddable":true,"href":"https:\/\/www.infokuryr.cz\/n\/wp-json\/wp\/v2\/users\/2"}],"replies":[{"embeddable":true,"href":"https:\/\/www.infokuryr.cz\/n\/wp-json\/wp\/v2\/comments?post=62860"}],"version-history":[{"count":0,"href":"https:\/\/www.infokuryr.cz\/n\/wp-json\/wp\/v2\/posts\/62860\/revisions"}],"wp:featuredmedia":[{"embeddable":true,"href":"https:\/\/www.infokuryr.cz\/n\/wp-json\/wp\/v2\/media\/62861"}],"wp:attachment":[{"href":"https:\/\/www.infokuryr.cz\/n\/wp-json\/wp\/v2\/media?parent=62860"}],"wp:term":[{"taxonomy":"category","embeddable":true,"href":"https:\/\/www.infokuryr.cz\/n\/wp-json\/wp\/v2\/categories?post=62860"},{"taxonomy":"post_tag","embeddable":true,"href":"https:\/\/www.infokuryr.cz\/n\/wp-json\/wp\/v2\/tags?post=62860"}],"curies":[{"name":"wp","href":"https:\/\/api.w.org\/{rel}","templated":true}]}}