{"id":62823,"date":"2024-09-25T00:47:49","date_gmt":"2024-09-24T22:47:49","guid":{"rendered":"https:\/\/www.infokuryr.cz\/n\/?p=62823"},"modified":"2024-09-24T14:43:38","modified_gmt":"2024-09-24T12:43:38","slug":"zahajeni-druhe-fronty-pocet-mrtvych-z-masivnich-izraelskych-uderu-v-jiznim-libanonu-stoupa","status":"publish","type":"post","link":"https:\/\/www.infokuryr.cz\/n\/2024\/09\/25\/zahajeni-druhe-fronty-pocet-mrtvych-z-masivnich-izraelskych-uderu-v-jiznim-libanonu-stoupa\/","title":{"rendered":"Zah\u00e1jen\u00ed druh\u00e9 fronty: Po\u010det mrtv\u00fdch z masivn\u00edch izraelsk\u00fdch \u00fader\u016f v ji\u017en\u00edm Libanonu stoup\u00e1"},"content":{"rendered":"<div id=\"fb-root\"><\/div>\n<p><strong>23. z\u00e1\u0159\u00ed zah\u00e1jila izraelsk\u00e1 arm\u00e1da vlny t\u011b\u017ek\u00fdch \u00fader\u016f v ji\u017en\u00edm Libanonu. Podle \u00fa\u0159aduj\u00edc\u00edho ministra zdravotnictv\u00ed Libanonu se po\u010det ob\u011bt\u00ed zv\u00fd\u0161il na 274 lid\u00ed zabit\u00fdch v d\u016fsledku \u00fader\u016f izraelsk\u00e9ho letectva na osady v ji\u017en\u00edm Libanonu.\u00a0<\/strong><\/p>\n<p>Mezi ob\u011b\u0165mi je 21 d\u011bt\u00ed a 39 \u017een. Zahynulo tak\u00e9 n\u011bkolik pracovn\u00edk\u016f sanitek, jejich vozy byly st\u00e1vkov\u00e1ny. Asi 1000 lid\u00ed bylo zran\u011bno. Po\u010det mrtv\u00fdch nep\u0159est\u00e1v\u00e1 stoupat. Podle \u0161\u00e9fa ministerstva zdravotnictv\u00ed utrp\u00ed Libanonci takov\u00e9 ztr\u00e1ty poprv\u00e9 od konce ob\u010dansk\u00e9 v\u00e1lky v letech 1975-1990.<\/p>\n<p><span class=\"EzKURWReUAB5oZgtQNkl\" data-src-align=\"17:7\">Izraelsk\u00e1\u00a0<\/span><span class=\"EzKURWReUAB5oZgtQNkl\" data-src-align=\"85:15\">v\u00e1le\u010dn\u00e1\u00a0<\/span><span class=\"EzKURWReUAB5oZgtQNkl\" data-src-align=\"0:16\">letadla<\/span>\u00a0zah\u00e1jila\u00a0<span class=\"EzKURWReUAB5oZgtQNkl\" data-src-align=\"37:5\">nejmasivn\u011bj\u0161\u00ed\u00a0<\/span><span class=\"EzKURWReUAB5oZgtQNkl\" data-src-align=\"57:13\">bombardov\u00e1n\u00ed\u00a0<\/span><span class=\"EzKURWReUAB5oZgtQNkl\" data-src-align=\"71:2\">za\u00a0<\/span><span class=\"EzKURWReUAB5oZgtQNkl\" data-src-align=\"74:2\">11\u00a0<\/span><span class=\"EzKURWReUAB5oZgtQNkl\" data-src-align=\"77:7\">m\u011bs\u00edc\u016f<\/span>\u00a0nep\u0159\u00e1telstv\u00ed\u00a0<span class=\"EzKURWReUAB5oZgtQNkl\" data-src-align=\"100:1\">.<\/span><span class=\"EzKURWReUAB5oZgtQNkl\" data-src-align=\"43:13\">\u200b Podle p\u0159edb\u011b\u017en\u00fdch\u00a0<\/span><span class=\"EzKURWReUAB5oZgtQNkl\" data-src-align=\"78:4\">zpr\u00e1v<\/span>\u00a0zah\u00e1jilo izraelsk\u00e9 letectvo\u00a0v\u00a0<span class=\"EzKURWReUAB5oZgtQNkl\" data-src-align=\"63:2\">posledn\u00edch\u00a0<\/span><span class=\"EzKURWReUAB5oZgtQNkl\" data-src-align=\"66:9\">hodin\u00e1ch v\u00edce ne\u017e\u00a0<\/span><span class=\"EzKURWReUAB5oZgtQNkl\" data-src-align=\"0:3\">550\u00a0<\/span><span class=\"EzKURWReUAB5oZgtQNkl\" data-src-align=\"4:14\">\u00fader\u016f\u00a0<\/span><span class=\"EzKURWReUAB5oZgtQNkl\" data-src-align=\"40:2\">na\u00a0<\/span><span class=\"EzKURWReUAB5oZgtQNkl\" data-src-align=\"43:5\">c\u00edle\u00a0<\/span><span class=\"EzKURWReUAB5oZgtQNkl\" data-src-align=\"49:2\">v\u00a0<\/span><span class=\"EzKURWReUAB5oZgtQNkl\" data-src-align=\"52:3\">ji\u017en\u00edm\u00a0<\/span><span class=\"EzKURWReUAB5oZgtQNkl\" data-src-align=\"56:6\">Libanonu\u00a0<\/span><span class=\"EzKURWReUAB5oZgtQNkl\" data-src-align=\"82:1\">.<\/span><\/p>\n<div style=\"width: 480px;\" class=\"wp-video\"><!--[if lt IE 9]><script>document.createElement('video');<\/script><![endif]-->\n<video class=\"wp-video-shortcode\" id=\"video-62823-1\" width=\"480\" height=\"848\" preload=\"metadata\" controls=\"controls\"><source type=\"video\/mp4\" src=\"http:\/\/www.infokuryr.cz\/n\/wp-content\/uploads\/2024\/09\/strikes-1.mp4?_=1\" \/><a href=\"http:\/\/www.infokuryr.cz\/n\/wp-content\/uploads\/2024\/09\/strikes-1.mp4\">http:\/\/www.infokuryr.cz\/n\/wp-content\/uploads\/2024\/09\/strikes-1.mp4<\/a><\/video><\/div>\n<p>&nbsp;<\/p>\n<div style=\"width: 352px;\" class=\"wp-video\"><video class=\"wp-video-shortcode\" id=\"video-62823-2\" width=\"352\" height=\"624\" preload=\"metadata\" controls=\"controls\"><source type=\"video\/mp4\" src=\"http:\/\/www.infokuryr.cz\/n\/wp-content\/uploads\/2024\/09\/strikes-5.mp4?_=2\" \/><a href=\"http:\/\/www.infokuryr.cz\/n\/wp-content\/uploads\/2024\/09\/strikes-5.mp4\">http:\/\/www.infokuryr.cz\/n\/wp-content\/uploads\/2024\/09\/strikes-5.mp4<\/a><\/video><\/div>\n<p>&nbsp;<\/p>\n<div style=\"width: 640px;\" class=\"wp-video\"><video class=\"wp-video-shortcode\" id=\"video-62823-3\" width=\"640\" height=\"360\" preload=\"metadata\" controls=\"controls\"><source type=\"video\/mp4\" src=\"http:\/\/www.infokuryr.cz\/n\/wp-content\/uploads\/2024\/09\/strikes-3.mp4?_=3\" \/><a href=\"http:\/\/www.infokuryr.cz\/n\/wp-content\/uploads\/2024\/09\/strikes-3.mp4\">http:\/\/www.infokuryr.cz\/n\/wp-content\/uploads\/2024\/09\/strikes-3.mp4<\/a><\/video><\/div>\n<p>&nbsp;<\/p>\n<p>Izraelsk\u00e1 arm\u00e1da ozn\u00e1mila por\u00e1\u017eku t\u0159\u00ed set infrastrukturn\u00edch za\u0159\u00edzen\u00ed Hizball\u00e1hu v Libanonu. Mezi c\u00edle \u00fadajn\u011b pat\u0159ily raketomety, sklady v\u00fdzbroje a budovy pou\u017e\u00edvan\u00e9 ozbrojenci.<\/p>\n<p>&nbsp;<\/p>\n<div style=\"width: 640px;\" class=\"wp-video\"><video class=\"wp-video-shortcode\" id=\"video-62823-4\" width=\"640\" height=\"360\" preload=\"metadata\" controls=\"controls\"><source type=\"video\/mp4\" src=\"http:\/\/www.infokuryr.cz\/n\/wp-content\/uploads\/2024\/09\/IDF.mp4?_=4\" \/><a href=\"http:\/\/www.infokuryr.cz\/n\/wp-content\/uploads\/2024\/09\/IDF.mp4\">http:\/\/www.infokuryr.cz\/n\/wp-content\/uploads\/2024\/09\/IDF.mp4<\/a><\/video><\/div>\n<p>&nbsp;<\/p>\n<p>\u0160\u00e9f tiskov\u00e9 slu\u017eby izraelsk\u00e9ho ministerstva obrany vyzval Libanonce, aby opustili sv\u00e9 domovy na jihu zem\u011b. Ozbrojenci podle n\u011bj skladuj\u00ed zbran\u011b a ost\u0159eluj\u00ed izraelsk\u00e9 \u00fazem\u00ed z obytn\u00fdch \u010dtvrt\u00ed. Z\u00e1b\u011bry ukazuj\u00ed sekund\u00e1rn\u00ed detonaci v d\u016fsledku \u00fader\u016f na sklady:<\/p>\n<p>&nbsp;<\/p>\n<div style=\"width: 480px;\" class=\"wp-video\"><video class=\"wp-video-shortcode\" id=\"video-62823-5\" width=\"480\" height=\"848\" preload=\"metadata\" controls=\"controls\"><source type=\"video\/mp4\" src=\"http:\/\/www.infokuryr.cz\/n\/wp-content\/uploads\/2024\/09\/secondary.mp4?_=5\" \/><a href=\"http:\/\/www.infokuryr.cz\/n\/wp-content\/uploads\/2024\/09\/secondary.mp4\">http:\/\/www.infokuryr.cz\/n\/wp-content\/uploads\/2024\/09\/secondary.mp4<\/a><\/video><\/div>\n<p>&nbsp;<\/p>\n<p>Hizball\u00e1h reagoval vypu\u0161t\u011bn\u00edm des\u00edtek raket a kamikadze UAV na izraelsk\u00e9 \u00fazem\u00ed. Podle p\u0159edb\u011b\u017en\u00fdch zpr\u00e1v bylo zran\u011bno nejm\u00e9n\u011b p\u011bt Izraelc\u016f.<\/p>\n<p>&nbsp;<\/p>\n<div id=\"attachment_210747\" class=\"wp-caption aligncenter\" style=\"width: 605px;\">\n<p><a href=\"https:\/\/s5.cdnstatic.space\/wp-content\/uploads\/2024\/09\/23sep2024_Palestine_map-1.jpg\" target=\"_blank\" rel=\"noopener\"><img decoding=\"async\" loading=\"lazy\" class=\"wp-image-210747\" title=\"Zah\u00e1jen\u00ed druh\u00e9 fronty: Po\u010det mrtv\u00fdch z masivn\u00edch st\u00e1vek v ji\u017en\u00edm Libanonu stoup\u00e1\" src=\"https:\/\/s5.cdnstatic.space\/wp-content\/uploads\/2024\/09\/23sep2024_Palestine_map-1-341x300.jpg\" sizes=\"(max-width: 600px) 100vw, 600px\" srcset=\"https:\/\/s5.cdnstatic.space\/wp-content\/uploads\/2024\/09\/23sep2024_Palestine_map-1-341x300.jpg 341w, https:\/\/s5.cdnstatic.space\/wp-content\/uploads\/2024\/09\/23sep2024_Palestine_map-1-1024x902.jpg 1024w, https:\/\/s5.cdnstatic.space\/wp-content\/uploads\/2024\/09\/23sep2024_Palestine_map-1-768x677.jpg 768w, https:\/\/s5.cdnstatic.space\/wp-content\/uploads\/2024\/09\/23sep2024_Palestine_map-1-1536x1353.jpg 1536w, https:\/\/s5.cdnstatic.space\/wp-content\/uploads\/2024\/09\/23sep2024_Palestine_map-1.jpg 2048w\" alt=\"Zah\u00e1jen\u00ed druh\u00e9 fronty: Po\u010det mrtv\u00fdch z masivn\u00edch st\u00e1vek v ji\u017en\u00edm Libanonu stoup\u00e1\" width=\"605\" height=\"533\" aria-describedby=\"caption-attachment-210747\" \/><\/a><\/p>\n<p id=\"caption-attachment-210747\" class=\"wp-caption-text\">Kliknut\u00edm zobraz\u00edte obr\u00e1zek v pln\u00e9 velikosti<\/p>\n<\/div>\n<p><strong>Izrael otev\u00edr\u00e1 druhou frontu.<\/strong>\u00a0Pokra\u010duj\u00edc\u00ed nep\u0159\u00e1telstv\u00ed eskalovalo po s\u00e9rii teroristick\u00fdch \u00fatok\u016f v Libanonu. V d\u016fsledku\u00a0<a href=\"https:\/\/southfront.press\/handheld-radios-explode-across-lebanon-in-another-israeli-sabotage-attack-videos\/\">v\u00fdbuch\u016f<\/a>\u00a0pager\u016f a dal\u0161\u00edho za\u0159\u00edzen\u00ed bylo zabito a zran\u011bno n\u011bkolik tis\u00edc lid\u00ed. Hizball\u00e1h obvinil z \u00fatok\u016f Izrael. Izrael tak\u00e9 zah\u00e1jil\u00a0<a href=\"https:\/\/southfront.press\/hezbollah-top-commander-other-senior-members-killed-in-israeli-strike-on-beirut-videos\/\">n\u00e1let na libanonsk\u00e9 hlavn\u00ed m\u011bsto<\/a>\u00a0Bejr\u00fat, kter\u00fd podle \u017eidovsk\u00e9ho st\u00e1tu vedl ke smrti 16 vysoce postaven\u00fdch \u010dlen\u016f Hizball\u00e1hu. Hizball\u00e1h sl\u00edbil, \u017ee Izrael za \u00fatoky zaplat\u00ed.<\/p>\n<p>Izraelsk\u00fd premi\u00e9r Benjamin Netanjahu se sna\u017e\u00ed z\u016fstat u moci veden\u00edm mal\u00e9 v\u00edt\u011bzn\u00e9 v\u00e1lky. Izraelsk\u00e1 m\u00e9dia ozna\u010dila akce izraelsk\u00fdch jednotek proti Hizball\u00e1hu za za\u010d\u00e1tek t\u0159et\u00ed libanonsk\u00e9 v\u00e1lky, ale bez pozemn\u00ed invaze do Libanonu. Izraelsk\u00e9 ministerstvo obrany v\u0161ak deklarovalo p\u0159ipravenost p\u0159ekro\u010dit hranici. Severn\u00ed velen\u00ed IDF schv\u00e1lilo kone\u010dn\u00fd pl\u00e1n operace, nen\u00ed v\u0161ak hl\u00e1\u0161eno, zda se bude jednat o ofenz\u00edvu hluboko do Libanonu nebo pouze v pohrani\u010dn\u00edch oblastech.<\/p>\n<p>Masivn\u00ed leteck\u00e9 \u00fatoky \u010dasto signalizuj\u00ed nadch\u00e1zej\u00edc\u00ed pozemn\u00ed ofenz\u00edvu. Izrael m\u016f\u017ee skute\u010dn\u011b zah\u00e1jit novou pozemn\u00ed operaci ve snaze bojovat na dvou front\u00e1ch. Nedostate\u010dn\u00fd po\u010det IDF j\u00ed v\u0161ak nedovol\u00ed obsadit Libanon nebo dokonce p\u0159evz\u00edt a udr\u017eet si kontrolu nad v\u00fdznamn\u00fdmi \u00fazem\u00edmi. Pozemn\u00ed ofenz\u00edva na dob\u0159e opevn\u011bn\u00e9 libanonsk\u00e9 hranici nav\u00edc povede k nevyhnuteln\u00fdm izraelsk\u00fdm ztr\u00e1t\u00e1m. Pozemn\u00ed operace m\u016f\u017ee b\u00fdt sp\u00ed\u0161e pokusem dezorganizovat Hizball\u00e1h a omezit jeho schopnost v\u00e9st \u00fato\u010dn\u00e9 vojensk\u00e9 operace.<\/p>\n<p><strong>S nejv\u011bt\u0161\u00ed pravd\u011bpodobnost\u00ed nabere eskalace v bl\u00edzk\u00e9 budoucnosti na intenzit\u011b.<\/strong>\u00a0Bl\u00ed\u017e\u00ed se v\u00fdro\u010d\u00ed 7. \u0159\u00edjna. T\u00e9m\u011b\u0159 p\u0159ed rokem, po \u00fatoku Hamasu na Izrael, za\u010dalo bombardov\u00e1n\u00ed p\u00e1sma Gazy. IDF svou operaci proti Hamasu v p\u00e1smu Gazy je\u0161t\u011b nedokon\u010dily. Celkov\u00fd po\u010det ob\u011bt\u00ed v palestinsk\u00e9 enkl\u00e1v\u011b ji\u017e p\u0159es\u00e1hl 41 tis\u00edc lid\u00ed.<\/p>\n<p><img decoding=\"async\" loading=\"lazy\" class=\"alignnone size-full wp-image-1185\" src=\"http:\/\/www.infokuryr.cz\/n\/wp-content\/uploads\/2021\/04\/kuryr-podpis.png\" alt=\"\" width=\"84\" height=\"24\" \/><\/p>\n<p>&nbsp;<\/p>\n","protected":false},"excerpt":{"rendered":"<p>23. z\u00e1\u0159\u00ed zah\u00e1jila izraelsk\u00e1 arm\u00e1da vlny t\u011b\u017ek\u00fdch \u00fader\u016f v ji\u017en\u00edm Libanonu. Podle \u00fa\u0159aduj\u00edc\u00edho ministra zdravotnictv\u00ed&#8230;<\/p>\n","protected":false},"author":2,"featured_media":62767,"comment_status":"closed","ping_status":"closed","sticky":false,"template":"","format":"standard","meta":[],"categories":[7],"tags":[6772,405,3540,5135],"_links":{"self":[{"href":"https:\/\/www.infokuryr.cz\/n\/wp-json\/wp\/v2\/posts\/62823"}],"collection":[{"href":"https:\/\/www.infokuryr.cz\/n\/wp-json\/wp\/v2\/posts"}],"about":[{"href":"https:\/\/www.infokuryr.cz\/n\/wp-json\/wp\/v2\/types\/post"}],"author":[{"embeddable":true,"href":"https:\/\/www.infokuryr.cz\/n\/wp-json\/wp\/v2\/users\/2"}],"replies":[{"embeddable":true,"href":"https:\/\/www.infokuryr.cz\/n\/wp-json\/wp\/v2\/comments?post=62823"}],"version-history":[{"count":0,"href":"https:\/\/www.infokuryr.cz\/n\/wp-json\/wp\/v2\/posts\/62823\/revisions"}],"wp:featuredmedia":[{"embeddable":true,"href":"https:\/\/www.infokuryr.cz\/n\/wp-json\/wp\/v2\/media\/62767"}],"wp:attachment":[{"href":"https:\/\/www.infokuryr.cz\/n\/wp-json\/wp\/v2\/media?parent=62823"}],"wp:term":[{"taxonomy":"category","embeddable":true,"href":"https:\/\/www.infokuryr.cz\/n\/wp-json\/wp\/v2\/categories?post=62823"},{"taxonomy":"post_tag","embeddable":true,"href":"https:\/\/www.infokuryr.cz\/n\/wp-json\/wp\/v2\/tags?post=62823"}],"curies":[{"name":"wp","href":"https:\/\/api.w.org\/{rel}","templated":true}]}}