{"id":62804,"date":"2024-09-25T00:36:33","date_gmt":"2024-09-24T22:36:33","guid":{"rendered":"https:\/\/www.infokuryr.cz\/n\/?p=62804"},"modified":"2024-09-24T13:54:17","modified_gmt":"2024-09-24T11:54:17","slug":"bill-gates-u-soudu-v-nizozemsku-obeti-vakciny-zadaji-spravedlnost-za-skodu-kterou-utrpely","status":"publish","type":"post","link":"https:\/\/www.infokuryr.cz\/n\/2024\/09\/25\/bill-gates-u-soudu-v-nizozemsku-obeti-vakciny-zadaji-spravedlnost-za-skodu-kterou-utrpely\/","title":{"rendered":"Bill Gates u soudu v Nizozemsku: Ob\u011bti vakc\u00edny \u017e\u00e1daj\u00ed spravedlnost za \u0161kodu, kterou utrp\u011bly"},"content":{"rendered":"<div id=\"fb-root\"><\/div>\n<p><span>Ve st\u0159edu, minul\u00fd t\u00fdden, se u nizozemsk\u00e9ho soudu v Leeuwardenu konalo prozat\u00edmn\u00ed sly\u0161en\u00ed, kter\u00e9 Bill Gates zah\u00e1jil v reakci na hlavn\u00ed \u0159\u00edzen\u00ed zah\u00e1jen\u00e9 pr\u00e1vn\u00edky Arno van Kesselem a Peterem Stassenem jm\u00e9nem posti\u017een\u00fdch o\u010dkov\u00e1n\u00edm.<\/span><\/p>\n<p><span>V tomto p\u0159\u00edpad\u011b je Gates jedn\u00edm ze 17 ob\u017ealovan\u00fdch v projektu \u201eCOVID-19: The Great Reset\u201c. Sedm ob\u011bt\u00ed vakc\u00edny po\u017eaduje spravedlnost za \u0161kody, kter\u00e9 jim o\u010dkov\u00e1n\u00ed zp\u016fsobilo. Jeden z nich mezit\u00edm zem\u0159el.<\/span><\/p>\n<p><span>Gates se sna\u017e\u00ed vyhnout \u0159\u00edzen\u00ed, a proto po\u017e\u00e1dal o \u00fastn\u00ed vyj\u00e1d\u0159en\u00ed u soudu. Je zar\u00e1\u017eej\u00edc\u00ed, \u017ee nebyl p\u0159\u00edtomen jedn\u00e1n\u00ed, proto\u017ee se domn\u00edv\u00e1, \u017ee soud v Leeuwardenu nen\u00ed p\u0159\u00edslu\u0161n\u00fd. Zastupuje ho advok\u00e1t z advok\u00e1tn\u00ed kancel\u00e1\u0159e Pels Rijcken.<\/span><\/p>\n<p><span>Podle pr\u00e1vn\u00edk\u016f ob\u011bt\u00ed m\u00e1 nizozemsk\u00fd soud ve skute\u010dnosti pravomoc Gatese odsoudit. Odvol\u00e1vaj\u00ed se na \u010dl\u00e1nek 6 ob\u010dansk\u00e9ho soudn\u00edho \u0159\u00e1du, kter\u00fd \u0159\u00edk\u00e1: \u201eNizozemsk\u00fd soud m\u00e1 rovn\u011b\u017e pravomoc rozhodovat o \u017ealob\u00e1ch z deliktu, pokud ke \u0161kodn\u00e9 ud\u00e1losti do\u0161lo nebo m\u016f\u017ee doj\u00edt v Nizozemsku.<\/span><\/p>\n<p><span>Po \u00fastn\u00edm sly\u0161en\u00ed se\u00a0ve\u010der konala\u00a0<\/span><a href=\"https:\/\/odysee.com\/@devrijeomroep:6\/persconferentie-rechtoprecht-18-september-2024:4?src=embed\" target=\"_blank\" rel=\"noreferrer noopener\" data-type=\"link\" data-id=\"https:\/\/odysee.com\/@devrijeomroep:6\/persconferentie-rechtoprecht-18-september-2024:4?src=embed\"><span>tiskov\u00e1 konference , na kter\u00e9 mohl tisk kl\u00e1st ot\u00e1zky panu Van Kesselovi a panu Stassenovi.<\/span><\/a><\/p>\n<p><span>Erica Krikke ze Zebra Inspiratie\u00a0<\/span><a href=\"https:\/\/www.youtube.com\/watch?v=twTqmePTpnk\" target=\"_blank\" rel=\"noreferrer noopener\" data-type=\"link\" data-id=\"https:\/\/www.youtube.com\/watch?v=twTqmePTpnk\"><span>mluvila u soudu<\/span><\/a><span>\u00a0s b\u00fdval\u00fdm GP Berberem Pieksmou, kter\u00fd byl tak\u00e9 p\u0159\u00edtomen sly\u0161en\u00ed. &#8222;Pova\u017eoval jsem za nejhor\u0161\u00ed na cel\u00e9m p\u0159\u00edpadu to, \u017ee se odv\u00e1\u017eili ve sv\u00e9 odpov\u011bdi pochybovat o tom, \u017ee \u017ealobci byli o\u010dkov\u00e1ni,&#8220; \u0159ekl Pieksma. &#8222;To bylo opravdu z\u00e1ludn\u00e9.&#8220;<\/span><\/p>\n<p><span>Jedna ze \u017ealobky\u0148, 50let\u00e1 \u017eena, nebyla p\u0159ed o\u010dkov\u00e1n\u00edm proti koronaviru nikdy skute\u010dn\u011b nemocn\u00e1. Nyn\u00ed je velmi nemocn\u00e1. Cht\u011bla vyu\u017e\u00edt p\u0159\u00edle\u017eitosti a promluvit si o tom, co to s n\u00ed ud\u011blalo. &#8222;Byl to velmi emotivn\u00ed p\u0159\u00edb\u011bh,&#8220; \u0159ekl Krikke.<\/span><\/p>\n<p><span>Jej\u00ed pr\u00e1vn\u00edci \u0159ekli, \u017ee jej\u00ed p\u0159\u00edb\u011bh byl d\u016fle\u017eit\u00fd, aby uk\u00e1zal souvislost.<\/span><\/p>\n<p><span>Promluvila i za zesnul\u00e9ho \u017ealobce, kter\u00fd podstoupil stejn\u00fd injek\u010dn\u00ed z\u00e1krok, ale zem\u0159el o \u0161est m\u011bs\u00edc\u016f d\u0159\u00edve. &#8222;Z t\u011bch sedmi jich zbylo jen \u0161est.&#8220; T\u0159i byli p\u0159\u00edli\u0161 nemocn\u00ed, ne\u017e aby p\u0159i\u0161li, a t\u0159i byli p\u0159\u00edtomni.&#8220;<\/span><\/p>\n<p><span>B\u011bhem sly\u0161en\u00ed Gates\u016fv pr\u00e1vn\u00edk uvedl nejr\u016fzn\u011bj\u0161\u00ed argumenty, pro\u010d se domn\u00edval, \u017ee soudce nem\u00e1 pravomoc. Nakonec pr\u00e1vn\u00edk \u0159ekl: &#8222;Mo\u017en\u00e1 bychom m\u011bli jet do Amsterdamu nebo Haagu, abychom zjistili, zda m\u00e1 nizozemsk\u00fd soud pravomoc.&#8220;<\/span><\/p>\n<p><span>Opravdu cht\u011bj\u00ed, aby to \u0161lo do Arnhemu nebo Haagu, to jsou v\u0161echno soudy, kde u\u017e neexistuje judikatura,\u201c \u0159ekl Pieksma a dodal, \u017ee \u201ev\u0161ichni byli sou\u010d\u00e1st\u00ed kliky\u201c.<\/span><\/p>\n<p><span>\u201eBylo zvl\u00e1\u0161tn\u00ed, jak argumentoval t\u00edm, \u017ee by se ta v\u011bc m\u011bla vlastn\u011b dostat k jin\u00e9mu soudu,\u201c zd\u016fraznil b\u00fdval\u00fd praktick\u00fd l\u00e9ka\u0159.<\/span><\/p>\n<p><span>Soudce vynese rozsudek za n\u011bkolik t\u00fddn\u016f.<\/span><\/p>\n<p><img decoding=\"async\" loading=\"lazy\" class=\"alignnone size-full wp-image-1185\" src=\"http:\/\/www.infokuryr.cz\/n\/wp-content\/uploads\/2021\/04\/kuryr-podpis.png\" alt=\"\" width=\"84\" height=\"24\" \/><\/p>\n","protected":false},"excerpt":{"rendered":"<p>Ve st\u0159edu, minul\u00fd t\u00fdden, se u nizozemsk\u00e9ho soudu v Leeuwardenu konalo prozat\u00edmn\u00ed sly\u0161en\u00ed, kter\u00e9 Bill&#8230;<\/p>\n","protected":false},"author":2,"featured_media":2171,"comment_status":"closed","ping_status":"closed","sticky":false,"template":"","format":"standard","meta":[],"categories":[7],"tags":[511,781,324],"_links":{"self":[{"href":"https:\/\/www.infokuryr.cz\/n\/wp-json\/wp\/v2\/posts\/62804"}],"collection":[{"href":"https:\/\/www.infokuryr.cz\/n\/wp-json\/wp\/v2\/posts"}],"about":[{"href":"https:\/\/www.infokuryr.cz\/n\/wp-json\/wp\/v2\/types\/post"}],"author":[{"embeddable":true,"href":"https:\/\/www.infokuryr.cz\/n\/wp-json\/wp\/v2\/users\/2"}],"replies":[{"embeddable":true,"href":"https:\/\/www.infokuryr.cz\/n\/wp-json\/wp\/v2\/comments?post=62804"}],"version-history":[{"count":0,"href":"https:\/\/www.infokuryr.cz\/n\/wp-json\/wp\/v2\/posts\/62804\/revisions"}],"wp:featuredmedia":[{"embeddable":true,"href":"https:\/\/www.infokuryr.cz\/n\/wp-json\/wp\/v2\/media\/2171"}],"wp:attachment":[{"href":"https:\/\/www.infokuryr.cz\/n\/wp-json\/wp\/v2\/media?parent=62804"}],"wp:term":[{"taxonomy":"category","embeddable":true,"href":"https:\/\/www.infokuryr.cz\/n\/wp-json\/wp\/v2\/categories?post=62804"},{"taxonomy":"post_tag","embeddable":true,"href":"https:\/\/www.infokuryr.cz\/n\/wp-json\/wp\/v2\/tags?post=62804"}],"curies":[{"name":"wp","href":"https:\/\/api.w.org\/{rel}","templated":true}]}}